{"id":104773,"date":"2023-12-20T10:36:24","date_gmt":"2023-12-20T13:36:24","guid":{"rendered":"https:\/\/cdnoticias.com\/?p=104773"},"modified":"2023-12-20T10:36:26","modified_gmt":"2023-12-20T13:36:26","slug":"feria-de-la-minga-en-la-plaza-central-desde-este-miercoles","status":"publish","type":"post","link":"https:\/\/cdnoticias.com\/index.php\/2023\/12\/20\/feria-de-la-minga-en-la-plaza-central-desde-este-miercoles\/","title":{"rendered":"Feria de La Minga en la plaza central desde este mi\u00e9rcoles"},"content":{"rendered":"<p>Hasta el 24 de diciembre los feriantes expondr\u00e1n sobre calle Vicente L\u00f3pez de 9 a 21. La propuesta busca \u201cfomentar el compre local, el precio justo y el consumo responsable\u201d.<!--more--><\/p>\n<hr \/>\n<p><strong>Desde este mi\u00e9rcoles habr\u00e1 feria en la plaza del centro de Olavarr\u00eda impulsada por La Minga, Entidad de Bien P\u00fablico<\/strong> que nuclea a emprendedoras y emprendedores de nuestra localidad. Se presentar\u00e1<strong> sobre calle Vicente L\u00f3pez.<\/strong><\/p>\n<blockquote><p>\u201cEste a\u00f1o se cumplen los 12 a\u00f1os consecutivos de feriar en dicho espacio, siendo una fecha muy significativa para toda la organizaci\u00f3n\u201d destac\u00f3 la organizaci\u00f3n.<\/p><\/blockquote>\n<p>Emprendedores sociales, artesanos y manualitas tendr\u00e1n la oportunidad de exponer y comercializar sus productos o servicios.<\/p>\n<p>La propuesta se mantendr\u00e1 <strong>hasta el 24 de diciembre<\/strong> en el horario <strong>de 9 a 21.<\/strong><\/p>\n<p>\u201cDifundir los valores inherentes al Emprededorismo y a la Econom\u00eda Social y Solidaria, promover espacios de venta, fortalecer experiencias territoriales, capacitar e impulsar nuevos proyectos, son los objetivos centrales de La Minga\u201d se indic\u00f3.<\/p>\n<blockquote><p>Se destac\u00f3 que \u201cla centralidad de las ferias radica en fomentar el compre local, el precio justo y el consumo responsable. Como hemos expresado en otras oportunidades, al comprar un producto hecho por manos olavarrienses hacemos algo m\u00e1s que consumir: estamos ayudando a consolidar una econom\u00eda que nos incluye a todos, y fortalecemos el desarrollo econ\u00f3mico local de nuestra comunidad\u201d.<\/p><\/blockquote>\n<p>En la actualidad la organizaci\u00f3n acompa\u00f1a a<strong> m\u00e1s de 200 experiencias en ejecuci\u00f3n del ecosistema emprendedor.<\/strong><\/p>\n<p>La elecci\u00f3n de la plaza del centro se fundamenta en que \u201ces un espacio sentido, elegido y estrat\u00e9gicamente fortalecido para la venta de nuestros productos y servicios. Se trata de espacios de comercializaci\u00f3n en los que emprendedores de la econom\u00eda social ofrecen sus art\u00edculos, los que representan la cultura, la historia, los valores y los saberes con el sello del lugar al que pertenecen\u201d indic\u00f3 La Minga.<\/p>\n<p>Habr\u00e1 artesan\u00edas, incluyendo productos textiles, accesorios, marroquiner\u00eda, equipos de mate, art\u00edculos de librer\u00eda, art\u00edculos para mascotas, carpinter\u00eda, alimentos, bijouterie, plantas y plantones, juguetes para ni\u00f1es, entre otros.<\/p>\n","protected":false},"excerpt":{"rendered":"<p>Hasta el 24 de diciembre los feriantes expondr\u00e1n sobre calle Vicente L\u00f3pez de 9 a 21. La propuesta busca \u201cfomentar<\/p>\n","protected":false},"author":4,"featured_media":73242,"comment_status":"closed","ping_status":"closed","sticky":false,"template":"","format":"standard","meta":{"_jetpack_memberships_contains_paid_content":false,"footnotes":""},"categories":[9,1],"tags":[],"class_list":["post-104773","post","type-post","status-publish","format-standard","has-post-thumbnail","hentry","category-cultura","category-portada"],"jetpack_featured_media_url":"https:\/\/i0.wp.com\/cdnoticias.com\/wp-content\/uploads\/2022\/12\/minga-10.jpg?fit=1600%2C890&ssl=1","jetpack_sharing_enabled":true,"_links":{"self":[{"href":"https:\/\/cdnoticias.com\/index.php\/wp-json\/wp\/v2\/posts\/104773","targetHints":{"allow":["GET"]}}],"collection":[{"href":"https:\/\/cdnoticias.com\/index.php\/wp-json\/wp\/v2\/posts"}],"about":[{"href":"https:\/\/cdnoticias.com\/index.php\/wp-json\/wp\/v2\/types\/post"}],"author":[{"embeddable":true,"href":"https:\/\/cdnoticias.com\/index.php\/wp-json\/wp\/v2\/users\/4"}],"replies":[{"embeddable":true,"href":"https:\/\/cdnoticias.com\/index.php\/wp-json\/wp\/v2\/comments?post=104773"}],"version-history":[{"count":0,"href":"https:\/\/cdnoticias.com\/index.php\/wp-json\/wp\/v2\/posts\/104773\/revisions"}],"wp:featuredmedia":[{"embeddable":true,"href":"https:\/\/cdnoticias.com\/index.php\/wp-json\/wp\/v2\/media\/73242"}],"wp:attachment":[{"href":"https:\/\/cdnoticias.com\/index.php\/wp-json\/wp\/v2\/media?parent=104773"}],"wp:term":[{"taxonomy":"category","embeddable":true,"href":"https:\/\/cdnoticias.com\/index.php\/wp-json\/wp\/v2\/categories?post=104773"},{"taxonomy":"post_tag","embeddable":true,"href":"https:\/\/cdnoticias.com\/index.php\/wp-json\/wp\/v2\/tags?post=104773"}],"curies":[{"name":"wp","href":"https:\/\/api.w.org\/{rel}","templated":true}]}}