{"id":104771,"date":"2023-12-21T08:36:36","date_gmt":"2023-12-21T11:36:36","guid":{"rendered":"https:\/\/cdnoticias.com\/?p=104771"},"modified":"2023-12-21T08:41:30","modified_gmt":"2023-12-21T11:41:30","slug":"por-el-temporal-arba-amplia-vencimientos-a-contribuyentes-de-ingresos-brutos","status":"publish","type":"post","link":"https:\/\/cdnoticias.com\/index.php\/2023\/12\/21\/por-el-temporal-arba-amplia-vencimientos-a-contribuyentes-de-ingresos-brutos\/","title":{"rendered":"Por el temporal, ARBA ampl\u00eda vencimientos a contribuyentes de Ingresos Brutos"},"content":{"rendered":"<p>Se modific\u00f3 este mi\u00e9rcoles el calendario de vencimientos para los contribuyentes locales. El plazo de pago se extendi\u00f3 al viernes.<!--more--><\/p>\n<hr \/>\n<p>La <strong>Agencia de Recaudaci\u00f3n bonaerense (ARBA)<\/strong> modific\u00f3 este mi\u00e9rcoles el <strong>calendario de vencimientos para los contribuyentes locales del Impuesto a los Ingresos Brutos<\/strong> inscriptos en el R\u00e9gimen General, <strong>por el temporal<\/strong> que se registr\u00f3 durante el \u00faltimo fin de semana.<\/p>\n<blockquote><p>\u201cModificar el calendario de vencimientos previsto en el Anexo IV de la Resoluci\u00f3n Normativa N\u00ba 31\/2022 y considerar presentadas y abonadas en t\u00e9rmino hasta el d\u00eda 22 de diciembre de 2023, inclusive, las declaraciones juradas correspondientes al anticipo mensual 11\/2023 del Impuesto sobre los Ingresos Brutos de los contribuyentes cuyas CUIT terminen en 0, 1, 2 y 3\u201d, se indic\u00f3 en la resoluci\u00f3n publicada en el Bolet\u00edn Oficial bonaerense.<\/p><\/blockquote>\n<blockquote class=\"twitter-tweet\">\n<p dir=\"ltr\" lang=\"es\">\u26a0\ufe0f Extendimos vencimientos de <a href=\"https:\/\/twitter.com\/hashtag\/IIBB?src=hash&amp;ref_src=twsrc%5Etfw\">#IIBB<\/a> hasta el 22\/12.<\/p>\n<p>\u25b6\ufe0f Incluye presentaciones que venc\u00edan el 18, 19, 20 y 21\/12.<\/p>\n<p>\u2139\ufe0f Es parte de las medidas adoptadas por el gobierno de <a href=\"https:\/\/twitter.com\/Kicillofok?ref_src=twsrc%5Etfw\">@Kicillofok<\/a>, para paliar las consecuencias del reciente temporal que afect\u00f3 varias localidades de la <a href=\"https:\/\/twitter.com\/hashtag\/PBA?src=hash&amp;ref_src=twsrc%5Etfw\">#PBA<\/a>. <a href=\"https:\/\/t.co\/OMSs8Lx4rA\">pic.twitter.com\/OMSs8Lx4rA<\/a><\/p>\n<p>\u2014 ARBA (@arba) <a href=\"https:\/\/twitter.com\/arba\/status\/1737435114278142121?ref_src=twsrc%5Etfw\">December 20, 2023<\/a><\/p><\/blockquote>\n<p><script async src=\"https:\/\/platform.twitter.com\/widgets.js\" charset=\"utf-8\"><\/script><\/p>\n<p>La medida, que lleva la firma del director ejecutivo de ARBA, Cristian Girard, se adopt\u00f3 en el marco de la asistencia dispuesta por el gobernador Axel Kicillof para <strong>mitigar las consecuencias del temporal que afect\u00f3 a m\u00e1s de 46 municipios de la provincia<\/strong>.<\/p>\n<p>El<strong> fen\u00f3meno climatol\u00f3gico del fin de semana incluy\u00f3 fuertes tormentas con intensas precipitaciones y r\u00e1fagas de viento<\/strong>, y produjo anegamientos y da\u00f1os materiales de extrema gravedad, impidiendo el normal desplazamiento de la poblaci\u00f3n y el acceso a servicios esenciales.<\/p>\n","protected":false},"excerpt":{"rendered":"<p>Se modific\u00f3 este mi\u00e9rcoles el calendario de vencimientos para los contribuyentes locales. El plazo de pago se extendi\u00f3 al viernes.<\/p>\n","protected":false},"author":4,"featured_media":104828,"comment_status":"closed","ping_status":"closed","sticky":false,"template":"","format":"standard","meta":{"_jetpack_memberships_contains_paid_content":false,"footnotes":""},"categories":[6,1],"tags":[],"class_list":["post-104771","post","type-post","status-publish","format-standard","has-post-thumbnail","hentry","category-nacionales","category-portada"],"jetpack_featured_media_url":"https:\/\/i0.wp.com\/cdnoticias.com\/wp-content\/uploads\/2023\/12\/dib-arba-impuestos-696x465-1.jpg?fit=696%2C465&ssl=1","jetpack_sharing_enabled":true,"_links":{"self":[{"href":"https:\/\/cdnoticias.com\/index.php\/wp-json\/wp\/v2\/posts\/104771","targetHints":{"allow":["GET"]}}],"collection":[{"href":"https:\/\/cdnoticias.com\/index.php\/wp-json\/wp\/v2\/posts"}],"about":[{"href":"https:\/\/cdnoticias.com\/index.php\/wp-json\/wp\/v2\/types\/post"}],"author":[{"embeddable":true,"href":"https:\/\/cdnoticias.com\/index.php\/wp-json\/wp\/v2\/users\/4"}],"replies":[{"embeddable":true,"href":"https:\/\/cdnoticias.com\/index.php\/wp-json\/wp\/v2\/comments?post=104771"}],"version-history":[{"count":0,"href":"https:\/\/cdnoticias.com\/index.php\/wp-json\/wp\/v2\/posts\/104771\/revisions"}],"wp:featuredmedia":[{"embeddable":true,"href":"https:\/\/cdnoticias.com\/index.php\/wp-json\/wp\/v2\/media\/104828"}],"wp:attachment":[{"href":"https:\/\/cdnoticias.com\/index.php\/wp-json\/wp\/v2\/media?parent=104771"}],"wp:term":[{"taxonomy":"category","embeddable":true,"href":"https:\/\/cdnoticias.com\/index.php\/wp-json\/wp\/v2\/categories?post=104771"},{"taxonomy":"post_tag","embeddable":true,"href":"https:\/\/cdnoticias.com\/index.php\/wp-json\/wp\/v2\/tags?post=104771"}],"curies":[{"name":"wp","href":"https:\/\/api.w.org\/{rel}","templated":true}]}}