{"id":104769,"date":"2023-12-20T10:00:45","date_gmt":"2023-12-20T13:00:45","guid":{"rendered":"https:\/\/cdnoticias.com\/?p=104769"},"modified":"2023-12-20T10:00:47","modified_gmt":"2023-12-20T13:00:47","slug":"gas-llaman-a-audiencia-publica-para-quitar-subsidios-y-actualizar-los-precios","status":"publish","type":"post","link":"https:\/\/cdnoticias.com\/index.php\/2023\/12\/20\/gas-llaman-a-audiencia-publica-para-quitar-subsidios-y-actualizar-los-precios\/","title":{"rendered":"Gas: llaman a audiencia p\u00fablica para quitar subsidios y actualizar los precios"},"content":{"rendered":"<p>Ser\u00e1 el pr\u00f3ximo 8 de enero y est\u00e1 incluida la prestadora Camuzzi. La idea del Ejecutivo es que las facturas con incremento est\u00e9n en febrero o a m\u00e1s tardar marzo.<!--more--><\/p>\n<hr \/>\n<p>El <strong>Ente Nacional Regulador del Gas (Enargas)<\/strong> formaliz\u00f3 la <strong>convocatoria para el 8 de enero a una Audiencia P\u00fablica<\/strong> en la que se abordar\u00e1 la <strong>actualizaci\u00f3n de las tarifas de transporte y distribuci\u00f3n, el traslado de subsidios al precio de gas y el dise\u00f1o de un nuevo sistema de actualizaci\u00f3n mensual<\/strong>.<\/p>\n<p>La medida se oficializ\u00f3 mediante la resoluci\u00f3n 704\/2023 publicada la semana pasada en un suplemento especial del Bolet\u00edn Oficial, en l\u00ednea con la <strong>decisi\u00f3n del Gobierno de reducir los subsidios a los servicios energ\u00e9ticos<\/strong> y determinar un esquema de actualizaci\u00f3n tarifaria.<\/p>\n<blockquote><p>La convocatoria incluy\u00f3 a 12 empresas transportadoras y distribuidoras de gas, entre ellas Camuzzi Gas Pampeana, concesionaria del servicio en Olavarr\u00eda.<\/p><\/blockquote>\n<p>El objetivo del Gobierno es ganar tiempo y realizar la audiencia con celeridad, ya que luego hay un proceso administrativo que demora al algo m\u00e1s de un mes y los entes reguladores deben elaborar un informe. Si bien<strong> la intenci\u00f3n del Ejecutivo era implementar la quita de subsidios desde enero, va a llevar alg\u00fan tiempo m\u00e1s hacerlo<\/strong>. Si se llega, las facturas podr\u00edan estar con aumentos en febrero, aunque lo m\u00e1s probable es que sean las de marzo.<\/p>\n<p>Los<strong> temas a tratarse en el encuentro que se realizar\u00e1 el 8 de enero, a las 9 de manera virtual<\/strong>, son:<\/p>\n<ul>\n<li>Adecuaci\u00f3n transitoria de las tarifas del servicio p\u00fablico de transporte de gas natural.<\/li>\n<li>Adecuaci\u00f3n transitoria de las tarifas del servicio p\u00fablico de distribuci\u00f3n de gas por redes.<\/li>\n<li>Traslado a tarifas del precio de gas comprado en los t\u00e9rminos del Numeral 9.4.2. de las Reglas B\u00e1sicas de la Licencia de Distribuci\u00f3n.<\/li>\n<li>Determinaci\u00f3n de un \u00edndice de actualizaci\u00f3n mensual para las tarifas del servicio p\u00fablico de transporte de gas natural y del servicio p\u00fablico de distribuci\u00f3n de gas por redes.<\/li>\n<li>Tratamiento de la incidencia del costo del flete y\/o transporte de Gas Licuado de Petr\u00f3leo (GLP) respecto de las localidades abastecidas con gas propano\/butano indiluido por redes.<\/li>\n<li>Tratamiento de la incidencia del precio del gas en el costo del gas natural no contabilizado (GNNC).<\/li>\n<li>Reversi\u00f3n del Gasoducto Norte \u2013 criterios de tarificaci\u00f3n y asignaci\u00f3n de capacidad.<\/li>\n<\/ul>\n<p>La decisi\u00f3n busca <strong>atacar uno de los focos que explicaron el d\u00e9ficit p\u00fablico durante los \u00faltimos a\u00f1os<\/strong>, cuyo impacto en las cuentas del Tesoro durante el Gobierno de Alberto Fern\u00e1ndez se intent\u00f3 morigerar con la implementaci\u00f3n de una segmentaci\u00f3n de acuerdo con el nivel de ingresos de los usuarios.<\/p>\n<blockquote><p>\u201cEl recorte de subsidios son 2 puntos del PBI, m\u00e1s o menos el 40% del d\u00e9ficit. No se puede decir en energ\u00eda c\u00f3mo va a terminar la tarifa porque vamos a un esquema diferente, con un esquema de optimizaci\u00f3n de las empresas. Se va a subsidiar la demanda. En vez de dar a las empresas se va a ayudar al que menos tiene\u201d, afirm\u00f3 ministro de Econom\u00eda, Luis Caputo.<\/p><\/blockquote>\n<p>La convocatoria contempla a las <strong>empresas distribuidoras<\/strong> Gas del Sur, Camuzzi Gas del Sur, GasNor, Gas Cuyana, Gas del Centro, Litoral Gas, Camuzzi Gas Pampeana, Metrogas, Naturgy Ban, GasNea, y las transportadoras Gas del Sur o TGS y Gas del Norte o TGN.<\/p>\n<p>Fuente: <em>Agencia DIB<\/em><\/p>\n<blockquote class=\"wp-embedded-content\" data-secret=\"aGY0Apase3\"><p><a href=\"https:\/\/cdnoticias.com\/index.php\/2023\/12\/18\/el-gobierno-decreto-la-emergencia-energetica-revision-de-tarifas-e-intervencion-de-entes-reguladores\/\">El Gobierno decret\u00f3 la emergencia energ\u00e9tica: revisi\u00f3n de tarifas e intervenci\u00f3n de entes reguladores<\/a><\/p><\/blockquote>\n<p><iframe loading=\"lazy\" class=\"wp-embedded-content\" sandbox=\"allow-scripts\" security=\"restricted\" style=\"position: absolute; clip: rect(1px, 1px, 1px, 1px);\" title=\"&#8220;El Gobierno decret\u00f3 la emergencia energ\u00e9tica: revisi\u00f3n de tarifas e intervenci\u00f3n de entes reguladores&#8221; &#8212; Central de Noticias | Olavarr\u00eda\" src=\"https:\/\/cdnoticias.com\/index.php\/2023\/12\/18\/el-gobierno-decreto-la-emergencia-energetica-revision-de-tarifas-e-intervencion-de-entes-reguladores\/embed\/#?secret=CPgqsJuVfg#?secret=aGY0Apase3\" data-secret=\"aGY0Apase3\" width=\"600\" height=\"338\" frameborder=\"0\" marginwidth=\"0\" marginheight=\"0\" scrolling=\"no\"><\/iframe><\/p>\n","protected":false},"excerpt":{"rendered":"<p>Ser\u00e1 el pr\u00f3ximo 8 de enero y est\u00e1 incluida la prestadora Camuzzi. La idea del Ejecutivo es que las facturas<\/p>\n","protected":false},"author":4,"featured_media":47716,"comment_status":"closed","ping_status":"closed","sticky":false,"template":"","format":"standard","meta":{"_jetpack_memberships_contains_paid_content":false,"footnotes":""},"categories":[6,1],"tags":[],"class_list":["post-104769","post","type-post","status-publish","format-standard","has-post-thumbnail","hentry","category-nacionales","category-portada"],"jetpack_featured_media_url":"https:\/\/i0.wp.com\/cdnoticias.com\/wp-content\/uploads\/2022\/03\/gas-hornalla-696x466-1.jpg?fit=696%2C466&ssl=1","jetpack_sharing_enabled":true,"_links":{"self":[{"href":"https:\/\/cdnoticias.com\/index.php\/wp-json\/wp\/v2\/posts\/104769","targetHints":{"allow":["GET"]}}],"collection":[{"href":"https:\/\/cdnoticias.com\/index.php\/wp-json\/wp\/v2\/posts"}],"about":[{"href":"https:\/\/cdnoticias.com\/index.php\/wp-json\/wp\/v2\/types\/post"}],"author":[{"embeddable":true,"href":"https:\/\/cdnoticias.com\/index.php\/wp-json\/wp\/v2\/users\/4"}],"replies":[{"embeddable":true,"href":"https:\/\/cdnoticias.com\/index.php\/wp-json\/wp\/v2\/comments?post=104769"}],"version-history":[{"count":0,"href":"https:\/\/cdnoticias.com\/index.php\/wp-json\/wp\/v2\/posts\/104769\/revisions"}],"wp:featuredmedia":[{"embeddable":true,"href":"https:\/\/cdnoticias.com\/index.php\/wp-json\/wp\/v2\/media\/47716"}],"wp:attachment":[{"href":"https:\/\/cdnoticias.com\/index.php\/wp-json\/wp\/v2\/media?parent=104769"}],"wp:term":[{"taxonomy":"category","embeddable":true,"href":"https:\/\/cdnoticias.com\/index.php\/wp-json\/wp\/v2\/categories?post=104769"},{"taxonomy":"post_tag","embeddable":true,"href":"https:\/\/cdnoticias.com\/index.php\/wp-json\/wp\/v2\/tags?post=104769"}],"curies":[{"name":"wp","href":"https:\/\/api.w.org\/{rel}","templated":true}]}}