{"id":104761,"date":"2023-12-20T08:00:54","date_gmt":"2023-12-20T11:00:54","guid":{"rendered":"https:\/\/cdnoticias.com\/?p=104761"},"modified":"2023-12-20T08:01:23","modified_gmt":"2023-12-20T11:01:23","slug":"hugo-abel-ortiz-q-e-p-d","status":"publish","type":"post","link":"https:\/\/cdnoticias.com\/index.php\/2023\/12\/20\/hugo-abel-ortiz-q-e-p-d\/","title":{"rendered":"Hugo Abel Ortiz (Q.E.P.D.)"},"content":{"rendered":"<p>Falleci\u00f3 en Olavarr\u00eda el d\u00eda 19 de diciembre de 2023 a los 90 a\u00f1os de edad. <\/p>\n<p>Su esposa: Isabel Valentina Palomeque. Sus hijas: M\u00f3nica, Lita, Mar\u00eda y Lorena. Sus hijos pol\u00edticos: \u00c1ngel, Fito, Carlos y Germ\u00e1n. Sus nietos: Valeria, Evangelina, Alexis, Guadalupe, Juan Cruz, Martina e Ignacio. Sus bisnietos: Valentina, Isaias, Josefina, Le\u00f3n, Alma, Nahiara, Fiorella y Helena. Sus hijos del coraz\u00f3n, nietos pol\u00edticos, nietos del coraz\u00f3n y dem\u00e1s deudos participan su fallecimiento. <\/p>\n<p>Velatorio: Espa\u00f1a 2942 departamento \u201cC\u201c. Cierra 0 hs, reabre 7 hs. Responso:  Capilla Ardiente. Inhumaci\u00f3n:  Loma de Paz, mi\u00e9rcoles 20 de diciembre a las 13:30 hs. Servicio adherido a Coopelectric.<\/p>\n<p>Barrio en el que viv\u00eda:  Hip\u00f3lito Yrigoyen.<br \/>\nLugar de nacimiento:  Dolores.<br \/>\nActividad que desarrollaba:  Jubilado.<\/p>\n","protected":false},"excerpt":{"rendered":"<p>Falleci\u00f3 en Olavarr\u00eda el d\u00eda 19 de diciembre de 2023 a los 90 a\u00f1os de edad. Su esposa: Isabel Valentina<\/p>\n","protected":false},"author":4,"featured_media":51544,"comment_status":"closed","ping_status":"closed","sticky":false,"template":"","format":"standard","meta":{"_jetpack_memberships_contains_paid_content":false,"footnotes":""},"categories":[10],"tags":[],"class_list":["post-104761","post","type-post","status-publish","format-standard","has-post-thumbnail","hentry","category-necrologicas"],"jetpack_featured_media_url":"https:\/\/i0.wp.com\/cdnoticias.com\/wp-content\/uploads\/2022\/04\/necrologicas-390-x-240.jpg?fit=390%2C240&ssl=1","jetpack_sharing_enabled":true,"_links":{"self":[{"href":"https:\/\/cdnoticias.com\/index.php\/wp-json\/wp\/v2\/posts\/104761","targetHints":{"allow":["GET"]}}],"collection":[{"href":"https:\/\/cdnoticias.com\/index.php\/wp-json\/wp\/v2\/posts"}],"about":[{"href":"https:\/\/cdnoticias.com\/index.php\/wp-json\/wp\/v2\/types\/post"}],"author":[{"embeddable":true,"href":"https:\/\/cdnoticias.com\/index.php\/wp-json\/wp\/v2\/users\/4"}],"replies":[{"embeddable":true,"href":"https:\/\/cdnoticias.com\/index.php\/wp-json\/wp\/v2\/comments?post=104761"}],"version-history":[{"count":0,"href":"https:\/\/cdnoticias.com\/index.php\/wp-json\/wp\/v2\/posts\/104761\/revisions"}],"wp:featuredmedia":[{"embeddable":true,"href":"https:\/\/cdnoticias.com\/index.php\/wp-json\/wp\/v2\/media\/51544"}],"wp:attachment":[{"href":"https:\/\/cdnoticias.com\/index.php\/wp-json\/wp\/v2\/media?parent=104761"}],"wp:term":[{"taxonomy":"category","embeddable":true,"href":"https:\/\/cdnoticias.com\/index.php\/wp-json\/wp\/v2\/categories?post=104761"},{"taxonomy":"post_tag","embeddable":true,"href":"https:\/\/cdnoticias.com\/index.php\/wp-json\/wp\/v2\/tags?post=104761"}],"curies":[{"name":"wp","href":"https:\/\/api.w.org\/{rel}","templated":true}]}}