{"id":104741,"date":"2023-12-20T09:13:31","date_gmt":"2023-12-20T12:13:31","guid":{"rendered":"https:\/\/cdnoticias.com\/?p=104741"},"modified":"2023-12-20T13:25:34","modified_gmt":"2023-12-20T16:25:34","slug":"obra-publica-en-olavarria-posibles-escenarios-ante-la-desinversion-nacional","status":"publish","type":"post","link":"https:\/\/cdnoticias.com\/index.php\/2023\/12\/20\/obra-publica-en-olavarria-posibles-escenarios-ante-la-desinversion-nacional\/","title":{"rendered":"Obra P\u00fablica en Olavarr\u00eda: posibles escenarios ante la desinversi\u00f3n nacional"},"content":{"rendered":"\n<p>Las primeras medidas del nuevo Ministro de Econom\u00eda definieron que el Estado nacional no licitar\u00e1 obra p\u00fablica nueva en el gobierno de Milei. Previamente el presidente hab\u00eda anticipado que la \u201cbajar\u00eda a cero\u201d. C\u00f3mo afectar\u00e1 a la producci\u00f3n y econom\u00eda de la ciudad cementera. Las visiones y expectativas de empresarios, sindicatos e instituciones locales.<\/p>\n\n\n\n<hr class=\"wp-block-separator aligncenter has-alpha-channel-opacity\"\/>\n\n\n\n<p>Luego de su asunci\u00f3n, el presidente electo <strong>Javier Milei<\/strong> anticip\u00f3 que impulsar\u00eda una pol\u00edtica de ajuste en su gobierno. Bajo la consigna <em>\u201cNo hay plata\u201d<\/em> uno de los \u00edtems que prometi\u00f3 para contrarrestar el d\u00e9ficit es <strong>reducir toda la inversi\u00f3n de obra p\u00fablica a cero<\/strong>. D\u00edas despu\u00e9s, las medidas del nuevo Ministro de Econom\u00eda <strong>Luis Caputo<\/strong> lo confirmaron.<\/p>\n\n\n\n<p>Desde la cartera se inform\u00f3 mediante un comunicado grabado que el <strong>Estado Nacional no licitar\u00e1 nueva obra p\u00fablica durante el gobierno de Milei<\/strong>. Y que, adem\u00e1s, se ver\u00e1 afectado el Presupuesto de las Provincias y Municipios para los trabajos en infraestructura que actualmente se encuentran en desarrollo.<\/p>\n\n\n\n<p>Desde diversos sectores de la sociedad se pronunciaron sobre la medida. En Olavarr\u00eda, \u201cla ciudad del cemento\u201d, <strong>Central de Noticias<\/strong> consult\u00f3 a los actores que representan diversos sectores que podr\u00edan verse directamente perjudicados con la pol\u00edtica.<\/p>\n\n\n\n<p><strong>Bruno D\u00b4Amico, tesorero de AOMA,<\/strong> afirm\u00f3 que en promedio <strong>m\u00e1s del 50 % de lo que se produce en los yacimientos mineros (caleras, canteras y cementeras) va destinado a la obra p\u00fablica<\/strong>. En di\u00e1logo con Central de Noticias, el referente del sindicato adem\u00e1s agreg\u00f3 que mucho del material de construcci\u00f3n que abastece las obras a lo largo del pa\u00eds se produce en Olavarr\u00eda.<\/p>\n\n\n\n<figure class=\"wp-block-image aligncenter size-large is-resized\"><img data-recalc-dims=\"1\" loading=\"lazy\" decoding=\"async\" width=\"800\" height=\"541\" src=\"https:\/\/i0.wp.com\/cdnoticias.com\/wp-content\/uploads\/2020\/11\/damico02-1.jpg?resize=800%2C541&#038;ssl=1\" alt=\"\" class=\"wp-image-7070\" style=\"width:783px;height:auto\" srcset=\"https:\/\/i0.wp.com\/cdnoticias.com\/wp-content\/uploads\/2020\/11\/damico02-1.jpg?resize=1024%2C693&amp;ssl=1 1024w, https:\/\/i0.wp.com\/cdnoticias.com\/wp-content\/uploads\/2020\/11\/damico02-1.jpg?resize=300%2C203&amp;ssl=1 300w, https:\/\/i0.wp.com\/cdnoticias.com\/wp-content\/uploads\/2020\/11\/damico02-1.jpg?resize=768%2C520&amp;ssl=1 768w, https:\/\/i0.wp.com\/cdnoticias.com\/wp-content\/uploads\/2020\/11\/damico02-1.jpg?w=1524&amp;ssl=1 1524w\" sizes=\"auto, (max-width: 800px) 100vw, 800px\" \/><\/figure>\n\n\n\n<p>D\u00b4Amico mencion\u00f3 que la medida perjudica a la econom\u00eda en general porque<em> \u201cun recorte en el sector p\u00fablico afecta directa o indirectamente en el sector privado tambi\u00e9n\u201d<\/em>.<\/p>\n\n\n\n<blockquote class=\"wp-block-quote is-layout-flow wp-block-quote-is-layout-flow\">\n<p>\u201cHoy lo que se dice es en contra de nuestra actividad<strong>. <\/strong>La productividad de Olavarr\u00eda est\u00e1 marcada por las cementeras, las caleras y las canteras, adem\u00e1s del campo. Si habr\u00e1 menos plata para obra p\u00fablica se va a vender menos piedra, menos cemento y nosotros lo vamos a ver reflejado en nuestro salario, entonces vamos a tener menos salario para comprar en el sector privado. La obra p\u00fablica es el dinamizador de la econom\u00eda. Y si se para, la miner\u00eda va a andar muy mal porque es el que la provee de materiales\u201d asegur\u00f3.<\/p>\n<\/blockquote>\n\n\n\n<p>El tesorero de la seccional olavarriense de AOMA explic\u00f3 que parte del salario de un minero surge del \u201cpremio a la producci\u00f3n\u201d incentivo econ\u00f3mico que depende de la cantidad de material que se vende mensualmente. Seg\u00fan D\u00b4Amico <strong>ronda entre 70 y 80 millones de pesos en total y significa un 30 % aproximado del salario<\/strong>.<\/p>\n\n\n\n<p>Tambi\u00e9n el factor de la producci\u00f3n impacta en la recaudaci\u00f3n por la al\u00edcuota por explotaci\u00f3n de canteras, m\u00e1s conocido como<strong> Impuesto a la Piedra<\/strong>. Que la miner\u00eda produzca menos implica <strong>menos ingresos para el Estado Municipal.<\/strong><\/p>\n\n\n\n<blockquote class=\"wp-block-quote is-layout-flow wp-block-quote-is-layout-flow\">\n<p>\u201cEso es plata que va a circular por Olavarr\u00eda, por la obra p\u00fablica. Y estamos hablando de un solo \u00edtem que es la producci\u00f3n. Tambi\u00e9n afecta a los puestos de trabajo, no s\u00f3lo los directos sino los puestos indirectos que genera la miner\u00eda, como los servicios de mantenimientos\u201d agreg\u00f3.<\/p>\n<\/blockquote>\n\n\n\n<p>Con respecto al pr\u00f3ximo mandato local, D\u00b4Amico afirm\u00f3 que mantienen un buen v\u00ednculo con<strong> Wesner<\/strong> desde 2012, cuando asumieron la conducci\u00f3n de AOMA. \u201c<em>Es un compa\u00f1ero de gesti\u00f3n. Tenemos la expectativa que con \u00e9l se nos abra una puerta que tuvimos cerrada<\/em>\u201d reconoci\u00f3.<\/p>\n\n\n\n<p><strong>Marcos Cavilla, socio gerente en la empresa constructora local PECMA<\/strong>, coincidi\u00f3 en que \u201c<em><strong>la obra p\u00fablica es la madre de las industrias<\/strong>: cuando se activa aparecen infinidad de puestos de trabajo<\/em>\u201d.<\/p>\n\n\n\n<figure class=\"wp-block-image size-full is-resized\"><img data-recalc-dims=\"1\" loading=\"lazy\" decoding=\"async\" width=\"800\" height=\"445\" src=\"https:\/\/i0.wp.com\/cdnoticias.com\/wp-content\/uploads\/2023\/07\/marcos-cavilla-pecma.jpg?resize=800%2C445&#038;ssl=1\" alt=\"\" class=\"wp-image-91676\" style=\"width:750px;height:auto\" srcset=\"https:\/\/i0.wp.com\/cdnoticias.com\/wp-content\/uploads\/2023\/07\/marcos-cavilla-pecma.jpg?w=800&amp;ssl=1 800w, https:\/\/i0.wp.com\/cdnoticias.com\/wp-content\/uploads\/2023\/07\/marcos-cavilla-pecma.jpg?resize=300%2C167&amp;ssl=1 300w, https:\/\/i0.wp.com\/cdnoticias.com\/wp-content\/uploads\/2023\/07\/marcos-cavilla-pecma.jpg?resize=768%2C427&amp;ssl=1 768w\" sizes=\"auto, (max-width: 800px) 100vw, 800px\" \/><\/figure>\n\n\n\n<p>\u201c<em>Cuanto m\u00e1s grande la obra m\u00e1s puestos generan, pero las obras chicas tambi\u00e9n dan empleo y eso genera movimiento de varias maneras: por la compra y venta de materiales y tambi\u00e9n por el consumo que hacen los trabadores con el pago de su trabajo. <strong>Las obras chicas son las que m\u00e1s repercuten en nuestra econom\u00eda local, porque son las que las empresas peque\u00f1as podemos hacer<\/strong><\/em>\u201d reconoci\u00f3.<\/p>\n\n\n\n<blockquote class=\"wp-block-quote is-layout-flow wp-block-quote-is-layout-flow\">\n<p>Con respecto al trabajo de las Pymes en las localidades y ciudades peque\u00f1as destac\u00f3 que son las que <strong>\u201chacen escuelas, ampl\u00edan hospitales, hacen redes de cloacas o de agua, hacen pavimento; son las obras que le cambian la vida a la gente y que no se tienen que detener\u201d<\/strong>.<\/p>\n<\/blockquote>\n\n\n\n<p>Cavilla asegur\u00f3 que, previo al comunicado de Caputo, los dichos de Milei <strong>fueron causa de despidos en varias de las empresas grandes<\/strong>. El ingeniero afirm\u00f3 que \u201csumado a un contexto de inflaci\u00f3n, por supuesto que muchas empresas pusieron el freno de mano, pararon las obras y bajaron la dotaci\u00f3n de personal\u201d.<\/p>\n\n\n\n<p>Con respecto a las construcciones que est\u00e1n en marcha, mencion\u00f3 que para las obras con financiamiento de la Provincia de Buenos Aires corre otra suerte. \u201cLa construcci\u00f3n del Polo Judicial al momento sigue funcionando. La Casa de la Provincia tambi\u00e9n\u201d agreg\u00f3.<\/p>\n\n\n\n<figure class=\"wp-block-image aligncenter size-large is-resized\"><img data-recalc-dims=\"1\" loading=\"lazy\" decoding=\"async\" width=\"800\" height=\"450\" src=\"https:\/\/i0.wp.com\/cdnoticias.com\/wp-content\/uploads\/2023\/12\/obra-ceco3-4.jpg?resize=800%2C450&#038;ssl=1\" alt=\"\" class=\"wp-image-104745\" style=\"width:916px;height:auto\" srcset=\"https:\/\/i0.wp.com\/cdnoticias.com\/wp-content\/uploads\/2023\/12\/obra-ceco3-4-scaled.jpg?resize=1024%2C576&amp;ssl=1 1024w, https:\/\/i0.wp.com\/cdnoticias.com\/wp-content\/uploads\/2023\/12\/obra-ceco3-4-scaled.jpg?resize=300%2C169&amp;ssl=1 300w, https:\/\/i0.wp.com\/cdnoticias.com\/wp-content\/uploads\/2023\/12\/obra-ceco3-4-scaled.jpg?resize=768%2C432&amp;ssl=1 768w, https:\/\/i0.wp.com\/cdnoticias.com\/wp-content\/uploads\/2023\/12\/obra-ceco3-4-scaled.jpg?resize=1536%2C864&amp;ssl=1 1536w, https:\/\/i0.wp.com\/cdnoticias.com\/wp-content\/uploads\/2023\/12\/obra-ceco3-4-scaled.jpg?resize=2048%2C1152&amp;ssl=1 2048w, https:\/\/i0.wp.com\/cdnoticias.com\/wp-content\/uploads\/2023\/12\/obra-ceco3-4-scaled.jpg?w=1600&amp;ssl=1 1600w, https:\/\/i0.wp.com\/cdnoticias.com\/wp-content\/uploads\/2023\/12\/obra-ceco3-4-scaled.jpg?w=2400&amp;ssl=1 2400w\" sizes=\"auto, (max-width: 800px) 100vw, 800px\" \/><\/figure>\n\n\n\n<p>En el caso de las 100 viviendas del <strong>Barrio CECO III<\/strong>, en las que PECMA es una de las empresas a cargo, las obras contin\u00faan con normalidad, \u201c<em>ni se ha detenido ni ha sufrido ninguna modificaci\u00f3n respecto a lo que ven\u00eda planeado<\/em>\u201d detall\u00f3 Cavilla.<\/p>\n\n\n\n<blockquote class=\"wp-block-quote is-layout-flow wp-block-quote-is-layout-flow\">\n<p>Afirm\u00f3 que la obra p\u00fablica municipal est\u00e1 casi toda detenida, a la espera de que la nueva gesti\u00f3n se acomode y decida si reiniciarlas o no: \u201c<strong>Hoy los plazos est\u00e1n ralentizados, por ende, tambi\u00e9n la cantidad de gente involucrada<\/strong>\u201d.<\/p>\n<\/blockquote>\n\n\n\n<figure class=\"wp-block-image aligncenter size-large is-resized\"><img data-recalc-dims=\"1\" loading=\"lazy\" decoding=\"async\" width=\"800\" height=\"450\" src=\"https:\/\/i0.wp.com\/cdnoticias.com\/wp-content\/uploads\/2023\/12\/obra-ceco3-3.jpg?resize=800%2C450&#038;ssl=1\" alt=\"\" class=\"wp-image-104744\" style=\"width:912px;height:auto\" srcset=\"https:\/\/i0.wp.com\/cdnoticias.com\/wp-content\/uploads\/2023\/12\/obra-ceco3-3-scaled.jpg?resize=1024%2C576&amp;ssl=1 1024w, https:\/\/i0.wp.com\/cdnoticias.com\/wp-content\/uploads\/2023\/12\/obra-ceco3-3-scaled.jpg?resize=300%2C169&amp;ssl=1 300w, https:\/\/i0.wp.com\/cdnoticias.com\/wp-content\/uploads\/2023\/12\/obra-ceco3-3-scaled.jpg?resize=768%2C432&amp;ssl=1 768w, https:\/\/i0.wp.com\/cdnoticias.com\/wp-content\/uploads\/2023\/12\/obra-ceco3-3-scaled.jpg?resize=1536%2C864&amp;ssl=1 1536w, https:\/\/i0.wp.com\/cdnoticias.com\/wp-content\/uploads\/2023\/12\/obra-ceco3-3-scaled.jpg?resize=2048%2C1152&amp;ssl=1 2048w, https:\/\/i0.wp.com\/cdnoticias.com\/wp-content\/uploads\/2023\/12\/obra-ceco3-3-scaled.jpg?w=1600&amp;ssl=1 1600w, https:\/\/i0.wp.com\/cdnoticias.com\/wp-content\/uploads\/2023\/12\/obra-ceco3-3-scaled.jpg?w=2400&amp;ssl=1 2400w\" sizes=\"auto, (max-width: 800px) 100vw, 800px\" \/><\/figure>\n\n\n\n<p>La promesa de \u201cObra p\u00fablica 0\u201d fue planteada por el Presidente, en parte como una decisi\u00f3n que seg\u00fan \u00e9l exige el escenario econ\u00f3mico actual, pero adem\u00e1s en concordancia a su programa de gobierno, <strong>marcado por el \u201crecorte\u201d al sector p\u00fablico<\/strong>. La opci\u00f3n que present\u00f3 fue que el financiamiento sea externo o privado.<\/p>\n\n\n\n<p>En Olavarr\u00eda puede ponerse de ejemplo el caso de las tareas de refacci\u00f3n y ampliaci\u00f3n de la<strong> Facultad de Ciencias de la Salud de UNICEN<\/strong>. La obra posee financiamiento de la <strong>CAF, Confederaci\u00f3n Andina de Fomento<\/strong> (hoy llamado Banco de Desarrollo de Am\u00e9rica Latina). Para <strong>Luciano Corres, Secretario General de la Universidad,<\/strong> este es un elemento importante para pensar que la obra continuar\u00eda, al respetarse el contrato firmado con un organismo internacional.<\/p>\n\n\n\n<figure class=\"wp-block-image aligncenter size-large is-resized\"><img data-recalc-dims=\"1\" loading=\"lazy\" decoding=\"async\" width=\"800\" height=\"480\" src=\"https:\/\/i0.wp.com\/cdnoticias.com\/wp-content\/uploads\/2022\/10\/obra-facultad-salud11.jpg?resize=800%2C480&#038;ssl=1\" alt=\"\" class=\"wp-image-67509\" style=\"width:918px;height:auto\" srcset=\"https:\/\/i0.wp.com\/cdnoticias.com\/wp-content\/uploads\/2022\/10\/obra-facultad-salud11.jpg?resize=1024%2C614&amp;ssl=1 1024w, https:\/\/i0.wp.com\/cdnoticias.com\/wp-content\/uploads\/2022\/10\/obra-facultad-salud11.jpg?resize=300%2C180&amp;ssl=1 300w, https:\/\/i0.wp.com\/cdnoticias.com\/wp-content\/uploads\/2022\/10\/obra-facultad-salud11.jpg?resize=768%2C461&amp;ssl=1 768w, https:\/\/i0.wp.com\/cdnoticias.com\/wp-content\/uploads\/2022\/10\/obra-facultad-salud11.jpg?resize=1536%2C922&amp;ssl=1 1536w, https:\/\/i0.wp.com\/cdnoticias.com\/wp-content\/uploads\/2022\/10\/obra-facultad-salud11.jpg?w=1600&amp;ssl=1 1600w\" sizes=\"auto, (max-width: 800px) 100vw, 800px\" \/><\/figure>\n\n\n\n<figure class=\"wp-block-image aligncenter size-large is-resized\"><img data-recalc-dims=\"1\" loading=\"lazy\" decoding=\"async\" width=\"800\" height=\"450\" src=\"https:\/\/i0.wp.com\/cdnoticias.com\/wp-content\/uploads\/2023\/12\/obra-facultad-de-salud3.jpg?resize=800%2C450&#038;ssl=1\" alt=\"\" class=\"wp-image-104751\" style=\"width:922px;height:auto\" srcset=\"https:\/\/i0.wp.com\/cdnoticias.com\/wp-content\/uploads\/2023\/12\/obra-facultad-de-salud3-scaled.jpg?resize=1024%2C576&amp;ssl=1 1024w, https:\/\/i0.wp.com\/cdnoticias.com\/wp-content\/uploads\/2023\/12\/obra-facultad-de-salud3-scaled.jpg?resize=300%2C169&amp;ssl=1 300w, https:\/\/i0.wp.com\/cdnoticias.com\/wp-content\/uploads\/2023\/12\/obra-facultad-de-salud3-scaled.jpg?resize=768%2C432&amp;ssl=1 768w, https:\/\/i0.wp.com\/cdnoticias.com\/wp-content\/uploads\/2023\/12\/obra-facultad-de-salud3-scaled.jpg?resize=1536%2C864&amp;ssl=1 1536w, https:\/\/i0.wp.com\/cdnoticias.com\/wp-content\/uploads\/2023\/12\/obra-facultad-de-salud3-scaled.jpg?resize=2048%2C1152&amp;ssl=1 2048w, https:\/\/i0.wp.com\/cdnoticias.com\/wp-content\/uploads\/2023\/12\/obra-facultad-de-salud3-scaled.jpg?w=1600&amp;ssl=1 1600w, https:\/\/i0.wp.com\/cdnoticias.com\/wp-content\/uploads\/2023\/12\/obra-facultad-de-salud3-scaled.jpg?w=2400&amp;ssl=1 2400w\" sizes=\"auto, (max-width: 800px) 100vw, 800px\" \/><\/figure>\n\n\n\n<p>\u201cLa obra del nuevo edificio tiene un monto de 616 millones de pesos. El plazo original es de 14 meses, con una extensi\u00f3n otorgada de 5 meses m\u00e1s.&nbsp;El avance de obra a la fecha es del 38,5 %, sobre una superficie total de 4000 metros cuadrados\u201d explic\u00f3 Corres.<\/p>\n\n\n\n<p>El decano de la Facultad, <strong>H\u00e9ctor Trebucq<\/strong>, se\u00f1al\u00f3 que \u201c<strong>el avance de la obra ha sido importante<\/strong>\u201d con un primer piso para nuevas aulas, laboratorios y centros de simulaci\u00f3n, una planta baja remodelada para aulas docentes, la ampliaci\u00f3n del comedor y de los ba\u00f1os. \u201c<em>Un per\u00edodo de transici\u00f3n genera nuevas incertidumbres y algunas demoras que esperamos se destraben r\u00e1pidamente para seguir con el desarrollo de la obra<\/em>\u201d declar\u00f3 sobre el cambio de gobierno.<\/p>\n\n\n\n<figure class=\"wp-block-image size-large is-resized\"><img data-recalc-dims=\"1\" loading=\"lazy\" decoding=\"async\" width=\"800\" height=\"480\" src=\"https:\/\/i0.wp.com\/cdnoticias.com\/wp-content\/uploads\/2022\/10\/obra-facultad-salud09.jpg?resize=800%2C480&#038;ssl=1\" alt=\"\" class=\"wp-image-67507\" style=\"width:824px;height:auto\" srcset=\"https:\/\/i0.wp.com\/cdnoticias.com\/wp-content\/uploads\/2022\/10\/obra-facultad-salud09.jpg?resize=1024%2C614&amp;ssl=1 1024w, https:\/\/i0.wp.com\/cdnoticias.com\/wp-content\/uploads\/2022\/10\/obra-facultad-salud09.jpg?resize=300%2C180&amp;ssl=1 300w, https:\/\/i0.wp.com\/cdnoticias.com\/wp-content\/uploads\/2022\/10\/obra-facultad-salud09.jpg?resize=768%2C461&amp;ssl=1 768w, https:\/\/i0.wp.com\/cdnoticias.com\/wp-content\/uploads\/2022\/10\/obra-facultad-salud09.jpg?resize=1536%2C922&amp;ssl=1 1536w, https:\/\/i0.wp.com\/cdnoticias.com\/wp-content\/uploads\/2022\/10\/obra-facultad-salud09.jpg?w=1600&amp;ssl=1 1600w\" sizes=\"auto, (max-width: 800px) 100vw, 800px\" \/><\/figure>\n\n\n\n<blockquote class=\"wp-block-quote is-layout-flow wp-block-quote-is-layout-flow\">\n<p>Corres resalt\u00f3 que \u201csi el gobierno decide cortar tal o cual obra, <strong>ser\u00e1 dif\u00edcil torcer esa decisi\u00f3n<\/strong>\u201d. Destac\u00f3 que \u201cel acompa\u00f1amiento de los gobiernos nacionales es crucial para sostener y profundizar el crecimiento de nuestra Universidad y las obras de infraestructura son un reflejo de esa expansi\u00f3n\u201d.<\/p>\n<\/blockquote>\n\n\n\n<figure class=\"wp-block-image aligncenter size-large\"><img data-recalc-dims=\"1\" loading=\"lazy\" decoding=\"async\" width=\"800\" height=\"450\" src=\"https:\/\/i0.wp.com\/cdnoticias.com\/wp-content\/uploads\/2023\/12\/obra-facultad-de-salud2.jpg?resize=800%2C450&#038;ssl=1\" alt=\"\" class=\"wp-image-104750\" srcset=\"https:\/\/i0.wp.com\/cdnoticias.com\/wp-content\/uploads\/2023\/12\/obra-facultad-de-salud2-scaled.jpg?resize=1024%2C576&amp;ssl=1 1024w, https:\/\/i0.wp.com\/cdnoticias.com\/wp-content\/uploads\/2023\/12\/obra-facultad-de-salud2-scaled.jpg?resize=300%2C169&amp;ssl=1 300w, https:\/\/i0.wp.com\/cdnoticias.com\/wp-content\/uploads\/2023\/12\/obra-facultad-de-salud2-scaled.jpg?resize=768%2C432&amp;ssl=1 768w, https:\/\/i0.wp.com\/cdnoticias.com\/wp-content\/uploads\/2023\/12\/obra-facultad-de-salud2-scaled.jpg?resize=1536%2C864&amp;ssl=1 1536w, https:\/\/i0.wp.com\/cdnoticias.com\/wp-content\/uploads\/2023\/12\/obra-facultad-de-salud2-scaled.jpg?resize=2048%2C1152&amp;ssl=1 2048w, https:\/\/i0.wp.com\/cdnoticias.com\/wp-content\/uploads\/2023\/12\/obra-facultad-de-salud2-scaled.jpg?w=1600&amp;ssl=1 1600w, https:\/\/i0.wp.com\/cdnoticias.com\/wp-content\/uploads\/2023\/12\/obra-facultad-de-salud2-scaled.jpg?w=2400&amp;ssl=1 2400w\" sizes=\"auto, (max-width: 800px) 100vw, 800px\" \/><\/figure>\n\n\n\n<p>Las fuentes consultadas aseguran que en el gobierno de <strong>Mauricio Macri<\/strong> tambi\u00e9n hubo intentos de instalar el discurso de que la infraestructura no es prioridad. El modelo que se mencionaba y vuelve a aparecer en agenda es el conocido como <strong>Contratos de Participaci\u00f3n P\u00fablico-Privada (PPP)<\/strong>.<\/p>\n\n\n\n<p>Corres record\u00f3 que en el per\u00edodo 2015-2019 \u201c<strong>las \u00fanicas obras de la Universidad que se llevaron adelante fueron justamente aquellas con financiamiento internacional y cuyos contratos ya se encontraban en ejecuci\u00f3n<\/strong>\u201d.<\/p>\n\n\n\n<figure class=\"wp-block-image aligncenter size-large\"><img data-recalc-dims=\"1\" loading=\"lazy\" decoding=\"async\" width=\"800\" height=\"450\" src=\"https:\/\/i0.wp.com\/cdnoticias.com\/wp-content\/uploads\/2023\/12\/obra-ceco3-7.jpg?resize=800%2C450&#038;ssl=1\" alt=\"\" class=\"wp-image-104748\" srcset=\"https:\/\/i0.wp.com\/cdnoticias.com\/wp-content\/uploads\/2023\/12\/obra-ceco3-7-scaled.jpg?resize=1024%2C576&amp;ssl=1 1024w, https:\/\/i0.wp.com\/cdnoticias.com\/wp-content\/uploads\/2023\/12\/obra-ceco3-7-scaled.jpg?resize=300%2C169&amp;ssl=1 300w, https:\/\/i0.wp.com\/cdnoticias.com\/wp-content\/uploads\/2023\/12\/obra-ceco3-7-scaled.jpg?resize=768%2C432&amp;ssl=1 768w, https:\/\/i0.wp.com\/cdnoticias.com\/wp-content\/uploads\/2023\/12\/obra-ceco3-7-scaled.jpg?resize=1536%2C864&amp;ssl=1 1536w, https:\/\/i0.wp.com\/cdnoticias.com\/wp-content\/uploads\/2023\/12\/obra-ceco3-7-scaled.jpg?resize=2048%2C1152&amp;ssl=1 2048w, https:\/\/i0.wp.com\/cdnoticias.com\/wp-content\/uploads\/2023\/12\/obra-ceco3-7-scaled.jpg?w=1600&amp;ssl=1 1600w, https:\/\/i0.wp.com\/cdnoticias.com\/wp-content\/uploads\/2023\/12\/obra-ceco3-7-scaled.jpg?w=2400&amp;ssl=1 2400w\" sizes=\"auto, (max-width: 800px) 100vw, 800px\" \/><\/figure>\n\n\n\n<p>D\u00b4Amico se\u00f1al\u00f3 que \u201cse hacen obras por PPP donde el mercado considere que son los lugares de mayor poder adquisitivo. <strong>En pueblos o en provincias chicas no se hace nada<\/strong>. Es un mercado m\u00e1s financiero que real, y<strong> lo real que se haga es el 20 % de la obra p\u00fablica que necesitamos en Argentin<\/strong>a\u201d. <\/p>\n\n\n\n<p><\/p>\n\n\n\n<blockquote class=\"wp-block-quote is-layout-flow wp-block-quote-is-layout-flow\">\n<p>Por su parte, Cavilla concluy\u00f3 que \u201cen un contexto inflacionario el costo es alt\u00edsimo por lo tanto hace inviable todos los proyectos, porque el privado no va a perder un peso. El Estado no s\u00f3lo eval\u00faa lo econ\u00f3mico sino tambi\u00e9n el impacto en la sociedad y esa es la diferencia\u201d.<\/p>\n<\/blockquote>\n","protected":false},"excerpt":{"rendered":"<p>Las primeras medidas del nuevo Ministro de Econom\u00eda definieron que el Estado nacional no licitar\u00e1 obra p\u00fablica nueva en el<\/p>\n","protected":false},"author":2,"featured_media":104746,"comment_status":"closed","ping_status":"closed","sticky":false,"template":"","format":"standard","meta":{"_jetpack_memberships_contains_paid_content":false,"footnotes":""},"categories":[5,1],"tags":[],"class_list":["post-104741","post","type-post","status-publish","format-standard","has-post-thumbnail","hentry","category-informacion-general","category-portada"],"jetpack_featured_media_url":"https:\/\/i0.wp.com\/cdnoticias.com\/wp-content\/uploads\/2023\/12\/obra-ceco3-5-scaled.jpg?fit=2560%2C1440&ssl=1","jetpack_sharing_enabled":true,"_links":{"self":[{"href":"https:\/\/cdnoticias.com\/index.php\/wp-json\/wp\/v2\/posts\/104741","targetHints":{"allow":["GET"]}}],"collection":[{"href":"https:\/\/cdnoticias.com\/index.php\/wp-json\/wp\/v2\/posts"}],"about":[{"href":"https:\/\/cdnoticias.com\/index.php\/wp-json\/wp\/v2\/types\/post"}],"author":[{"embeddable":true,"href":"https:\/\/cdnoticias.com\/index.php\/wp-json\/wp\/v2\/users\/2"}],"replies":[{"embeddable":true,"href":"https:\/\/cdnoticias.com\/index.php\/wp-json\/wp\/v2\/comments?post=104741"}],"version-history":[{"count":0,"href":"https:\/\/cdnoticias.com\/index.php\/wp-json\/wp\/v2\/posts\/104741\/revisions"}],"wp:featuredmedia":[{"embeddable":true,"href":"https:\/\/cdnoticias.com\/index.php\/wp-json\/wp\/v2\/media\/104746"}],"wp:attachment":[{"href":"https:\/\/cdnoticias.com\/index.php\/wp-json\/wp\/v2\/media?parent=104741"}],"wp:term":[{"taxonomy":"category","embeddable":true,"href":"https:\/\/cdnoticias.com\/index.php\/wp-json\/wp\/v2\/categories?post=104741"},{"taxonomy":"post_tag","embeddable":true,"href":"https:\/\/cdnoticias.com\/index.php\/wp-json\/wp\/v2\/tags?post=104741"}],"curies":[{"name":"wp","href":"https:\/\/api.w.org\/{rel}","templated":true}]}}