{"id":104708,"date":"2023-12-20T08:28:48","date_gmt":"2023-12-20T11:28:48","guid":{"rendered":"https:\/\/cdnoticias.com\/?p=104708"},"modified":"2023-12-20T11:06:15","modified_gmt":"2023-12-20T14:06:15","slug":"premio-internacional-sin-precedentes-en-argentina-para-el-investigador-de-la-facso-gustavo-politis","status":"publish","type":"post","link":"https:\/\/cdnoticias.com\/index.php\/2023\/12\/20\/premio-internacional-sin-precedentes-en-argentina-para-el-investigador-de-la-facso-gustavo-politis\/","title":{"rendered":"Premio internacional sin precedentes en Argentina para el investigador de la FACSO Gustavo Politis"},"content":{"rendered":"<p>El Director del Doctorado en Arqueolog\u00eda obtuvo el premio \u201cSAF Research Award 2023\u201d otorgado por el Instituto de Arqueolog\u00eda de la Academia China de Ciencias Sociales. Es el primer argentino en recibirlo.<!--more--><\/p>\n<hr \/>\n<p>El <strong>Director del Doctorado en Arqueolog\u00eda de la Facultad de Ciencias Sociales de Unicen, Dr. Gustavo Politis<\/strong>, obtuvo el <strong>premio &#8220;SAF Research Award 2023&#8221;<\/strong> otorgado por el<strong> Instituto de Arqueolog\u00eda de la Academia China de Ciencias Sociales<\/strong>.<\/p>\n<p>&nbsp;<\/p>\n<p>La distinci\u00f3n es un premio internacional que concede bianualmente dicho Instituto, aunque debido a la pandemia hac\u00eda cuatro a\u00f1os que no se entregaba.<\/p>\n<p>&nbsp;<\/p>\n<p>El premio le fue concedido al Dr. Politis en su car\u00e1cter de <strong>investigador del CONICET con lugar de trabajo en el Instituto INCUAPA<\/strong> de Olavarr\u00eda y como<strong> profesor de la UNICEN<\/strong>, m\u00e1s espec\u00edficamente de la Facultad de Ciencias Sociales de nuestra ciudad.<\/p>\n<p>&nbsp;<\/p>\n<blockquote><p>El profesional fue el \u00fanico sudamericano premiado en esta oportunidad y es la primera vez que un argentino recibe esta distinci\u00f3n, lo que pone de manifiesto la relevancia internacional de las investigaciones arqueol\u00f3gicas que se llevan a cabo en nuestro \u00e1mbito.<\/p><\/blockquote>\n<p>&nbsp;<\/p>\n<p><img data-recalc-dims=\"1\" loading=\"lazy\" decoding=\"async\" class=\"aligncenter wp-image-104709\" src=\"https:\/\/i0.wp.com\/cdnoticias.com\/wp-content\/uploads\/2023\/12\/gustavo-politis-china-02.jpg?resize=800%2C636&#038;ssl=1\" alt=\"\" width=\"800\" height=\"636\" srcset=\"https:\/\/i0.wp.com\/cdnoticias.com\/wp-content\/uploads\/2023\/12\/gustavo-politis-china-02.jpg?w=1000&amp;ssl=1 1000w, https:\/\/i0.wp.com\/cdnoticias.com\/wp-content\/uploads\/2023\/12\/gustavo-politis-china-02.jpg?resize=300%2C239&amp;ssl=1 300w, https:\/\/i0.wp.com\/cdnoticias.com\/wp-content\/uploads\/2023\/12\/gustavo-politis-china-02.jpg?resize=768%2C611&amp;ssl=1 768w\" sizes=\"auto, (max-width: 800px) 100vw, 800px\" \/><\/p>\n<p>&nbsp;<\/p>\n<p>El premio consiste en el <strong>otorgamiento de subsidios a investigaciones de excelencia<\/strong> hechas en los \u00faltimos a\u00f1os. En esta oportunidad fue particularmente competitivo porque <strong>se recibieron 131 postulaciones v\u00e1lidas<\/strong>, de las cuales<strong> se seleccionaron s\u00f3lo diez<\/strong> a nivel global.<\/p>\n<p>&nbsp;<\/p>\n<blockquote><p>La postulaci\u00f3n al Programa de Premios SAF no la hace el candidato, sino un colega, y la selecci\u00f3n es efectuada por los miembros del Shangai Archaeological Forum Board. En la nota en la que se comunic\u00f3 el premio al Dr. Politis se se\u00f1ala que el Comit\u00e9 \u201cadopt\u00f3 un procedimiento de dos rondas de evaluaci\u00f3n y adjudicaci\u00f3n, firmemente anclado en los principios de excelencia e imparcialidad\u201d. Asimismo se agrega que \u201csu trabajo se destac\u00f3 en su categor\u00eda por ser un fiel reflejo de su importancia acad\u00e9mica y de su contribuci\u00f3n excepcional al campo de la arqueolog\u00eda\u201d.<\/p><\/blockquote>\n<p>&nbsp;<\/p>\n<p>En el caso del Dr. Politis, <strong>la postulaci\u00f3n denominada \u201cEnmarcando el poblamiento temprano de Sudam\u00e9rica\u201d la present\u00f3 un colega sudamericano<\/strong> bas\u00e1ndose en sus investigaciones sobre el poblamiento americano.<\/p>\n<p>&nbsp;<\/p>\n<p><img data-recalc-dims=\"1\" loading=\"lazy\" decoding=\"async\" class=\"size-full wp-image-104711 aligncenter\" src=\"https:\/\/i0.wp.com\/cdnoticias.com\/wp-content\/uploads\/2023\/12\/gustavo-politis-china-01.jpg?resize=800%2C444&#038;ssl=1\" alt=\"\" width=\"800\" height=\"444\" srcset=\"https:\/\/i0.wp.com\/cdnoticias.com\/wp-content\/uploads\/2023\/12\/gustavo-politis-china-01.jpg?w=800&amp;ssl=1 800w, https:\/\/i0.wp.com\/cdnoticias.com\/wp-content\/uploads\/2023\/12\/gustavo-politis-china-01.jpg?resize=300%2C167&amp;ssl=1 300w, https:\/\/i0.wp.com\/cdnoticias.com\/wp-content\/uploads\/2023\/12\/gustavo-politis-china-01.jpg?resize=768%2C426&amp;ssl=1 768w\" sizes=\"auto, (max-width: 800px) 100vw, 800px\" \/><\/p>\n<p>&nbsp;<\/p>\n<p>La distinci\u00f3n incluy\u00f3 una invitaci\u00f3n para asistir a la ceremonia de premiaci\u00f3n en China, donde <strong>el Dr. Politis dict\u00f3 una conferencia durante el 5\u00b0 Foro de Arqueolog\u00eda de Shanghai (SAF)<\/strong>, celebrado entre los d\u00edas 15 y 17 de diciembre de 2023, la cual se titul\u00f3<em> \u201cEnmarcando la expansi\u00f3n inicial del Homo sapiens en Sudam\u00e9rica: contribuciones desde las planicies pampeanas\u201d<\/em>. Adem\u00e1s <strong>se publicar\u00e1 un libro en el que se presentan las investigaciones seleccionadas<\/strong>, con un resumen extendido.<\/p>\n<p>&nbsp;<\/p>\n<p>Cabe mencionar que el 5\u00b0 Foro de Arqueolog\u00eda de Shanghai (SAF) tiene tres objetivos principales. El primer es celebrar la excelencia de la investigaci\u00f3n arqueol\u00f3gica presentando los Premios SAF a aquellas personas y organizaciones que han logrado esta distinci\u00f3n por realizar importantes descubrimientos y producir trabajos innovadores, creativos y rigurosos en los \u00faltimos cuatro a\u00f1os (2019-2023). El segundo, es promover estudios arqueol\u00f3gicos sobre el cambio clim\u00e1tico y la sostenibilidad social. En \u00faltima instancia se busca fomentar el compromiso activo con acad\u00e9micos de diferentes continentes y disciplinas, as\u00ed como con el p\u00fablico, para abordar los desaf\u00edos de la crisis clim\u00e1tica para nuestro futuro colectivo.<\/p>\n<p>&nbsp;<\/p>\n","protected":false},"excerpt":{"rendered":"<p>El Director del Doctorado en Arqueolog\u00eda obtuvo el premio \u201cSAF Research Award 2023\u201d otorgado por el Instituto de Arqueolog\u00eda de<\/p>\n","protected":false},"author":4,"featured_media":104710,"comment_status":"closed","ping_status":"closed","sticky":false,"template":"","format":"standard","meta":{"_jetpack_memberships_contains_paid_content":false,"footnotes":""},"categories":[5,1],"tags":[],"class_list":["post-104708","post","type-post","status-publish","format-standard","has-post-thumbnail","hentry","category-informacion-general","category-portada"],"jetpack_featured_media_url":"https:\/\/i0.wp.com\/cdnoticias.com\/wp-content\/uploads\/2023\/12\/gustavo-politis-china-00.jpg?fit=1022%2C568&ssl=1","jetpack_sharing_enabled":true,"_links":{"self":[{"href":"https:\/\/cdnoticias.com\/index.php\/wp-json\/wp\/v2\/posts\/104708","targetHints":{"allow":["GET"]}}],"collection":[{"href":"https:\/\/cdnoticias.com\/index.php\/wp-json\/wp\/v2\/posts"}],"about":[{"href":"https:\/\/cdnoticias.com\/index.php\/wp-json\/wp\/v2\/types\/post"}],"author":[{"embeddable":true,"href":"https:\/\/cdnoticias.com\/index.php\/wp-json\/wp\/v2\/users\/4"}],"replies":[{"embeddable":true,"href":"https:\/\/cdnoticias.com\/index.php\/wp-json\/wp\/v2\/comments?post=104708"}],"version-history":[{"count":0,"href":"https:\/\/cdnoticias.com\/index.php\/wp-json\/wp\/v2\/posts\/104708\/revisions"}],"wp:featuredmedia":[{"embeddable":true,"href":"https:\/\/cdnoticias.com\/index.php\/wp-json\/wp\/v2\/media\/104710"}],"wp:attachment":[{"href":"https:\/\/cdnoticias.com\/index.php\/wp-json\/wp\/v2\/media?parent=104708"}],"wp:term":[{"taxonomy":"category","embeddable":true,"href":"https:\/\/cdnoticias.com\/index.php\/wp-json\/wp\/v2\/categories?post=104708"},{"taxonomy":"post_tag","embeddable":true,"href":"https:\/\/cdnoticias.com\/index.php\/wp-json\/wp\/v2\/tags?post=104708"}],"curies":[{"name":"wp","href":"https:\/\/api.w.org\/{rel}","templated":true}]}}