{"id":104671,"date":"2023-12-18T18:52:56","date_gmt":"2023-12-18T21:52:56","guid":{"rendered":"https:\/\/cdnoticias.com\/?p=104671"},"modified":"2023-12-18T20:34:58","modified_gmt":"2023-12-18T23:34:58","slug":"la-secundaria-6-detallo-su-funcionamiento-durante-las-proximas-semanas","status":"publish","type":"post","link":"https:\/\/cdnoticias.com\/index.php\/2023\/12\/18\/la-secundaria-6-detallo-su-funcionamiento-durante-las-proximas-semanas\/","title":{"rendered":"La Secundaria 6 detall\u00f3 su funcionamiento durante las pr\u00f3ximas semanas"},"content":{"rendered":"<p>Las instalaciones de la instituci\u00f3n educativa fueron gravemente afectadas por el temporal.<!--more--><\/p>\n<hr \/>\n<p>Las Secundarias 6 y 8 ubicadas en Lavalle y S\u00e1enz Pe\u00f1a fueron gravemente afectadas por el temporal del martes 12 de diciembre.<\/p>\n<p>En di\u00e1logo con <em>Central de Noticias,<\/em> el Jefe de Educaci\u00f3n Distrial Julio Ben\u00edtez inform\u00f3 que \u201c<a href=\"https:\/\/cdnoticias.com\/index.php\/2023\/12\/18\/educacion-las-cuatro-escuelas-con-danos-graves-y-el-ok-para-el-inicio\/\" target=\"_blank\" rel=\"noopener\">ya se buscaron espacios alternativos donde llevar adelante la instancia de intensificaci\u00f3n de la ense\u00f1anza.<\/a> El turno vespertino de Secundaria 8 est\u00e1 dispuesto en la Primaria 1 para recibirlos. En cuanto a turnos ma\u00f1ana y tarde van a estar en el Centro de Formaci\u00f3n Profesional 401, inclusive haciendo la inscripci\u00f3n (para el ciclo 2024) ah\u00ed\u201d.<\/p>\n<p>En ese sentido, autoridades de la Secundaria 6 (ex colegio Nacional) enviaron un comunicado detallando el<strong> funcionamiento durante las pr\u00f3ximas semanas<\/strong> en relaci\u00f3n a distintas actividades que llevar\u00e1n adelante.<\/p>\n<p><img data-recalc-dims=\"1\" loading=\"lazy\" decoding=\"async\" class=\"alignnone size-full wp-image-104631\" src=\"https:\/\/i0.wp.com\/cdnoticias.com\/wp-content\/uploads\/2023\/12\/temporal-escuela-secundaria-6-02.jpg?resize=800%2C444&#038;ssl=1\" alt=\"\" width=\"800\" height=\"444\" srcset=\"https:\/\/i0.wp.com\/cdnoticias.com\/wp-content\/uploads\/2023\/12\/temporal-escuela-secundaria-6-02.jpg?w=1000&amp;ssl=1 1000w, https:\/\/i0.wp.com\/cdnoticias.com\/wp-content\/uploads\/2023\/12\/temporal-escuela-secundaria-6-02.jpg?resize=300%2C167&amp;ssl=1 300w, https:\/\/i0.wp.com\/cdnoticias.com\/wp-content\/uploads\/2023\/12\/temporal-escuela-secundaria-6-02.jpg?resize=768%2C426&amp;ssl=1 768w, https:\/\/i0.wp.com\/cdnoticias.com\/wp-content\/uploads\/2023\/12\/temporal-escuela-secundaria-6-02.jpg?resize=800%2C445&amp;ssl=1 800w\" sizes=\"auto, (max-width: 800px) 100vw, 800px\" \/><\/p>\n<p><strong>\u2022Inscripci\u00f3n:<\/strong> desde el 19\/12 de 8hs a 12hs hasta el 29\/12 en la sede del Centro de Formaci\u00f3n Profesional N\u00b0401 (ex Escuela Piloto) sita en Dorrego y Brown.<\/p>\n<p><strong>\u2022Entrega de cajas alimentarias:<\/strong> d\u00edas 20 y 21 de diciembre de 8hs a 12hs en el Centro de Formaci\u00f3n Profesional N\u00b0401 (Ex Escuela Piloto). Ingreso por el port\u00f3n de calle Dorrego.<\/p>\n<p><strong>\u2022Acto de fin de curso:<\/strong> el d\u00eda 22\/12 a las 10hs en la Casa del Bicentenario.<\/p>\n<p><strong>\u2022Intensificaci\u00f3n de contenidos de 1\u00b0 a 4\u00b0 a\u00f1o:<\/strong> en la sede del Centro de Formaci\u00f3n Profesional N\u00b0401 (ex Escuela Piloto) en Dorrego y Brown. La convocatoria de estudiantes se realizar\u00e1 mediante preceptores.<\/p>\n<p><strong>\u2022Intensificaci\u00f3n de contenidos de 5\u00b0 a 6\u00b0:<\/strong> a\u00f1o en la Iglesia de Sarmiento y Alsina. El ingreso ser\u00e1 por el port\u00f3n de calle Alsina. La convocatoria de estudiantes se realizar\u00e1 mediante preceptores.<\/p>\n<p>\u2022Los horarios y d\u00edas de intensificaci\u00f3n de contenidos son los mismos de las materias.<\/p>\n<blockquote class=\"wp-embedded-content\" data-secret=\"gPQvhpc2ry\"><p><a href=\"https:\/\/cdnoticias.com\/index.php\/2023\/12\/18\/educacion-las-cuatro-escuelas-con-danos-graves-y-el-ok-para-el-inicio\/\">Educaci\u00f3n: las cuatro escuelas con da\u00f1os graves y \u201cel ok para el inicio\u201d<\/a><\/p><\/blockquote>\n<p><iframe loading=\"lazy\" class=\"wp-embedded-content\" sandbox=\"allow-scripts\" security=\"restricted\" style=\"position: absolute; clip: rect(1px, 1px, 1px, 1px);\" title=\"&#8220;Educaci\u00f3n: las cuatro escuelas con da\u00f1os graves y \u201cel ok para el inicio\u201d&#8221; &#8212; Central de Noticias | Olavarr\u00eda\" src=\"https:\/\/cdnoticias.com\/index.php\/2023\/12\/18\/educacion-las-cuatro-escuelas-con-danos-graves-y-el-ok-para-el-inicio\/embed\/#?secret=CPkudGw1Kg#?secret=gPQvhpc2ry\" data-secret=\"gPQvhpc2ry\" width=\"600\" height=\"338\" frameborder=\"0\" marginwidth=\"0\" marginheight=\"0\" scrolling=\"no\"><\/iframe><\/p>\n","protected":false},"excerpt":{"rendered":"<p>Las instalaciones de la instituci\u00f3n educativa fueron gravemente afectadas por el temporal.<\/p>\n","protected":false},"author":2,"featured_media":104629,"comment_status":"closed","ping_status":"closed","sticky":false,"template":"","format":"standard","meta":{"_jetpack_memberships_contains_paid_content":false,"footnotes":""},"categories":[5,1],"tags":[],"class_list":["post-104671","post","type-post","status-publish","format-standard","has-post-thumbnail","hentry","category-informacion-general","category-portada"],"jetpack_featured_media_url":"https:\/\/i0.wp.com\/cdnoticias.com\/wp-content\/uploads\/2023\/12\/temporal-escuela-secundaria-6-00.jpg?fit=1000%2C556&ssl=1","jetpack_sharing_enabled":true,"_links":{"self":[{"href":"https:\/\/cdnoticias.com\/index.php\/wp-json\/wp\/v2\/posts\/104671","targetHints":{"allow":["GET"]}}],"collection":[{"href":"https:\/\/cdnoticias.com\/index.php\/wp-json\/wp\/v2\/posts"}],"about":[{"href":"https:\/\/cdnoticias.com\/index.php\/wp-json\/wp\/v2\/types\/post"}],"author":[{"embeddable":true,"href":"https:\/\/cdnoticias.com\/index.php\/wp-json\/wp\/v2\/users\/2"}],"replies":[{"embeddable":true,"href":"https:\/\/cdnoticias.com\/index.php\/wp-json\/wp\/v2\/comments?post=104671"}],"version-history":[{"count":0,"href":"https:\/\/cdnoticias.com\/index.php\/wp-json\/wp\/v2\/posts\/104671\/revisions"}],"wp:featuredmedia":[{"embeddable":true,"href":"https:\/\/cdnoticias.com\/index.php\/wp-json\/wp\/v2\/media\/104629"}],"wp:attachment":[{"href":"https:\/\/cdnoticias.com\/index.php\/wp-json\/wp\/v2\/media?parent=104671"}],"wp:term":[{"taxonomy":"category","embeddable":true,"href":"https:\/\/cdnoticias.com\/index.php\/wp-json\/wp\/v2\/categories?post=104671"},{"taxonomy":"post_tag","embeddable":true,"href":"https:\/\/cdnoticias.com\/index.php\/wp-json\/wp\/v2\/tags?post=104671"}],"curies":[{"name":"wp","href":"https:\/\/api.w.org\/{rel}","templated":true}]}}