{"id":10467,"date":"2021-01-02T19:45:01","date_gmt":"2021-01-02T22:45:01","guid":{"rendered":"http:\/\/www.centraldenoticias.com.ar\/?p=10467"},"modified":"2021-01-02T19:45:01","modified_gmt":"2021-01-02T22:45:01","slug":"desarrollo-sustentable-el-tema-con-mayor-convocatoria-en-cursos-virtuales","status":"publish","type":"post","link":"https:\/\/cdnoticias.com\/index.php\/2021\/01\/02\/desarrollo-sustentable-el-tema-con-mayor-convocatoria-en-cursos-virtuales\/","title":{"rendered":"\u201cDesarrollo sustentable\u201d, el tema con mayor convocatoria en cursos virtuales"},"content":{"rendered":"<p class=\"western\"><span style=\"color: #000080;\"><span lang=\"zxx\"><span style=\"color: #000000;\"><span lang=\"es-ES\">Durante el a\u00f1o <\/span><\/span><\/span><\/span><span style=\"color: #000080;\"><span lang=\"zxx\"><span style=\"color: #000000;\"><span lang=\"es-ES\">pasado<\/span><\/span><\/span><\/span><span style=\"color: #000080;\"><span lang=\"zxx\"><span style=\"color: #000000;\"><span lang=\"es-ES\">, 3.662 personas se capacitaron de manera virtual <\/span><\/span><\/span><\/span><span style=\"color: #000080;\"><span lang=\"zxx\"><span style=\"color: #000000;\"><span lang=\"es-ES\">en trav\u00e9s de las ofertas de la Municipalidad.<\/span><\/span><\/span><\/span><\/p>\n<hr \/>\n<p class=\"western\"><!--more--><\/p>\n<p class=\"western\"><span style=\"color: #000080;\"><span lang=\"zxx\"><span style=\"color: #000000;\"><span lang=\"es-ES\"><strong>Debido al contexto de Aislamiento Social, Preventivo y Obligatorio, desde el Municipio se desarrollaron diferentes propuestas de capacitaci\u00f3n bajo la modalidad de cursada virtual<\/strong> destinadas a los vecinos y a personal municipal.<\/span><\/span><\/span><\/span><\/p>\n<blockquote>\n<p class=\"western\"><span style=\"color: #000080;\"><span style=\"color: #000000;\">\u201c<span lang=\"zxx\"><span lang=\"es-ES\">Durante el a\u00f1o 2020 se realizaron 50 capacitaciones de las que participaron 3662 personas. El objetivo principal de esta iniciativa es continuar con la oferta de capacitaci\u00f3n que se encontraba disponible, mediadas por el uso de la tecnolog\u00eda\u201d se inform\u00f3 desde la Municipalidad.<\/span><\/span><\/span><\/span><\/p>\n<\/blockquote>\n<p class=\"western\"><span style=\"color: #000080;\"><span lang=\"zxx\"><span style=\"color: #000000;\"><span lang=\"es-ES\">Entre las capacitaciones para el p\u00fablico, se detallaron <strong>las que tuvieron mayor cantidad de participantes<\/strong>. Entre ellas, se destacaron <strong>los talleres en desarrollo sustentable como compostaje, arbolado urbano y gesti\u00f3n de residuos que sumaron 1.100 asistentes<\/strong>.<\/span><\/span><\/span><\/span><\/p>\n<p class=\"western\"><span style=\"color: #000080;\"><span lang=\"zxx\"><span style=\"color: #000000;\"><span lang=\"es-ES\">Le siguen las capacitaciones <strong>para emprendedores<\/strong> de las que participaron m\u00e1s de 1.000 personas.<\/span><\/span><\/span><\/span><\/p>\n<p class=\"western\"><span style=\"color: #000080;\"><span lang=\"zxx\"><span style=\"color: #000000;\"><span lang=\"es-ES\">En tanto, tras los cursos de <strong>\u201cManipulaci\u00f3n Higi\u00e9nica de Alimentos\u201d<\/strong> se otorgaron m\u00e1s de 600 Certificados de Manipulador de Alimentos.<\/span><\/span><\/span><\/span><\/p>\n<p class=\"western\"><span style=\"color: #000080;\"><span lang=\"zxx\"><span style=\"color: #000000;\"><span lang=\"es-ES\">Por \u00faltimo, 450 personas asistieron a los talleres de <strong>empleabilidad<\/strong>.<\/span><\/span><\/span><\/span><\/p>\n<p class=\"western\"><span style=\"color: #000080;\"><span lang=\"zxx\"><span style=\"color: #000000;\"><span lang=\"es-ES\">En las capacitaciones para el personal municipal, se continu\u00f3 con la <strong>Capacitaci\u00f3n en Perspectiva de G\u00e9nero<\/strong>, en el marco de la Ley Micaela. Tambi\u00e9n se dict\u00f3 la <strong>Capacitaci\u00f3n sobre Derechos Sexuales y Reproductivos<\/strong>.<\/span><\/span><\/span><\/span><\/p>\n","protected":false},"excerpt":{"rendered":"<p>Durante el a\u00f1o pasado, 3.662 personas se capacitaron de manera virtual en trav\u00e9s de las ofertas de la Municipalidad.<\/p>\n","protected":false},"author":4,"featured_media":10468,"comment_status":"closed","ping_status":"closed","sticky":false,"template":"","format":"standard","meta":{"_jetpack_memberships_contains_paid_content":false,"footnotes":""},"categories":[5,1],"tags":[],"class_list":["post-10467","post","type-post","status-publish","format-standard","has-post-thumbnail","hentry","category-informacion-general","category-portada"],"jetpack_featured_media_url":"https:\/\/i0.wp.com\/cdnoticias.com\/wp-content\/uploads\/2021\/01\/capacitacion-DE-Club-de-Empleo-para-J%C3%B3venes-1024x682.jpg?fit=1024%2C682&ssl=1","jetpack_sharing_enabled":true,"_links":{"self":[{"href":"https:\/\/cdnoticias.com\/index.php\/wp-json\/wp\/v2\/posts\/10467","targetHints":{"allow":["GET"]}}],"collection":[{"href":"https:\/\/cdnoticias.com\/index.php\/wp-json\/wp\/v2\/posts"}],"about":[{"href":"https:\/\/cdnoticias.com\/index.php\/wp-json\/wp\/v2\/types\/post"}],"author":[{"embeddable":true,"href":"https:\/\/cdnoticias.com\/index.php\/wp-json\/wp\/v2\/users\/4"}],"replies":[{"embeddable":true,"href":"https:\/\/cdnoticias.com\/index.php\/wp-json\/wp\/v2\/comments?post=10467"}],"version-history":[{"count":0,"href":"https:\/\/cdnoticias.com\/index.php\/wp-json\/wp\/v2\/posts\/10467\/revisions"}],"wp:featuredmedia":[{"embeddable":true,"href":"https:\/\/cdnoticias.com\/index.php\/wp-json\/wp\/v2\/media\/10468"}],"wp:attachment":[{"href":"https:\/\/cdnoticias.com\/index.php\/wp-json\/wp\/v2\/media?parent=10467"}],"wp:term":[{"taxonomy":"category","embeddable":true,"href":"https:\/\/cdnoticias.com\/index.php\/wp-json\/wp\/v2\/categories?post=10467"},{"taxonomy":"post_tag","embeddable":true,"href":"https:\/\/cdnoticias.com\/index.php\/wp-json\/wp\/v2\/tags?post=10467"}],"curies":[{"name":"wp","href":"https:\/\/api.w.org\/{rel}","templated":true}]}}