{"id":10463,"date":"2021-01-02T16:45:43","date_gmt":"2021-01-02T19:45:43","guid":{"rendered":"http:\/\/www.centraldenoticias.com.ar\/?p=10463"},"modified":"2021-01-02T17:46:00","modified_gmt":"2021-01-02T20:46:00","slug":"trabajamos-para-que-el-derecho-a-abortar-sea-realidad-en-cada-rincon-del-pais","status":"publish","type":"post","link":"https:\/\/cdnoticias.com\/index.php\/2021\/01\/02\/trabajamos-para-que-el-derecho-a-abortar-sea-realidad-en-cada-rincon-del-pais\/","title":{"rendered":"&#8220;Trabajamos para que el derecho a abortar sea realidad en cada rinc\u00f3n del pa\u00eds&#8221;"},"content":{"rendered":"<p class=\"western\">Lo dijo la ministra de las Mujeres, G\u00e9neros y Diversidad, Elizabeth G\u00f3mez Alcorta. Asumi\u00f3 que la ley de Interrupci\u00f3n Voluntaria del Embarazo tiene \u201cmayores resistencias en algunos lugares\u201d. El primer efecto, la despenalizaci\u00f3n.<!--more--><\/p>\n<hr \/>\n<p class=\"western\"><strong>La ministra de las Mujeres, G\u00e9neros y Diversidad, Elizabeth G\u00f3mez Alcorta,<\/strong> asumi\u00f3 que la ley de Interrupci\u00f3n Voluntaria del Embarazo (IVE) tiene <strong>&#8220;mayores resistencias en algunos lugares&#8221;<\/strong> de la Argentina y afirm\u00f3 que <strong>el Gobierno &#8220;trabaja para que el derecho a acceder&#8221; a un aborto legal &#8220;en cada rinc\u00f3n del pa\u00eds sea una realidad&#8221;<\/strong>.<\/p>\n<p class=\"western\">&#8220;Sabemos que tenemos un pa\u00eds con regiones con muchas <strong>diferencias idiosincr\u00e1ticas<\/strong> y hay un trabajo muy importante, que ya se empez\u00f3&#8221;, dijo la titular de la cartera en di\u00e1logo con CNN radio.<\/p>\n<p class=\"western\">Agreg\u00f3 que consciente de que &#8220;hay mayores resistencias en algunos lugares&#8221; de la Argentina, el objetivo es hacer que el derecho al acceso a un aborto legal sea una realidad &#8220;en cada rinc\u00f3n del pa\u00eds&#8221;.<\/p>\n<p class=\"western\">Tras la sanci\u00f3n el \u00faltimo mi\u00e9rcoles en el Senado de la ley de IVE, la funcionaria explic\u00f3 que, <strong>&#8220;en los pr\u00f3ximos d\u00edas, una vez promulgada la ley, una parte del proyecto empieza a tener efecto&#8221;<\/strong>, en lo relativo a la <strong>&#8220;despenalizaci\u00f3n y extensi\u00f3n de causas penales abiertas&#8221;<\/strong> y subray\u00f3 que no hay necesidad de esperar a la reglamentaci\u00f3n de la norma para esos casos.<\/p>\n<p class=\"western\">En cuanto a los requerimientos del IVE, mencion\u00f3 que <strong>&#8220;hay algunas provincias y ciudades donde el sistema de salud puede atender&#8221;<\/strong> esas demandas de la ley de Interrupci\u00f3n Voluntaria del Embarazo en forma inmediata, cuando entre en vigencia la ley. Cit\u00f3 el caso de Santa Fe, que produce en laboratorios estatales el misoprostol, que es la medicaci\u00f3n que se utiliza.<\/p>\n<blockquote>\n<p class=\"western\">&#8220;El Ministerio de Salud ya hizo una compra para proveer a todas las provincias con misoprostol y prev\u00e9 otra adquisici\u00f3n a trav\u00e9s del Fondo de Poblaci\u00f3n de Naciones Unidas (UNFPA)&#8221;, dijo, y se\u00f1al\u00f3 que esa adquisici\u00f3n permite obtener la medicaci\u00f3n a &#8220;precios muy econ\u00f3micos&#8221;.<\/p>\n<\/blockquote>\n<p class=\"western\">La ministra reconoci\u00f3 que la operatividad de la ley de IVE &#8220;<strong>va a ser dispar desde el inicio<\/strong>, pero el Gobierno trabajar\u00e1 para que las redes de distribuci\u00f3n lleguen a todos lados&#8221;.<\/p>\n<p class=\"western\">&#8220;La ley garantiza el <strong>derecho a la objeci\u00f3n de conciencia<\/strong>, entonces habr\u00e1 que ver en cada lugar donde muchos m\u00e9dicos recurran a eso c\u00f3mo se construyen las redes de derivaci\u00f3n para garantizar el derecho a abortar&#8221;, consider\u00f3.<\/p>\n<p class=\"western\">Por \u00faltimo, la funcionaria evalu\u00f3 sobre <a href=\"https:\/\/cdnoticias.com\/index.php\/2020\/12\/30\/historico-el-aborto-es-legal-en-argentina\/\" target=\"_blank\" rel=\"noopener\">la sanci\u00f3n de la ley<\/a> que &#8220;fue una lucha de d\u00e9cadas&#8221;, en un &#8220;mundo que se dirige hacia pintarse de verde&#8221; y destac\u00f3 que <strong>&#8220;hubo un trabajo transversal muy importante para llegar hasta ac\u00e1&#8221;<\/strong> y una &#8220;clara decisi\u00f3n&#8221; del presidente Alberto Fern\u00e1ndez.<\/p>\n<p class=\"western\"><em>Fuente: T\u00e9lam<\/em><\/p>\n","protected":false},"excerpt":{"rendered":"<p>Lo dijo la ministra de las Mujeres, G\u00e9neros y Diversidad, Elizabeth G\u00f3mez Alcorta. Asumi\u00f3 que la ley de Interrupci\u00f3n Voluntaria<\/p>\n","protected":false},"author":4,"featured_media":0,"comment_status":"closed","ping_status":"closed","sticky":false,"template":"","format":"standard","meta":{"_jetpack_memberships_contains_paid_content":false,"footnotes":""},"categories":[6],"tags":[],"class_list":["post-10463","post","type-post","status-publish","format-standard","hentry","category-nacionales"],"jetpack_featured_media_url":"","jetpack_sharing_enabled":true,"_links":{"self":[{"href":"https:\/\/cdnoticias.com\/index.php\/wp-json\/wp\/v2\/posts\/10463","targetHints":{"allow":["GET"]}}],"collection":[{"href":"https:\/\/cdnoticias.com\/index.php\/wp-json\/wp\/v2\/posts"}],"about":[{"href":"https:\/\/cdnoticias.com\/index.php\/wp-json\/wp\/v2\/types\/post"}],"author":[{"embeddable":true,"href":"https:\/\/cdnoticias.com\/index.php\/wp-json\/wp\/v2\/users\/4"}],"replies":[{"embeddable":true,"href":"https:\/\/cdnoticias.com\/index.php\/wp-json\/wp\/v2\/comments?post=10463"}],"version-history":[{"count":0,"href":"https:\/\/cdnoticias.com\/index.php\/wp-json\/wp\/v2\/posts\/10463\/revisions"}],"wp:attachment":[{"href":"https:\/\/cdnoticias.com\/index.php\/wp-json\/wp\/v2\/media?parent=10463"}],"wp:term":[{"taxonomy":"category","embeddable":true,"href":"https:\/\/cdnoticias.com\/index.php\/wp-json\/wp\/v2\/categories?post=10463"},{"taxonomy":"post_tag","embeddable":true,"href":"https:\/\/cdnoticias.com\/index.php\/wp-json\/wp\/v2\/tags?post=10463"}],"curies":[{"name":"wp","href":"https:\/\/api.w.org\/{rel}","templated":true}]}}