{"id":104618,"date":"2023-12-18T13:09:30","date_gmt":"2023-12-18T16:09:30","guid":{"rendered":"https:\/\/cdnoticias.com\/?p=104618"},"modified":"2023-12-18T16:52:09","modified_gmt":"2023-12-18T19:52:09","slug":"segun-proteccion-ciudadana-gracias-a-la-labor-preventiva-se-incautaron-cables-robados","status":"publish","type":"post","link":"https:\/\/cdnoticias.com\/index.php\/2023\/12\/18\/segun-proteccion-ciudadana-gracias-a-la-labor-preventiva-se-incautaron-cables-robados\/","title":{"rendered":"Seg\u00fan Protecci\u00f3n Ciudadana, \u201cgracias a la labor preventiva se incautaron cables robados\u201d"},"content":{"rendered":"<p>A partir de datos recabado por inspectores municipales, personal policial secuestr\u00f3 cables que fueron reconocidos por Coopelectric.<\/p>\n<p><!--more--><\/p>\n<hr \/>\n<p>Desde la <strong>Subsecretar\u00eda de Protecci\u00f3n Ciudadana de la Municipalidad de Olavarr\u00eda<\/strong> se inform\u00f3 que \u201cgracias a las tareas preventivas desplegadas desde la Direcci\u00f3n de Control Urbano se logr\u00f3 en las \u00faltimas horas el <strong>hallazgo y secuestro de cables de tendido de alumbrado p\u00fablico<\/strong>\u201d.<\/p>\n<blockquote><p>De acuerdo a lo expresado desde el \u00e1rea, \u201ccon motivo del temporal que azot\u00f3 nuestro Partido se incrementaron las labores preventivas y fue en ese marco que inspectores de Control Urbano tomaron conocimiento acerca de sitios en los que se llevar\u00eda a cabo la reducci\u00f3n y comercializaci\u00f3n de cableado urbano\u201d.<\/p><\/blockquote>\n<p><a href=\"https:\/\/cdnoticias.com\/index.php\/2023\/12\/15\/coopelectric-el-95-de-la-ciudad-cuenta-con-luz-y-continuan-trabajando-en-los-focos-grandes-afectados\/\" target=\"_blank\" rel=\"noopener\">En l\u00ednea con lo que expuso Coopelectric<\/a>, desde el Municipio se indic\u00f3 que estos robos son<strong> \u201cuna modalidad delictiva que agudiz\u00f3 y torn\u00f3 a\u00fan m\u00e1s complejo el restablecimiento del servicio de alumbrado tanto p\u00fablico como domiciliario\u201d.<\/strong><\/p>\n<p>Se destall\u00f3 asimismo que \u201cesa informaci\u00f3n fue puesta a disposici\u00f3n de las fuerzas de seguridad, m\u00e1s precisamente a la<strong> SubDDI local<\/strong>, que avanz\u00f3 en las averiguaciones y pesquisas que dieron marco a un <strong>procedimiento que se concret\u00f3 en las \u00faltimas horas, con saldo positivo\u201d<\/strong>. Cabe se\u00f1alar que no se expuso el sector donde se llev\u00f3 a cabo tal operativo.<\/p>\n<blockquote><p>Acerca del resultado, se inform\u00f3 que \u201cse logr\u00f3 el hallazgo de una importante cantidad de recorte de cables, que fueron reconocidos como propios por Coopelectric. Los insumos fueron secuestrados y las actuaciones labradas quedaron a disposici\u00f3n de la fiscal\u00eda en turno, la N\u00b0 7 del doctor Christian Url\u00e9zaga\u201d.<\/p><\/blockquote>\n","protected":false},"excerpt":{"rendered":"<p>A partir de datos recabado por inspectores municipales, personal policial secuestr\u00f3 cables que fueron reconocidos por Coopelectric.<\/p>\n","protected":false},"author":4,"featured_media":104619,"comment_status":"closed","ping_status":"closed","sticky":false,"template":"","format":"standard","meta":{"_jetpack_memberships_contains_paid_content":false,"footnotes":""},"categories":[14,1],"tags":[],"class_list":["post-104618","post","type-post","status-publish","format-standard","has-post-thumbnail","hentry","category-policiales","category-portada"],"jetpack_featured_media_url":"https:\/\/i0.wp.com\/cdnoticias.com\/wp-content\/uploads\/2023\/12\/allanamiento-cables-robados-control-urbano.jpg?fit=1000%2C556&ssl=1","jetpack_sharing_enabled":true,"_links":{"self":[{"href":"https:\/\/cdnoticias.com\/index.php\/wp-json\/wp\/v2\/posts\/104618","targetHints":{"allow":["GET"]}}],"collection":[{"href":"https:\/\/cdnoticias.com\/index.php\/wp-json\/wp\/v2\/posts"}],"about":[{"href":"https:\/\/cdnoticias.com\/index.php\/wp-json\/wp\/v2\/types\/post"}],"author":[{"embeddable":true,"href":"https:\/\/cdnoticias.com\/index.php\/wp-json\/wp\/v2\/users\/4"}],"replies":[{"embeddable":true,"href":"https:\/\/cdnoticias.com\/index.php\/wp-json\/wp\/v2\/comments?post=104618"}],"version-history":[{"count":0,"href":"https:\/\/cdnoticias.com\/index.php\/wp-json\/wp\/v2\/posts\/104618\/revisions"}],"wp:featuredmedia":[{"embeddable":true,"href":"https:\/\/cdnoticias.com\/index.php\/wp-json\/wp\/v2\/media\/104619"}],"wp:attachment":[{"href":"https:\/\/cdnoticias.com\/index.php\/wp-json\/wp\/v2\/media?parent=104618"}],"wp:term":[{"taxonomy":"category","embeddable":true,"href":"https:\/\/cdnoticias.com\/index.php\/wp-json\/wp\/v2\/categories?post=104618"},{"taxonomy":"post_tag","embeddable":true,"href":"https:\/\/cdnoticias.com\/index.php\/wp-json\/wp\/v2\/tags?post=104618"}],"curies":[{"name":"wp","href":"https:\/\/api.w.org\/{rel}","templated":true}]}}