{"id":104612,"date":"2023-12-18T12:30:40","date_gmt":"2023-12-18T15:30:40","guid":{"rendered":"https:\/\/cdnoticias.com\/?p=104612"},"modified":"2023-12-18T14:23:40","modified_gmt":"2023-12-18T17:23:40","slug":"olavarria-es-una-zona-propicia-para-tormentas-severas","status":"publish","type":"post","link":"https:\/\/cdnoticias.com\/index.php\/2023\/12\/18\/olavarria-es-una-zona-propicia-para-tormentas-severas\/","title":{"rendered":"Olavarr\u00eda \u201ces una zona propicia para tormentas severas\u201d"},"content":{"rendered":"<p>Lo dijo la doctora en meteorolog\u00eda Mar\u00eda Luisa Altinger acerca de los fen\u00f3menos que se registraron la semana pasada. Compar\u00f3 con los tornados que se dieron en abril de 1993. El cambio clim\u00e1tico: se requieren m\u00e1s estudios.<!--more--><\/p>\n<hr \/>\n<p>La<strong> doctora en meteorolog\u00eda Mar\u00eda Luisa Altinger (87)<\/strong>, quien fue investigadora del Conicet y ahora es jubilada, habl\u00f3 con el programa <em>Levantate por Radio Sapiens<\/em> sobre los<strong> fen\u00f3menos de tormenta que se dieron en Olavarr\u00eda en la \u00faltima semana<\/strong>. La profesional es reconocida por su carrera en investigaci\u00f3n de tornados en Argentina, de los que contabiliz\u00f3 653 desde 1930.<\/p>\n\n&nbsp;\n\n<p>Los temporales se dieron en nuestro distrito los d\u00edas 12, 14 y 16 diciembre. En cada caso fueron anunciados mediante alertas del Servicio Meteorol\u00f3gico Nacional. La doctora Altinger se\u00f1al\u00f3 que<strong> se trat\u00f3 de una situaci\u00f3n in\u00e9dita esta reiteraci\u00f3n de tormentas<\/strong>.<\/p>\n\n&nbsp;\n\n<blockquote>\n<p>En su observaci\u00f3n de las im\u00e1genes satelitales, expuso que la tormenta del martes 12 que comenz\u00f3 a las 18.10 fue \u201cmuy severa\u201d y la m\u00e1s grave de las tres que se sucedieron. Respecto de la del 14 de diciembre se\u00f1al\u00f3 que comenz\u00f3 a las 18.30 y fue \u201cbastante severa\u201d. A ello sum\u00f3 que tambi\u00e9n lo sucedido el 16 de diciembre, los tres fen\u00f3menos \u201cson iguales porque est\u00e1bamos dentro de un aire tropical, de mucho calor, y una onda de perturbaci\u00f3n\u201d a lo que a\u00f1adi\u00f3 que \u201cten\u00edan condiciones fant\u00e1sticas para producir tormenta\u201d.<\/p>\n<\/blockquote>\n\n&nbsp;\n\n<p><img data-recalc-dims=\"1\" loading=\"lazy\" decoding=\"async\" class=\"size-large wp-image-104614 aligncenter\" src=\"https:\/\/i0.wp.com\/cdnoticias.com\/wp-content\/uploads\/2023\/12\/maria-luisa-altinger-2-telam.jpg?resize=800%2C445&#038;ssl=1\" alt=\"\" width=\"800\" height=\"445\" srcset=\"https:\/\/i0.wp.com\/cdnoticias.com\/wp-content\/uploads\/2023\/12\/maria-luisa-altinger-2-telam.jpg?resize=1024%2C569&amp;ssl=1 1024w, https:\/\/i0.wp.com\/cdnoticias.com\/wp-content\/uploads\/2023\/12\/maria-luisa-altinger-2-telam.jpg?resize=300%2C167&amp;ssl=1 300w, https:\/\/i0.wp.com\/cdnoticias.com\/wp-content\/uploads\/2023\/12\/maria-luisa-altinger-2-telam.jpg?resize=768%2C427&amp;ssl=1 768w, https:\/\/i0.wp.com\/cdnoticias.com\/wp-content\/uploads\/2023\/12\/maria-luisa-altinger-2-telam.jpg?resize=800%2C445&amp;ssl=1 800w, https:\/\/i0.wp.com\/cdnoticias.com\/wp-content\/uploads\/2023\/12\/maria-luisa-altinger-2-telam.jpg?w=1200&amp;ssl=1 1200w\" sizes=\"auto, (max-width: 800px) 100vw, 800px\" \/><\/p>\n\n&nbsp;\n\n<h2>Olavarr\u00eda, \u201czona propicia\u201d<\/h2>\n\n&nbsp;\n\n<p>Ante la consulta por si se trat\u00f3 de un<strong> tornado<\/strong>, indic\u00f3 que por un lado no hay registro fotogr\u00e1fico del \u201ccono\u201d que se forma y por otro lado se requiere de una observaci\u00f3n del terreno y las consecuencias.<\/p>\n\n&nbsp;\n\n<p>En ese sentido, contrast\u00f3 con lo que sucedido el<strong> 13 de abril de 1993 donde hubo al menos 100 tornados en la provincia de Buenos Aires y Olavarr\u00eda estuvo entre las ciudades m\u00e1s afectadas<\/strong>. Mar\u00eda Luisa Altinger detall\u00f3 c\u00f3mo se dio el fen\u00f3meno en nuestra regi\u00f3n hace 30 a\u00f1os, donde ella misma particip\u00f3 de la investigaci\u00f3n.<\/p>\n\n&nbsp;\n\n<p>Record\u00f3 que los tornados se registraron en Rocha, pasando Santa Luisa, Pourtal\u00e9, ciudad de Olavarr\u00eda, pasando Olavarr\u00eda, cerca de Azul y ciudad de Azul.<strong> \u201cSobre esa l\u00ednea, entre Rocha y Azul, hubieron en el mismo momento seis tornados simult\u00e1neos. Nosotros hicimos ese estudio de los 400 tornados en una noche\u201d<\/strong> record\u00f3 para se\u00f1alar que<strong> \u201custedes de tornados conocen\u201d.<\/strong><\/p>\n\n&nbsp;\n\n<blockquote>\n<p>Agreg\u00f3 tambi\u00e9n otros fen\u00f3menos de tormenta que estudi\u00f3 sobre Olavarr\u00eda y que ella misma registr\u00f3 en 1942, 1946, 1949, 1986, 1993, 1996, 1998, 2003, 2011, 2012 y 2015. \u201cUstedes ven que es una zona propicia para tormentas severas, en medio de la llanura pampeana\u201d. A eso a\u00f1adi\u00f3 la particularidad \u201cterrible\u201d de los tres fen\u00f3menos en una semana que se dieron ahora.<\/p>\n<\/blockquote>\n\n&nbsp;\n\n<p>La primavera y el verano son las temporadas de mayor recurrencia de tormentas, con lo que plante\u00f3 la posibilidad de que se repitan en nuestra regi\u00f3n. <strong>\u201cLa frecuencia marcada comienza en octubre y termina m\u00e1s o menos en marzo.<\/strong> As\u00ed que estamos en pleno per\u00edodo de formaci\u00f3n de tormentas en cualquier lado de la Argentina, excepto la Patagonia\u201d indic\u00f3 la doctora.<\/p>\n\n&nbsp;\n\n<p><img data-recalc-dims=\"1\" loading=\"lazy\" decoding=\"async\" class=\"size-large wp-image-104615 aligncenter\" src=\"https:\/\/i0.wp.com\/cdnoticias.com\/wp-content\/uploads\/2023\/12\/maria-luisa-altinger-1-telam.jpg?resize=800%2C450&#038;ssl=1\" alt=\"\" width=\"800\" height=\"450\" srcset=\"https:\/\/i0.wp.com\/cdnoticias.com\/wp-content\/uploads\/2023\/12\/maria-luisa-altinger-1-telam.jpg?resize=1024%2C576&amp;ssl=1 1024w, https:\/\/i0.wp.com\/cdnoticias.com\/wp-content\/uploads\/2023\/12\/maria-luisa-altinger-1-telam.jpg?resize=300%2C169&amp;ssl=1 300w, https:\/\/i0.wp.com\/cdnoticias.com\/wp-content\/uploads\/2023\/12\/maria-luisa-altinger-1-telam.jpg?resize=768%2C432&amp;ssl=1 768w, https:\/\/i0.wp.com\/cdnoticias.com\/wp-content\/uploads\/2023\/12\/maria-luisa-altinger-1-telam.jpg?w=1200&amp;ssl=1 1200w\" sizes=\"auto, (max-width: 800px) 100vw, 800px\" \/><\/p>\n\n&nbsp;\n\n<h2>\u00bfEs el cambio clim\u00e1tico?<\/h2>\n\n&nbsp;\n\n<p>La doctora en meteorolog\u00eda fue consultada sobre la <strong>recurrencia de tormentas severas y la relaci\u00f3n con el cambio clim\u00e1tico<\/strong>. La respuesta no fue tajante y apunt\u00f3 a la necesidad de continuar los estudios en el tiempo.<\/p>\n\n&nbsp;\n\n<p>Se\u00f1al\u00f3 que <em>sus registros comienzan en 1930. Desde ese momento hasta 1960 advierte una frecuencia que luego aumenta, que vuelve a incrementarse desde 1990 en adelante y m\u00e1s a\u00fan desde 2000 hacia la actualidad<\/em>. Pero a esos cambio los relacion\u00f3 con otro aspecto: <strong>la mejora en las comunicaciones.<\/strong><\/p>\n\n&nbsp;\n\n<blockquote>\n<p>\u201cUno dir\u00eda este es el cambio clim\u00e1tico. No lo es. Primero, en el 60 apareci\u00f3 la televisi\u00f3n. Entonces la forma de comunicaci\u00f3n era mejor, ya no era por tel\u00e9grafo. Despu\u00e9s aparece ya internet, las computadoras. Y entre 2000 y 2010 cada pueblo ten\u00eda su p\u00e1gina y entonces la cantidad de informaci\u00f3n que nos llega es completamente mayor. Pero eso no quiere decir que hubo un impacto del cambio clim\u00e1tico. Lo que primero hay es un gran impacto de la tecnolog\u00eda de comunicaci\u00f3n\u201d afirm\u00f3.<\/p>\n<\/blockquote>\n\n&nbsp;\n\n<p><img data-recalc-dims=\"1\" loading=\"lazy\" decoding=\"async\" class=\"size-large wp-image-104616 aligncenter\" src=\"https:\/\/i0.wp.com\/cdnoticias.com\/wp-content\/uploads\/2023\/12\/maria-luisa-altinger-0-telam.jpg?resize=800%2C445&#038;ssl=1\" alt=\"\" width=\"800\" height=\"445\" srcset=\"https:\/\/i0.wp.com\/cdnoticias.com\/wp-content\/uploads\/2023\/12\/maria-luisa-altinger-0-telam.jpg?resize=1024%2C569&amp;ssl=1 1024w, https:\/\/i0.wp.com\/cdnoticias.com\/wp-content\/uploads\/2023\/12\/maria-luisa-altinger-0-telam.jpg?resize=300%2C167&amp;ssl=1 300w, https:\/\/i0.wp.com\/cdnoticias.com\/wp-content\/uploads\/2023\/12\/maria-luisa-altinger-0-telam.jpg?resize=768%2C427&amp;ssl=1 768w, https:\/\/i0.wp.com\/cdnoticias.com\/wp-content\/uploads\/2023\/12\/maria-luisa-altinger-0-telam.jpg?resize=800%2C445&amp;ssl=1 800w, https:\/\/i0.wp.com\/cdnoticias.com\/wp-content\/uploads\/2023\/12\/maria-luisa-altinger-0-telam.jpg?w=1100&amp;ssl=1 1100w\" sizes=\"auto, (max-width: 800px) 100vw, 800px\" \/><\/p>\n\n&nbsp;\n\n<p>Mar\u00eda Luisa Altinger consider\u00f3 que \u201cposiblemente desde el a\u00f1o 1930 a 1960 hubieron los mismos casos que tenemos ahora. Pero ahora viene la pregunta, <strong>\u00bfcu\u00e1nto tiempo hay que tener para dentro de 30 a\u00f1os ver si realmente esto tiene que ver con el cambio clim\u00e1tico?\u201d<\/strong>.<\/p>\n\n&nbsp;\n\n<blockquote>\n<p>A modo de conclusi\u00f3n sostuvo que \u201cno podemos decir que eso es por el cambio, por ahora. Es probable que s\u00ed, que hay una se\u00f1al. Pero habr\u00e1 que tener m\u00e1s datos\u201d.<\/p>\n<\/blockquote>\n\n&nbsp;\n\n\n<p>Fotos: <em>Telam<\/em><\/p>\n\n\n&nbsp;\n","protected":false},"excerpt":{"rendered":"<p>Lo dijo la doctora en meteorolog\u00eda Mar\u00eda Luisa Altinger acerca de los fen\u00f3menos que se registraron la semana pasada. Compar\u00f3<\/p>\n","protected":false},"author":4,"featured_media":104613,"comment_status":"closed","ping_status":"closed","sticky":false,"template":"","format":"standard","meta":{"_jetpack_memberships_contains_paid_content":false,"footnotes":""},"categories":[5,1],"tags":[],"class_list":["post-104612","post","type-post","status-publish","format-standard","has-post-thumbnail","hentry","category-informacion-general","category-portada"],"jetpack_featured_media_url":"https:\/\/i0.wp.com\/cdnoticias.com\/wp-content\/uploads\/2023\/12\/maria-luisa-altinger-3-telam.jpg?fit=1200%2C675&ssl=1","jetpack_sharing_enabled":true,"_links":{"self":[{"href":"https:\/\/cdnoticias.com\/index.php\/wp-json\/wp\/v2\/posts\/104612","targetHints":{"allow":["GET"]}}],"collection":[{"href":"https:\/\/cdnoticias.com\/index.php\/wp-json\/wp\/v2\/posts"}],"about":[{"href":"https:\/\/cdnoticias.com\/index.php\/wp-json\/wp\/v2\/types\/post"}],"author":[{"embeddable":true,"href":"https:\/\/cdnoticias.com\/index.php\/wp-json\/wp\/v2\/users\/4"}],"replies":[{"embeddable":true,"href":"https:\/\/cdnoticias.com\/index.php\/wp-json\/wp\/v2\/comments?post=104612"}],"version-history":[{"count":0,"href":"https:\/\/cdnoticias.com\/index.php\/wp-json\/wp\/v2\/posts\/104612\/revisions"}],"wp:featuredmedia":[{"embeddable":true,"href":"https:\/\/cdnoticias.com\/index.php\/wp-json\/wp\/v2\/media\/104613"}],"wp:attachment":[{"href":"https:\/\/cdnoticias.com\/index.php\/wp-json\/wp\/v2\/media?parent=104612"}],"wp:term":[{"taxonomy":"category","embeddable":true,"href":"https:\/\/cdnoticias.com\/index.php\/wp-json\/wp\/v2\/categories?post=104612"},{"taxonomy":"post_tag","embeddable":true,"href":"https:\/\/cdnoticias.com\/index.php\/wp-json\/wp\/v2\/tags?post=104612"}],"curies":[{"name":"wp","href":"https:\/\/api.w.org\/{rel}","templated":true}]}}