{"id":104598,"date":"2023-12-18T09:47:45","date_gmt":"2023-12-18T12:47:45","guid":{"rendered":"https:\/\/cdnoticias.com\/?p=104598"},"modified":"2023-12-18T12:31:01","modified_gmt":"2023-12-18T15:31:01","slug":"la-cgt-de-olavarria-en-rechazo-al-protocolo-antipiquetes-de-bullrich","status":"publish","type":"post","link":"https:\/\/cdnoticias.com\/index.php\/2023\/12\/18\/la-cgt-de-olavarria-en-rechazo-al-protocolo-antipiquetes-de-bullrich\/","title":{"rendered":"La CGT de Olavarr\u00eda, en rechazo al protocolo \u201cantipiquetes\u201d de Bullrich"},"content":{"rendered":"<p>\u201cSe trata de instaurar en nuestro pa\u00eds un plan articulado, en el que las medidas econ\u00f3micas y la quita de derechos ser\u00e1n aplicadas con represi\u00f3n de las protestas en las calles\u201d sostuvo la entidad.<!--more--><\/p>\n<hr \/>\n<p><strong>\u201cTrabajadores por la defensa de sus derechos repudiamos intimidaci\u00f3n\u201d<\/strong> es el t\u00edtulo del comunicado que emiti\u00f3 la<strong> CGT Regional de Olavarr\u00eda<\/strong> en respuesta al nuevo<em> \u201cProtocolo para el mantenimiento del orden p\u00fablico\u201d que present\u00f3 la ministra de Seguridad de la naci\u00f3n, Patricia Bullrich<\/em> la semana pasada.<\/p>\n<p>La regional de la central sindical consider\u00f3<strong> \u201cpreocupantes\u201d<\/strong> los detalles que expuso la funcionaria y se\u00f1alaron que desde la Naci\u00f3n se mantiene <strong>\u201cla intenci\u00f3n de perseguir y criminalizar a los dirigentes, trabajadores y trabajadoras que se manifiesten en las calles por la defensa de sus derechos\u201d.<\/strong><\/p>\n<blockquote><p>\u201cLos m\u00e1s de 40 gremios que hemos sellado la unidad del Sindicalismo para la conformaci\u00f3n de la CGT Regional Olavarr\u00eda repudiamos y rechazamos las declaraciones de la funcionaria nacional. Entendemos que se trata de instaurar en nuestro pa\u00eds un plan articulado, en el que las medidas econ\u00f3micas y la quita de derechos ser\u00e1n aplicadas con represi\u00f3n de las protestas en las calles. Un escenario que ya hemos vivido y sufrido en la Argentina y al que no queremos volver nunca m\u00e1s\u201d declar\u00f3.<\/p><\/blockquote>\n<p><img data-recalc-dims=\"1\" loading=\"lazy\" decoding=\"async\" class=\"size-large wp-image-100349 aligncenter\" src=\"https:\/\/i0.wp.com\/cdnoticias.com\/wp-content\/uploads\/2023\/10\/cgt-repudio-07.jpeg?resize=800%2C445&#038;ssl=1\" alt=\"\" width=\"800\" height=\"445\" srcset=\"https:\/\/i0.wp.com\/cdnoticias.com\/wp-content\/uploads\/2023\/10\/cgt-repudio-07.jpeg?resize=1024%2C570&amp;ssl=1 1024w, https:\/\/i0.wp.com\/cdnoticias.com\/wp-content\/uploads\/2023\/10\/cgt-repudio-07.jpeg?resize=300%2C167&amp;ssl=1 300w, https:\/\/i0.wp.com\/cdnoticias.com\/wp-content\/uploads\/2023\/10\/cgt-repudio-07.jpeg?resize=768%2C427&amp;ssl=1 768w, https:\/\/i0.wp.com\/cdnoticias.com\/wp-content\/uploads\/2023\/10\/cgt-repudio-07.jpeg?resize=1536%2C854&amp;ssl=1 1536w, https:\/\/i0.wp.com\/cdnoticias.com\/wp-content\/uploads\/2023\/10\/cgt-repudio-07.jpeg?resize=800%2C445&amp;ssl=1 800w, https:\/\/i0.wp.com\/cdnoticias.com\/wp-content\/uploads\/2023\/10\/cgt-repudio-07.jpeg?w=1600&amp;ssl=1 1600w\" sizes=\"auto, (max-width: 800px) 100vw, 800px\" \/><\/p>\n<p>Consideraron que<em> \u201cla libertad de los libertarios s\u00f3lo podr\u00eda ser plena con la persecuci\u00f3n, el hostigamiento y el maltrato al movimiento obrero y los sectores m\u00e1s desprotegidos\u201d.<\/em><\/p>\n<p>A ello sumaron, \u201crenovamos el compromiso de unidad como la mejor herramienta para la defensa de nuestras conquistas hist\u00f3ricas. Estaremos juntos, compa\u00f1eros y compa\u00f1eras. Estaremos codo a codo. <strong>Estaremos en las marchas. Estaremos en la lucha. Estaremos en las calles cada vez que sea necesario\u201d.<\/strong><\/p>\n","protected":false},"excerpt":{"rendered":"<p>\u201cSe trata de instaurar en nuestro pa\u00eds un plan articulado, en el que las medidas econ\u00f3micas y la quita de<\/p>\n","protected":false},"author":4,"featured_media":100236,"comment_status":"closed","ping_status":"closed","sticky":false,"template":"","format":"standard","meta":{"_jetpack_memberships_contains_paid_content":false,"footnotes":""},"categories":[4,1],"tags":[],"class_list":["post-104598","post","type-post","status-publish","format-standard","has-post-thumbnail","hentry","category-politica","category-portada"],"jetpack_featured_media_url":"https:\/\/i0.wp.com\/cdnoticias.com\/wp-content\/uploads\/2023\/10\/cgt-manifestacion-00.jpg?fit=1000%2C557&ssl=1","jetpack_sharing_enabled":true,"_links":{"self":[{"href":"https:\/\/cdnoticias.com\/index.php\/wp-json\/wp\/v2\/posts\/104598","targetHints":{"allow":["GET"]}}],"collection":[{"href":"https:\/\/cdnoticias.com\/index.php\/wp-json\/wp\/v2\/posts"}],"about":[{"href":"https:\/\/cdnoticias.com\/index.php\/wp-json\/wp\/v2\/types\/post"}],"author":[{"embeddable":true,"href":"https:\/\/cdnoticias.com\/index.php\/wp-json\/wp\/v2\/users\/4"}],"replies":[{"embeddable":true,"href":"https:\/\/cdnoticias.com\/index.php\/wp-json\/wp\/v2\/comments?post=104598"}],"version-history":[{"count":0,"href":"https:\/\/cdnoticias.com\/index.php\/wp-json\/wp\/v2\/posts\/104598\/revisions"}],"wp:featuredmedia":[{"embeddable":true,"href":"https:\/\/cdnoticias.com\/index.php\/wp-json\/wp\/v2\/media\/100236"}],"wp:attachment":[{"href":"https:\/\/cdnoticias.com\/index.php\/wp-json\/wp\/v2\/media?parent=104598"}],"wp:term":[{"taxonomy":"category","embeddable":true,"href":"https:\/\/cdnoticias.com\/index.php\/wp-json\/wp\/v2\/categories?post=104598"},{"taxonomy":"post_tag","embeddable":true,"href":"https:\/\/cdnoticias.com\/index.php\/wp-json\/wp\/v2\/tags?post=104598"}],"curies":[{"name":"wp","href":"https:\/\/api.w.org\/{rel}","templated":true}]}}