{"id":104596,"date":"2023-12-18T09:34:12","date_gmt":"2023-12-18T12:34:12","guid":{"rendered":"https:\/\/cdnoticias.com\/?p=104596"},"modified":"2023-12-18T09:48:11","modified_gmt":"2023-12-18T12:48:11","slug":"el-gobierno-decreto-la-emergencia-energetica-revision-de-tarifas-e-intervencion-de-entes-reguladores","status":"publish","type":"post","link":"https:\/\/cdnoticias.com\/index.php\/2023\/12\/18\/el-gobierno-decreto-la-emergencia-energetica-revision-de-tarifas-e-intervencion-de-entes-reguladores\/","title":{"rendered":"El Gobierno decret\u00f3 la emergencia energ\u00e9tica: revisi\u00f3n de tarifas e intervenci\u00f3n de entes reguladores"},"content":{"rendered":"<p>Se proyectan aumentos. Es preciso adoptar medidas &#8220;de corto, mediano y largo plazo que permitan la continuidad en la prestaci\u00f3n de los servicios p\u00fablicos\u201d, se\u00f1ala el decreto.<\/p>\n<p><!--more--><\/p>\n<hr \/>\n<p><strong>El Gobierno nacional declar\u00f3 este lunes la emergencia en el sector energ\u00e9tico por un a\u00f1o<\/strong>, lo que implica <strong>una revisi\u00f3n tarifaria que derivar\u00e1 en aumentos<\/strong>, y dispuso la intervenci\u00f3n de los entes reguladores de electricidad y gas, el ENRE y Enargas.<\/p>\n<p>Lo hizo mediante el <strong>Decreto 55\/2023<\/strong> publicado en el Bolet\u00edn Oficial bajo las firmas del presidente Javier Milei y su Gabinete, y la medida correr\u00e1 hasta el 31 de diciembre del 2024.<\/p>\n<p>Tal como dispone el art\u00edculo 1\u00b0,<strong> la emergencia fue declarada en los segmentos de generaci\u00f3n, transporte y distribuci\u00f3n de energ\u00eda el\u00e9ctrica<\/strong> bajo jurisdicci\u00f3n federal y de transporte y distribuci\u00f3n.<\/p>\n<p>El decreto considera que, debido a \u201cla situaci\u00f3n en que esta gesti\u00f3n de Gobierno recibi\u00f3 el sistema energ\u00e9tico y las condiciones que se proyectan a futuro\u201d, es preciso <strong>adoptar medidas \u201cde corto, mediano y largo plazo que permitan la continuidad en la prestaci\u00f3n de los servicios p\u00fablicos<\/strong> de transporte y distribuci\u00f3n de energ\u00eda el\u00e9ctrica y gas natural, y asegurar el <strong>adecuado suministro<\/strong> a toda la poblaci\u00f3n del pa\u00eds\u201d.<\/p>\n<blockquote><p>El decreto instruye a la Secretar\u00eda de Energ\u00eda de la Naci\u00f3n a establecer los mecanismos para la \u201csanci\u00f3n de precios en condiciones de competencia y libre acceso, mantener en t\u00e9rminos reales los niveles de ingresos y cubrir las necesidades de inversi\u00f3n, para garantizar la prestaci\u00f3n continua de los servicios p\u00fablicos de transporte y distribuci\u00f3n de energ\u00eda el\u00e9ctrica y gas natural\u201d.<\/p><\/blockquote>\n<p>Adem\u00e1s, el DNU determina el <strong>inicio de la revisi\u00f3n tarifaria<\/strong> y establece que la <strong>entrada en vigencia de los cuadros tarifarios<\/strong> que resulten de este proceso no podr\u00e1 exceder del 31 de diciembre de 2024.<\/p>\n<p>Adem\u00e1s, se dispone la intervenci\u00f3n del Ente Nacional Regulador de la Electricidad (ENRE) y del Ente Nacional Regulador del Gas (ENARGAS), a partir del 1 de enero de 2024 y hasta la designaci\u00f3n de los miembros del Directorio.<\/p>\n<blockquote><p>Hasta tanto concluya el proceso de revisi\u00f3n tarifaria podr\u00e1n aprobarse \u201cadecuaciones transitorias de tarifas y ajustes peri\u00f3dicos\u201d, propendiendo a la continuidad y normal prestaci\u00f3n de los servicios p\u00fablicos involucrados, a cuenta de lo que resulte de la revisi\u00f3n tarifaria dispuesta en el citado art\u00edculo 3.<\/p><\/blockquote>\n<h2>Intervenci\u00f3n de entes reguladores<\/h2>\n<p>El DNU Tambi\u00e9n dispone la intervenci\u00f3n de los entes reguladores del sector (ENRE y Enargas) a partir de enero pr\u00f3ximo, hasta que se designen los nuevos directorios seg\u00fan los procesos de selecci\u00f3n que deber\u00e1 implementar Econom\u00eda en 180 d\u00edas.<\/p>\n<p>Los interventores tendr\u00e1n como principales misiones informar sobre el estado de situaci\u00f3n heredado e iniciar la renegociaci\u00f3n de tarifas contemplando participaci\u00f3n ciudadana, a la vez que deber\u00e1n considerar recomendaciones previas de los \u00f3rganos de control externo sobre revisiones tarifarias y contratos de concesi\u00f3n.<\/p>\n<p>Fuente: <em>Agencia DIB<\/em><\/p>\n","protected":false},"excerpt":{"rendered":"<p>Se proyectan aumentos. Es preciso adoptar medidas &#8220;de corto, mediano y largo plazo que permitan la continuidad en la prestaci\u00f3n<\/p>\n","protected":false},"author":4,"featured_media":19357,"comment_status":"closed","ping_status":"closed","sticky":false,"template":"","format":"standard","meta":{"_jetpack_memberships_contains_paid_content":false,"footnotes":""},"categories":[6,1],"tags":[],"class_list":["post-104596","post","type-post","status-publish","format-standard","has-post-thumbnail","hentry","category-nacionales","category-portada"],"jetpack_featured_media_url":"https:\/\/i0.wp.com\/cdnoticias.com\/wp-content\/uploads\/2021\/04\/energia-696x464.jpg?fit=696%2C464&ssl=1","jetpack_sharing_enabled":true,"_links":{"self":[{"href":"https:\/\/cdnoticias.com\/index.php\/wp-json\/wp\/v2\/posts\/104596","targetHints":{"allow":["GET"]}}],"collection":[{"href":"https:\/\/cdnoticias.com\/index.php\/wp-json\/wp\/v2\/posts"}],"about":[{"href":"https:\/\/cdnoticias.com\/index.php\/wp-json\/wp\/v2\/types\/post"}],"author":[{"embeddable":true,"href":"https:\/\/cdnoticias.com\/index.php\/wp-json\/wp\/v2\/users\/4"}],"replies":[{"embeddable":true,"href":"https:\/\/cdnoticias.com\/index.php\/wp-json\/wp\/v2\/comments?post=104596"}],"version-history":[{"count":0,"href":"https:\/\/cdnoticias.com\/index.php\/wp-json\/wp\/v2\/posts\/104596\/revisions"}],"wp:featuredmedia":[{"embeddable":true,"href":"https:\/\/cdnoticias.com\/index.php\/wp-json\/wp\/v2\/media\/19357"}],"wp:attachment":[{"href":"https:\/\/cdnoticias.com\/index.php\/wp-json\/wp\/v2\/media?parent=104596"}],"wp:term":[{"taxonomy":"category","embeddable":true,"href":"https:\/\/cdnoticias.com\/index.php\/wp-json\/wp\/v2\/categories?post=104596"},{"taxonomy":"post_tag","embeddable":true,"href":"https:\/\/cdnoticias.com\/index.php\/wp-json\/wp\/v2\/tags?post=104596"}],"curies":[{"name":"wp","href":"https:\/\/api.w.org\/{rel}","templated":true}]}}