{"id":104588,"date":"2023-12-18T08:11:35","date_gmt":"2023-12-18T11:11:35","guid":{"rendered":"https:\/\/cdnoticias.com\/?p=104588"},"modified":"2023-12-18T10:13:03","modified_gmt":"2023-12-18T13:13:03","slug":"coopelectric-informo-que-se-repuso-un-98-del-servicio-electrico-de-olavarria","status":"publish","type":"post","link":"https:\/\/cdnoticias.com\/index.php\/2023\/12\/18\/coopelectric-informo-que-se-repuso-un-98-del-servicio-electrico-de-olavarria\/","title":{"rendered":"Coopelectric inform\u00f3 que se repuso un 98% del servicio el\u00e9ctrico de Olavarr\u00eda"},"content":{"rendered":"<p>\u201cA partir de ahora, se comenzar\u00e1n a recibir reclamos puntuales de usuarios sin energ\u00eda\u201d inform\u00f3 la cooperativa y advirti\u00f3 que \u201cdentro de un mismo barrio puede haber vecinos que cuenten con energ\u00eda y otros que todav\u00eda no\u201d.<!--more--><\/p>\n<hr \/>\n<p><strong>Coopelectric emiti\u00f3 este lunes un informe sobre la actualidad de las reparaciones del servicio el\u00e9ctrico<\/strong> en Olavarr\u00eda tras los temporales de la semana pasada que <a href=\"https:\/\/cdnoticias.com\/index.php\/2023\/12\/15\/entre-el-martes-y-el-jueves-bomberos-atendio-casi-280-servicios\/\" target=\"_blank\" rel=\"noopener\">causaron graves da\u00f1os en el tendido<\/a>.<\/p>\n<p>&nbsp;<\/p>\n<blockquote><p>\u201cDurante la jornada del d\u00eda domingo, el personal de Coopelectric logr\u00f3 normalizar el servicio en la mayor\u00eda de la ciudad, llegando a cubrir aproximadamente un 98 % de la misma\u201d se inform\u00f3.<\/p><\/blockquote>\n<p>&nbsp;<\/p>\n<p>Se indic\u00f3 que<strong> \u201ca partir de ahora, se comenzar\u00e1n a recibir reclamos puntuales de usuarios sin energ\u00eda<\/strong> a trav\u00e9s de las diferentes v\u00edas de contacto y atendiendo cada situaci\u00f3n en particular\u201d.<\/p>\n<p>&nbsp;<\/p>\n<p><img data-recalc-dims=\"1\" loading=\"lazy\" decoding=\"async\" class=\"size-full wp-image-104389 aligncenter\" src=\"https:\/\/i0.wp.com\/cdnoticias.com\/wp-content\/uploads\/2023\/12\/tormenta-temporal-coopelectric.jpg?resize=800%2C450&#038;ssl=1\" alt=\"\" width=\"800\" height=\"450\" srcset=\"https:\/\/i0.wp.com\/cdnoticias.com\/wp-content\/uploads\/2023\/12\/tormenta-temporal-coopelectric.jpg?w=800&amp;ssl=1 800w, https:\/\/i0.wp.com\/cdnoticias.com\/wp-content\/uploads\/2023\/12\/tormenta-temporal-coopelectric.jpg?resize=300%2C169&amp;ssl=1 300w, https:\/\/i0.wp.com\/cdnoticias.com\/wp-content\/uploads\/2023\/12\/tormenta-temporal-coopelectric.jpg?resize=768%2C432&amp;ssl=1 768w\" sizes=\"auto, (max-width: 800px) 100vw, 800px\" \/><\/p>\n<p>&nbsp;<\/p>\n<p>Coopelectric aclar\u00f3 que<strong> \u201cla resoluci\u00f3n de algunas pueden demorar m\u00e1s que otras dependiendo de las tareas a realizar<\/strong>. Es decir, si se trata de reparaci\u00f3n a trav\u00e9s de obras puntuales o reposici\u00f3n del servicio solamente\u201d.<\/p>\n<p>&nbsp;<\/p>\n<blockquote><p>\u201cEs por eso que dentro de un mismo barrio puede haber vecinos que cuenten con energ\u00eda y otros que todav\u00eda no lo hagan. Reiteramos que todo depende del an\u00e1lisis de cada caso particular\u201d advirti\u00f3 la distribuidora del servicio.<\/p><\/blockquote>\n<p>&nbsp;<\/p>\n<p>La cooperativa valor\u00f3 <strong>\u201cqueremos destacar que el personal trabaja incansablemente desde el primer d\u00eda para lograr normalizar el servicio<\/strong>, ya que el temporal provoc\u00f3 <strong>da\u00f1os de inmensa magnitud<\/strong> en todo el Partido\u201d.<\/p>\n<p>&nbsp;<\/p>\n<p><img data-recalc-dims=\"1\" loading=\"lazy\" decoding=\"async\" class=\"size-large wp-image-104275 aligncenter\" src=\"https:\/\/i0.wp.com\/cdnoticias.com\/wp-content\/uploads\/2023\/12\/coopelectric-reparacion-temporal-01.jpg?resize=800%2C445&#038;ssl=1\" alt=\"\" width=\"800\" height=\"445\" srcset=\"https:\/\/i0.wp.com\/cdnoticias.com\/wp-content\/uploads\/2023\/12\/coopelectric-reparacion-temporal-01.jpg?resize=1024%2C570&amp;ssl=1 1024w, https:\/\/i0.wp.com\/cdnoticias.com\/wp-content\/uploads\/2023\/12\/coopelectric-reparacion-temporal-01.jpg?resize=300%2C167&amp;ssl=1 300w, https:\/\/i0.wp.com\/cdnoticias.com\/wp-content\/uploads\/2023\/12\/coopelectric-reparacion-temporal-01.jpg?resize=768%2C428&amp;ssl=1 768w, https:\/\/i0.wp.com\/cdnoticias.com\/wp-content\/uploads\/2023\/12\/coopelectric-reparacion-temporal-01.jpg?resize=800%2C445&amp;ssl=1 800w, https:\/\/i0.wp.com\/cdnoticias.com\/wp-content\/uploads\/2023\/12\/coopelectric-reparacion-temporal-01.jpg?w=1200&amp;ssl=1 1200w\" sizes=\"auto, (max-width: 800px) 100vw, 800px\" \/><\/p>\n<p>&nbsp;<\/p>\n<p>\u201cEn este marco, volvemos a recomendar a la comunidad <strong>hacer uso racional y solidario del agua<\/strong> y que, ante la presencia de<strong> cables sueltos o bajo chapas en la v\u00eda p\u00fablica no se acerque, no los toque ni intente moverlos de lugar<\/strong> y d\u00e9 aviso inmediatamente al personal de Coopelectric quienes atender\u00e1n las situaciones teniendo en cuenta las medidas de seguridad correspondientes\u201d reiter\u00f3 Coopelectric.<\/p>\n<p>&nbsp;<\/p>\n<p><strong>V\u00edas de contacto<\/strong>:<br \/>\n-Tel. Fijo: 412305 (Energ\u00eda) y 411222 (Obras Sanitarias)<br \/>\n-V\u00eda WhatsApp 2284-230707<br \/>\n-SMS 2284-680000<\/p>\n<p>&nbsp;<\/p>\n","protected":false},"excerpt":{"rendered":"<p>\u201cA partir de ahora, se comenzar\u00e1n a recibir reclamos puntuales de usuarios sin energ\u00eda\u201d inform\u00f3 la cooperativa y advirti\u00f3 que<\/p>\n","protected":false},"author":4,"featured_media":104589,"comment_status":"closed","ping_status":"closed","sticky":false,"template":"","format":"standard","meta":{"_jetpack_memberships_contains_paid_content":false,"footnotes":""},"categories":[5,1],"tags":[],"class_list":["post-104588","post","type-post","status-publish","format-standard","has-post-thumbnail","hentry","category-informacion-general","category-portada"],"jetpack_featured_media_url":"https:\/\/i0.wp.com\/cdnoticias.com\/wp-content\/uploads\/2023\/12\/poste-caido-coopelectric-tormenta-temporal.jpg?fit=1000%2C556&ssl=1","jetpack_sharing_enabled":true,"_links":{"self":[{"href":"https:\/\/cdnoticias.com\/index.php\/wp-json\/wp\/v2\/posts\/104588","targetHints":{"allow":["GET"]}}],"collection":[{"href":"https:\/\/cdnoticias.com\/index.php\/wp-json\/wp\/v2\/posts"}],"about":[{"href":"https:\/\/cdnoticias.com\/index.php\/wp-json\/wp\/v2\/types\/post"}],"author":[{"embeddable":true,"href":"https:\/\/cdnoticias.com\/index.php\/wp-json\/wp\/v2\/users\/4"}],"replies":[{"embeddable":true,"href":"https:\/\/cdnoticias.com\/index.php\/wp-json\/wp\/v2\/comments?post=104588"}],"version-history":[{"count":0,"href":"https:\/\/cdnoticias.com\/index.php\/wp-json\/wp\/v2\/posts\/104588\/revisions"}],"wp:featuredmedia":[{"embeddable":true,"href":"https:\/\/cdnoticias.com\/index.php\/wp-json\/wp\/v2\/media\/104589"}],"wp:attachment":[{"href":"https:\/\/cdnoticias.com\/index.php\/wp-json\/wp\/v2\/media?parent=104588"}],"wp:term":[{"taxonomy":"category","embeddable":true,"href":"https:\/\/cdnoticias.com\/index.php\/wp-json\/wp\/v2\/categories?post=104588"},{"taxonomy":"post_tag","embeddable":true,"href":"https:\/\/cdnoticias.com\/index.php\/wp-json\/wp\/v2\/tags?post=104588"}],"curies":[{"name":"wp","href":"https:\/\/api.w.org\/{rel}","templated":true}]}}