{"id":104580,"date":"2023-12-17T20:44:25","date_gmt":"2023-12-17T23:44:25","guid":{"rendered":"https:\/\/cdnoticias.com\/?p=104580"},"modified":"2023-12-17T20:44:28","modified_gmt":"2023-12-17T23:44:28","slug":"luz-y-fuerza-reconocio-y-destaco-la-labor-de-los-trabajadores-del-servicio-electrico","status":"publish","type":"post","link":"https:\/\/cdnoticias.com\/index.php\/2023\/12\/17\/luz-y-fuerza-reconocio-y-destaco-la-labor-de-los-trabajadores-del-servicio-electrico\/","title":{"rendered":"Luz y Fuerza \u201creconoci\u00f3 y destac\u00f3\u201d la labor de los trabajadores del servicio el\u00e9ctrico"},"content":{"rendered":"<p>En el marco de las labores por las consecuencias del temporal, la entidad gremial valor\u00f3 a los trabajadores de Coopelectric.<!--more--><\/p>\n<hr \/>\n<p>En funci\u00f3n de las labores desarrolladas para <strong>restablecer el tendido el\u00e9ctrico<\/strong> en Olavarr\u00eda, <strong>el Sindicato Luz y Fuerza \u201creconoci\u00f3 y destac\u00f3\u201d la labor de los trabajadores<\/strong>.<\/p>\n<p>Con la firma del<strong> secretario general del sindicato local, Eduardo Amaya<\/strong>, y en representaci\u00f3n de la Comisi\u00f3n Directiva expres\u00f3: <strong>\u201cme enorgullece Reconocer y Destacar el Valor, la Tenacidad y el Esfuerzo<\/strong> que vienen realizando nuestras Compa\u00f1eras y Compa\u00f1eros, en pos de restablecer el Esencial Servicio del suministro de Energ\u00eda El\u00e9ctrica\u201d.<\/p>\n<figure id=\"attachment_43838\" aria-describedby=\"caption-attachment-43838\" style=\"width: 800px\" class=\"wp-caption aligncenter\"><img data-recalc-dims=\"1\" loading=\"lazy\" decoding=\"async\" class=\"wp-image-43838 size-large\" src=\"https:\/\/i0.wp.com\/cdnoticias.com\/wp-content\/uploads\/2022\/01\/EDUARDO-AMAYA.jpg?resize=800%2C600&#038;ssl=1\" alt=\"\" width=\"800\" height=\"600\" srcset=\"https:\/\/i0.wp.com\/cdnoticias.com\/wp-content\/uploads\/2022\/01\/EDUARDO-AMAYA-scaled.jpg?resize=1024%2C768&amp;ssl=1 1024w, https:\/\/i0.wp.com\/cdnoticias.com\/wp-content\/uploads\/2022\/01\/EDUARDO-AMAYA-scaled.jpg?resize=300%2C225&amp;ssl=1 300w, https:\/\/i0.wp.com\/cdnoticias.com\/wp-content\/uploads\/2022\/01\/EDUARDO-AMAYA-scaled.jpg?resize=768%2C576&amp;ssl=1 768w, https:\/\/i0.wp.com\/cdnoticias.com\/wp-content\/uploads\/2022\/01\/EDUARDO-AMAYA-scaled.jpg?resize=1536%2C1152&amp;ssl=1 1536w, https:\/\/i0.wp.com\/cdnoticias.com\/wp-content\/uploads\/2022\/01\/EDUARDO-AMAYA-scaled.jpg?resize=2048%2C1536&amp;ssl=1 2048w, https:\/\/i0.wp.com\/cdnoticias.com\/wp-content\/uploads\/2022\/01\/EDUARDO-AMAYA-scaled.jpg?w=1600&amp;ssl=1 1600w, https:\/\/i0.wp.com\/cdnoticias.com\/wp-content\/uploads\/2022\/01\/EDUARDO-AMAYA-scaled.jpg?w=2400&amp;ssl=1 2400w\" sizes=\"auto, (max-width: 800px) 100vw, 800px\" \/><figcaption id=\"caption-attachment-43838\" class=\"wp-caption-text\">Eduardo Amaya, titular del Sindicato de Luz y Fuerza.<\/figcaption><\/figure>\n<blockquote><p>A su vez, se se\u00f1al\u00f3 que \u201ccomprendemos la sensibilidad social que causa la falta de este vital suministro, sin embargo una vez m\u00e1s las y los Trabajadores de Luz y Fuerza, vuelven a poner todo su cuerpo y alma en pos de reponer el Servicio El\u00e9ctrico. Hecho que ha sido reconocido por innumerables familias y tal vez desconsiderado lamentablemente, por algunos otros que no llegan a comprender la gravedad de lo ocurrido\u201d.<\/p><\/blockquote>\n<p><strong>\u201cEs necesario destacar que nuestros trabajadores se encuentran en inferioridad de condiciones<\/strong>, no s\u00f3lo por el clima, sino tambi\u00e9n por los pocos recursos t\u00e9cnicos, la escasez de materiales, estado de los veh\u00edculos y sin embargo en ning\u00fan momento dejaron que estos factores impidan seguir adelante con las tareas de reposici\u00f3n del servicio; siempre sosteniendo nuestro mayor valor, La Solidaridad y La Fuerza de nuestra Uni\u00f3n\u201d sostuvo Amaya.<\/p>\n","protected":false},"excerpt":{"rendered":"<p>En el marco de las labores por las consecuencias del temporal, la entidad gremial valor\u00f3 a los trabajadores de Coopelectric.<\/p>\n","protected":false},"author":4,"featured_media":459,"comment_status":"closed","ping_status":"closed","sticky":false,"template":"","format":"standard","meta":{"_jetpack_memberships_contains_paid_content":false,"footnotes":""},"categories":[5,1],"tags":[],"class_list":["post-104580","post","type-post","status-publish","format-standard","has-post-thumbnail","hentry","category-informacion-general","category-portada"],"jetpack_featured_media_url":"https:\/\/i0.wp.com\/cdnoticias.com\/wp-content\/uploads\/2020\/09\/WhatsApp-Image-2020-09-01-at-15.59.18.jpeg?fit=1280%2C960&ssl=1","jetpack_sharing_enabled":true,"_links":{"self":[{"href":"https:\/\/cdnoticias.com\/index.php\/wp-json\/wp\/v2\/posts\/104580","targetHints":{"allow":["GET"]}}],"collection":[{"href":"https:\/\/cdnoticias.com\/index.php\/wp-json\/wp\/v2\/posts"}],"about":[{"href":"https:\/\/cdnoticias.com\/index.php\/wp-json\/wp\/v2\/types\/post"}],"author":[{"embeddable":true,"href":"https:\/\/cdnoticias.com\/index.php\/wp-json\/wp\/v2\/users\/4"}],"replies":[{"embeddable":true,"href":"https:\/\/cdnoticias.com\/index.php\/wp-json\/wp\/v2\/comments?post=104580"}],"version-history":[{"count":0,"href":"https:\/\/cdnoticias.com\/index.php\/wp-json\/wp\/v2\/posts\/104580\/revisions"}],"wp:featuredmedia":[{"embeddable":true,"href":"https:\/\/cdnoticias.com\/index.php\/wp-json\/wp\/v2\/media\/459"}],"wp:attachment":[{"href":"https:\/\/cdnoticias.com\/index.php\/wp-json\/wp\/v2\/media?parent=104580"}],"wp:term":[{"taxonomy":"category","embeddable":true,"href":"https:\/\/cdnoticias.com\/index.php\/wp-json\/wp\/v2\/categories?post=104580"},{"taxonomy":"post_tag","embeddable":true,"href":"https:\/\/cdnoticias.com\/index.php\/wp-json\/wp\/v2\/tags?post=104580"}],"curies":[{"name":"wp","href":"https:\/\/api.w.org\/{rel}","templated":true}]}}