{"id":104570,"date":"2023-12-17T20:22:50","date_gmt":"2023-12-17T23:22:50","guid":{"rendered":"https:\/\/cdnoticias.com\/?p=104570"},"modified":"2023-12-17T20:22:53","modified_gmt":"2023-12-17T23:22:53","slug":"maximiliano-wesner-expreso-su-solidaridad-con-bahia-blanca","status":"publish","type":"post","link":"https:\/\/cdnoticias.com\/index.php\/2023\/12\/17\/maximiliano-wesner-expreso-su-solidaridad-con-bahia-blanca\/","title":{"rendered":"Maximiliano Wesner expres\u00f3 su \u201csolidaridad\u201d con Bah\u00eda Blanca"},"content":{"rendered":"<p>\u201cNuestro acompa\u00f1amiento a las familias en este dif\u00edcil momento\u201d afirm\u00f3 el intendente de Olavarr\u00eda en referencia al fallecimiento de 13 personas en aquel distrito.<!--more--><\/p>\n<hr \/>\n<p>El <strong>intendente Maximiliano Wesner<\/strong> se expres\u00f3 sobre la tragedia que dej\u00f3<strong> 13 personas fallecidas en Bah\u00eda Blanca<\/strong> donde <a href=\"https:\/\/cdnoticias.com\/index.php\/2023\/12\/17\/bahia-blanca-se-confirmaron-13-victimas-fatales-por-el-temporal\/\" target=\"_blank\" rel=\"noopener\">se derrumb\u00f3 parte de la estructura de un club deportivo durante una intensa tormenta de viento y lluvia<\/a>.<\/p>\n<p><strong>\u201cQuiero solidarizarme con toda la comunidad de Bah\u00eda Blanca y Federico Susbielles<\/strong> por el fuerte temporal que sufrieron anoche y que dej\u00f3 13 fallecidos\u201d expres\u00f3 el jefe comunal en sus redes este domingo.<\/p>\n<p>Agreg\u00f3: <strong>\u201cnuestro acompa\u00f1amiento a las familias en este dif\u00edcil momento\u201d.<\/strong><\/p>\n<blockquote class=\"twitter-tweet\">\n<p dir=\"ltr\" lang=\"es\">Quiero solidarizarme con toda la comunidad de Bahia Blanca y <a href=\"https:\/\/twitter.com\/fsusbielles?ref_src=twsrc%5Etfw\">@fsusbielles<\/a> por el fuerte temporal que sufrieron anoche y que dej\u00f3 13 fallecidos. Nuestro acompa\u00f1amiento a las familias en este dif\u00edcil momento.<\/p>\n<p>\u2014 Maximiliano Wesner (@MaximilianoWes4) <a href=\"https:\/\/twitter.com\/MaximilianoWes4\/status\/1736393509542695167?ref_src=twsrc%5Etfw\">December 17, 2023<\/a><\/p><\/blockquote>\n<p><script async src=\"https:\/\/platform.twitter.com\/widgets.js\" charset=\"utf-8\"><\/script><\/p>\n","protected":false},"excerpt":{"rendered":"<p>\u201cNuestro acompa\u00f1amiento a las familias en este dif\u00edcil momento\u201d afirm\u00f3 el intendente de Olavarr\u00eda en referencia al fallecimiento de 13<\/p>\n","protected":false},"author":4,"featured_media":104360,"comment_status":"closed","ping_status":"closed","sticky":false,"template":"","format":"standard","meta":{"_jetpack_memberships_contains_paid_content":false,"footnotes":""},"categories":[4,1],"tags":[],"class_list":["post-104570","post","type-post","status-publish","format-standard","has-post-thumbnail","hentry","category-politica","category-portada"],"jetpack_featured_media_url":"https:\/\/i0.wp.com\/cdnoticias.com\/wp-content\/uploads\/2023\/12\/wesner-emergencia-scaled.jpg?fit=2560%2C1440&ssl=1","jetpack_sharing_enabled":true,"_links":{"self":[{"href":"https:\/\/cdnoticias.com\/index.php\/wp-json\/wp\/v2\/posts\/104570","targetHints":{"allow":["GET"]}}],"collection":[{"href":"https:\/\/cdnoticias.com\/index.php\/wp-json\/wp\/v2\/posts"}],"about":[{"href":"https:\/\/cdnoticias.com\/index.php\/wp-json\/wp\/v2\/types\/post"}],"author":[{"embeddable":true,"href":"https:\/\/cdnoticias.com\/index.php\/wp-json\/wp\/v2\/users\/4"}],"replies":[{"embeddable":true,"href":"https:\/\/cdnoticias.com\/index.php\/wp-json\/wp\/v2\/comments?post=104570"}],"version-history":[{"count":0,"href":"https:\/\/cdnoticias.com\/index.php\/wp-json\/wp\/v2\/posts\/104570\/revisions"}],"wp:featuredmedia":[{"embeddable":true,"href":"https:\/\/cdnoticias.com\/index.php\/wp-json\/wp\/v2\/media\/104360"}],"wp:attachment":[{"href":"https:\/\/cdnoticias.com\/index.php\/wp-json\/wp\/v2\/media?parent=104570"}],"wp:term":[{"taxonomy":"category","embeddable":true,"href":"https:\/\/cdnoticias.com\/index.php\/wp-json\/wp\/v2\/categories?post=104570"},{"taxonomy":"post_tag","embeddable":true,"href":"https:\/\/cdnoticias.com\/index.php\/wp-json\/wp\/v2\/tags?post=104570"}],"curies":[{"name":"wp","href":"https:\/\/api.w.org\/{rel}","templated":true}]}}