{"id":10457,"date":"2021-01-02T15:10:53","date_gmt":"2021-01-02T18:10:53","guid":{"rendered":"http:\/\/www.centraldenoticias.com.ar\/?p=10457"},"modified":"2021-01-02T14:11:12","modified_gmt":"2021-01-02T17:11:12","slug":"argentina-se-comprometio-a-reducir-26-las-emisiones-de-gases-para-2030","status":"publish","type":"post","link":"https:\/\/cdnoticias.com\/index.php\/2021\/01\/02\/argentina-se-comprometio-a-reducir-26-las-emisiones-de-gases-para-2030\/","title":{"rendered":"Argentina se comprometi\u00f3 a reducir 26% las emisiones de gases para 2030"},"content":{"rendered":"<p>Lo hizo en un documento que present\u00f3 ante las Naciones Unidas. Significa una baja mayor a la que ya se hab\u00eda anunciado.<!--more--><\/p>\n<hr \/>\n<p><strong>Argentina se comprometi\u00f3 a reducir para 2030 las emisiones de gases de efecto invernadero 26% menos a lo que ya se hab\u00eda responsabilizado en 2016<\/strong>, al presentar la Segunda Contribuci\u00f3n Determinada a Nivel Nacional, donde se establece el aporte que realizar\u00e1 el pa\u00eds para lograr los objetivos del <strong>Acuerdo de Par\u00eds<\/strong>.<\/p>\n<p>Con la publicaci\u00f3n, que se realiz\u00f3 en el portal de la Convenci\u00f3n Marco de las Naciones Unidas sobre el Cambio Clim\u00e1tico (CMNUCC, por su sigla en ingl\u00e9s),<strong> el pa\u00eds asume un nuevo compromiso m\u00e1s ambicioso en la lucha frente al cambio clim\u00e1tico<\/strong>.<\/p>\n<blockquote><p>\u201cArgentina reafirma su compromiso con el Acuerdo de Par\u00eds, a la luz de la ciencia, y adopta al cambio clim\u00e1tico como pol\u00edtica de Estado. En respuesta al llamado a aumentar la ambici\u00f3n clim\u00e1tica, hemos definido, con miras al 2030, una meta que limitar\u00e1 las emisiones de gases de efecto invernadero a un nivel 26% inferior a la Contribuci\u00f3n Determinada Nacional previamente comprometida en 2016\u201d, asegur\u00f3 el presidente Alberto Fern\u00e1ndez en el documento.<\/p><\/blockquote>\n<p>Adem\u00e1s, agreg\u00f3 que \u201cen segundo lugar, nos comprometemos a presentar nuestra estrategia de desarrollo con bajas emisiones a largo plazo, con el objetivo de alcanzar un <strong>desarrollo neutral en carbono en el a\u00f1o 2050<\/strong>\u201d.<\/p>\n<p>El Presidente asever\u00f3 que \u201cnuestro pa\u00eds paga un alto precio por el impacto del cambio clim\u00e1tico en su territorio y en su estructura social y productiva, y hace un <strong>enorme esfuerzo en acciones de mitigaci\u00f3n y adaptaci\u00f3n<\/strong> cuyo monto asciende a un estimado de USD 15.000 millones con financiamiento internacional\u201d.<\/p>\n<p>El documento, desarrollado en el marco del <strong>Gabinete Nacional de Cambio Clim\u00e1tico<\/strong>, establece que Argentina no exceder\u00e1 las 359 MtCO2eq al a\u00f1o 2030 -lo que representa limitar las emisiones de estos gases a un nivel 26 por ciento inferior a lo comprometido en 2016, en la anterior contribuci\u00f3n-.<\/p>\n<p>A trav\u00e9s de esta Segunda Contribuci\u00f3n, se reforz\u00f3 el compromiso de aumentar las capacidades de adaptaci\u00f3n de las comunidades a las <strong>consecuencias negativas del cambio clim\u00e1tico<\/strong>, en particular de las m\u00e1s vulnerables.<\/p>\n<p><em>Fuente: DIB<\/em><\/p>\n","protected":false},"excerpt":{"rendered":"<p>Lo hizo en un documento que present\u00f3 ante las Naciones Unidas. Significa una baja mayor a la que ya se<\/p>\n","protected":false},"author":4,"featured_media":10459,"comment_status":"closed","ping_status":"closed","sticky":false,"template":"","format":"standard","meta":{"_jetpack_memberships_contains_paid_content":false,"footnotes":""},"categories":[6],"tags":[],"class_list":["post-10457","post","type-post","status-publish","format-standard","has-post-thumbnail","hentry","category-nacionales"],"jetpack_featured_media_url":"https:\/\/i0.wp.com\/cdnoticias.com\/wp-content\/uploads\/2021\/01\/contaminacion-industria-Efecto-invernadero-696x464.jpg?fit=696%2C464&ssl=1","jetpack_sharing_enabled":true,"_links":{"self":[{"href":"https:\/\/cdnoticias.com\/index.php\/wp-json\/wp\/v2\/posts\/10457","targetHints":{"allow":["GET"]}}],"collection":[{"href":"https:\/\/cdnoticias.com\/index.php\/wp-json\/wp\/v2\/posts"}],"about":[{"href":"https:\/\/cdnoticias.com\/index.php\/wp-json\/wp\/v2\/types\/post"}],"author":[{"embeddable":true,"href":"https:\/\/cdnoticias.com\/index.php\/wp-json\/wp\/v2\/users\/4"}],"replies":[{"embeddable":true,"href":"https:\/\/cdnoticias.com\/index.php\/wp-json\/wp\/v2\/comments?post=10457"}],"version-history":[{"count":0,"href":"https:\/\/cdnoticias.com\/index.php\/wp-json\/wp\/v2\/posts\/10457\/revisions"}],"wp:featuredmedia":[{"embeddable":true,"href":"https:\/\/cdnoticias.com\/index.php\/wp-json\/wp\/v2\/media\/10459"}],"wp:attachment":[{"href":"https:\/\/cdnoticias.com\/index.php\/wp-json\/wp\/v2\/media?parent=10457"}],"wp:term":[{"taxonomy":"category","embeddable":true,"href":"https:\/\/cdnoticias.com\/index.php\/wp-json\/wp\/v2\/categories?post=10457"},{"taxonomy":"post_tag","embeddable":true,"href":"https:\/\/cdnoticias.com\/index.php\/wp-json\/wp\/v2\/tags?post=10457"}],"curies":[{"name":"wp","href":"https:\/\/api.w.org\/{rel}","templated":true}]}}