{"id":104568,"date":"2023-12-17T19:02:03","date_gmt":"2023-12-17T22:02:03","guid":{"rendered":"https:\/\/cdnoticias.com\/?p=104568"},"modified":"2023-12-18T09:34:31","modified_gmt":"2023-12-18T12:34:31","slug":"el-ultimo-temporal-dejo-una-persona-evacuada-y-cayeron-ocho-postes","status":"publish","type":"post","link":"https:\/\/cdnoticias.com\/index.php\/2023\/12\/17\/el-ultimo-temporal-dejo-una-persona-evacuada-y-cayeron-ocho-postes\/","title":{"rendered":"El \u00faltimo temporal dej\u00f3 una persona evacuada y cayeron ocho postes"},"content":{"rendered":"<p>Adem\u00e1s, hubo da\u00f1os en el cableado y cayeron dos plantas. Fueron los servicios que atendi\u00f3 Bomberos. \u201cAfortunadamente anoche en Olavarr\u00eda no hubo da\u00f1os de gravedad\u201d destac\u00f3 el intendente.<!--more--><\/p>\n<hr \/>\n<p><strong>Tras el \u00faltimo temporal que se registr\u00f3 en Olavarr\u00eda<\/strong> entre la noche del s\u00e1bado y la madrugada del domingo,<strong> las consecuencias no tuvieron gravedad<\/strong> en comparaci\u00f3n con las tormentas que se dieron durante la semana.<\/p>\n<p>&nbsp;<\/p>\n<p><strong>Bomberos atendi\u00f3 varios servicios<\/strong>. Seg\u00fan se inform\u00f3 desde el Municipio <strong>hubo una persona evacuada y cayeron ocho postes<\/strong>.<\/p>\n<p>&nbsp;<\/p>\n<p>En ese sentido, se indic\u00f3 que hubo <strong>da\u00f1os en el cableado<\/strong> y asimismo <strong>cayeron dos plantas<\/strong>.<\/p>\n<p>&nbsp;<\/p>\n<blockquote><p>\u201cAfortunadamente anoche en Olavarr\u00eda no hubo da\u00f1os de gravedad. Desde la guardia de Bomberos se registraron muy pocos llamados\u201d destac\u00f3 el intendente Maximiliano Wesner.<\/p><\/blockquote>\n<p>&nbsp;<\/p>\n<p>Por parte de Coopelectric y producto de la tormenta, se registr\u00f3 el corte de un cable de media tensi\u00f3n dejando sin servicio a la localidad de Loma Negra, barrio AOMA zona de Palos de Colores y Villa Aurora que ya se logr\u00f3 restablecer. A su vez siguen con las tareas de reposici\u00f3n del servicio y atenci\u00f3n de reclamos puntuales.<\/p>\n<p>&nbsp;<\/p>\n<p><a href=\"https:\/\/cdnoticias.com\/index.php\/2023\/12\/16\/toda-la-provincia-en-alerta-naranja-la-advertencia-sigue-el-domingo\/\" target=\"_blank\" rel=\"noopener\">Cabe recordar que desde el Servicio Meteorol\u00f3gico Nacional se hab\u00eda emitido un alerta naranja<\/a> por tormenta para la tarde y noche del s\u00e1bado y un alerta de nivel amarillo para la madrugada del domingo en Olavarr\u00eda.<\/p>\n<p>&nbsp;<\/p>\n<p>Foto de tapa: <em>Archivo<\/em><\/p>\n","protected":false},"excerpt":{"rendered":"<p>Adem\u00e1s, hubo da\u00f1os en el cableado y cayeron dos plantas. Fueron los servicios que atendi\u00f3 Bomberos. \u201cAfortunadamente anoche en Olavarr\u00eda<\/p>\n","protected":false},"author":4,"featured_media":104395,"comment_status":"closed","ping_status":"closed","sticky":false,"template":"","format":"standard","meta":{"_jetpack_memberships_contains_paid_content":false,"footnotes":""},"categories":[5,1],"tags":[],"class_list":["post-104568","post","type-post","status-publish","format-standard","has-post-thumbnail","hentry","category-informacion-general","category-portada"],"jetpack_featured_media_url":"https:\/\/i0.wp.com\/cdnoticias.com\/wp-content\/uploads\/2023\/12\/bomberos-temporal-00.jpg?fit=1200%2C668&ssl=1","jetpack_sharing_enabled":true,"_links":{"self":[{"href":"https:\/\/cdnoticias.com\/index.php\/wp-json\/wp\/v2\/posts\/104568","targetHints":{"allow":["GET"]}}],"collection":[{"href":"https:\/\/cdnoticias.com\/index.php\/wp-json\/wp\/v2\/posts"}],"about":[{"href":"https:\/\/cdnoticias.com\/index.php\/wp-json\/wp\/v2\/types\/post"}],"author":[{"embeddable":true,"href":"https:\/\/cdnoticias.com\/index.php\/wp-json\/wp\/v2\/users\/4"}],"replies":[{"embeddable":true,"href":"https:\/\/cdnoticias.com\/index.php\/wp-json\/wp\/v2\/comments?post=104568"}],"version-history":[{"count":0,"href":"https:\/\/cdnoticias.com\/index.php\/wp-json\/wp\/v2\/posts\/104568\/revisions"}],"wp:featuredmedia":[{"embeddable":true,"href":"https:\/\/cdnoticias.com\/index.php\/wp-json\/wp\/v2\/media\/104395"}],"wp:attachment":[{"href":"https:\/\/cdnoticias.com\/index.php\/wp-json\/wp\/v2\/media?parent=104568"}],"wp:term":[{"taxonomy":"category","embeddable":true,"href":"https:\/\/cdnoticias.com\/index.php\/wp-json\/wp\/v2\/categories?post=104568"},{"taxonomy":"post_tag","embeddable":true,"href":"https:\/\/cdnoticias.com\/index.php\/wp-json\/wp\/v2\/tags?post=104568"}],"curies":[{"name":"wp","href":"https:\/\/api.w.org\/{rel}","templated":true}]}}