{"id":104565,"date":"2023-12-17T15:41:32","date_gmt":"2023-12-17T21:36:12","guid":{"rendered":"https:\/\/cdnoticias.com\/?p=104565"},"modified":"2025-02-12T23:26:43","modified_gmt":"2025-02-13T02:26:43","slug":"chingotto-navarro-los-maestros-de-barcelona","status":"publish","type":"post","link":"https:\/\/cdnoticias.com\/index.php\/2023\/12\/17\/chingotto-navarro-los-maestros-de-barcelona\/","title":{"rendered":"Chingotto \u2013 Navarro, los Maestros de Barcelona"},"content":{"rendered":"<p>El olavarriense y el sevillano cerraron el a\u00f1o con el tan esperado t\u00edtulo. Derrotaron a Gal\u00e1n \u2013 Lebr\u00f3n en sets corridos y se quedaron con el Master Final de WPT. Adem\u00e1s, \u201cFede\u201d fue elegido MVP.<!--more--><\/p>\n<hr \/>\n<p>Luego de quedar a un paso de coronar en varias finales del a\u00f1o, este domingo <strong>Federico Chingotto y Francisco Navarro rompieron la racha y se coronaron campeones del Master Final de Barcelona<\/strong> en su \u00faltimo partido como pareja.<\/p>\n<p>&nbsp;<\/p>\n<p>Ante miles de personas, el olavarriense y su par espa\u00f1ol <strong>enfrentaron a Juan Lebr\u00f3n y Alejandro Gal\u00e1n<\/strong> en la alfombra central del Palau Sant Jordi y se quedaron con el triunfo en sets consecutivos.<\/p>\n<p>&nbsp;<\/p>\n<p><strong>Fue por 6 \u2013 1 y 6 \u2013 4 el festejo para el \u201cS\u00faper Rat\u00f3n\u201d y \u201cPaquito\u201d<\/strong> en el reducto catal\u00e1n, quienes lograron quedarse con el tan buscado y merecido t\u00edtulo nada m\u00e1s y nada menos que con el m\u00e1s importante de la temporada.<\/p>\n<p>&nbsp;<\/p>\n<p>Se trat\u00f3 del <strong>primer M\u00e1ster en su carrera y segundo t\u00edtulo WPT como profesional para Chingotto que, adem\u00e1s, fue elegido MVP de la final<\/strong>.<\/p>\n<hr \/>\n<ul>\n<li>\n<h6><strong>El punto del campeonato:<\/strong><\/h6>\n<\/li>\n<\/ul>\n<blockquote class=\"twitter-tweet\" data-width=\"550\" data-dnt=\"true\">\n<p lang=\"es\" dir=\"ltr\">La candela y el rat\u00f3n. Maestros. Barcelona tiene due\u00f1os.<a href=\"https:\/\/twitter.com\/hashtag\/WPTMasterFinal?src=hash&amp;ref_src=twsrc%5Etfw\">#WPTMasterFinal<\/a>?\ufe0f <a href=\"https:\/\/t.co\/5AIIiEVQWs\">pic.twitter.com\/5AIIiEVQWs<\/a><\/p>\n<p>&mdash; World Padel Tour (@WorldPadelTour) <a href=\"https:\/\/twitter.com\/WorldPadelTour\/status\/1736393310414193086?ref_src=twsrc%5Etfw\">December 17, 2023<\/a><\/p><\/blockquote>\n<p><script async src=\"https:\/\/platform.twitter.com\/widgets.js\" charset=\"utf-8\"><\/script><\/p>\n<p>&nbsp;<\/p>\n<ul>\n<li>\n<h6><strong>Declaraciones post t\u00edtulo de Chingotto:\u00a0<\/strong><\/h6>\n<\/li>\n<\/ul>\n<blockquote class=\"twitter-tweet\" data-width=\"550\" data-dnt=\"true\">\n<p lang=\"qme\" dir=\"ltr\">?\ufe0f <a href=\"https:\/\/twitter.com\/Chingoland_?ref_src=twsrc%5Etfw\">@Chingoland_<\/a> <a href=\"https:\/\/twitter.com\/hashtag\/WPTMasterFinal?src=hash&amp;ref_src=twsrc%5Etfw\">#WPTMasterFinal<\/a>?\ufe0f <a href=\"https:\/\/t.co\/U83p0hIIiI\">pic.twitter.com\/U83p0hIIiI<\/a><\/p>\n<p>&mdash; World Padel Tour (@WorldPadelTour) <a href=\"https:\/\/twitter.com\/WorldPadelTour\/status\/1736438608217903134?ref_src=twsrc%5Etfw\">December 17, 2023<\/a><\/p><\/blockquote>\n<p><script async src=\"https:\/\/platform.twitter.com\/widgets.js\" charset=\"utf-8\"><\/script><\/p>\n","protected":false},"excerpt":{"rendered":"<p>El olavarriense y el sevillano cerraron el a\u00f1o con el tan esperado t\u00edtulo. Derrotaron a Gal\u00e1n \u2013 Lebr\u00f3n en sets<\/p>\n","protected":false},"author":96739694,"featured_media":159204,"comment_status":"closed","ping_status":"closed","sticky":false,"template":"","format":"standard","meta":{"_jetpack_memberships_contains_paid_content":false,"footnotes":""},"categories":[1,55],"tags":[],"class_list":["post-104565","post","type-post","status-publish","format-standard","has-post-thumbnail","hentry","category-portada","category-tenis-padel"],"jetpack_featured_media_url":"https:\/\/i0.wp.com\/cdnoticias.com\/wp-content\/uploads\/2023\/12\/Chingotto-campeon-Master-Final-2023.jpg?fit=1000%2C571&ssl=1","jetpack_sharing_enabled":true,"_links":{"self":[{"href":"https:\/\/cdnoticias.com\/index.php\/wp-json\/wp\/v2\/posts\/104565","targetHints":{"allow":["GET"]}}],"collection":[{"href":"https:\/\/cdnoticias.com\/index.php\/wp-json\/wp\/v2\/posts"}],"about":[{"href":"https:\/\/cdnoticias.com\/index.php\/wp-json\/wp\/v2\/types\/post"}],"author":[{"embeddable":true,"href":"https:\/\/cdnoticias.com\/index.php\/wp-json\/wp\/v2\/users\/96739694"}],"replies":[{"embeddable":true,"href":"https:\/\/cdnoticias.com\/index.php\/wp-json\/wp\/v2\/comments?post=104565"}],"version-history":[{"count":0,"href":"https:\/\/cdnoticias.com\/index.php\/wp-json\/wp\/v2\/posts\/104565\/revisions"}],"wp:featuredmedia":[{"embeddable":true,"href":"https:\/\/cdnoticias.com\/index.php\/wp-json\/wp\/v2\/media\/159204"}],"wp:attachment":[{"href":"https:\/\/cdnoticias.com\/index.php\/wp-json\/wp\/v2\/media?parent=104565"}],"wp:term":[{"taxonomy":"category","embeddable":true,"href":"https:\/\/cdnoticias.com\/index.php\/wp-json\/wp\/v2\/categories?post=104565"},{"taxonomy":"post_tag","embeddable":true,"href":"https:\/\/cdnoticias.com\/index.php\/wp-json\/wp\/v2\/tags?post=104565"}],"curies":[{"name":"wp","href":"https:\/\/api.w.org\/{rel}","templated":true}]}}