{"id":104563,"date":"2023-12-17T18:28:05","date_gmt":"2023-12-17T21:28:05","guid":{"rendered":"https:\/\/cdnoticias.com\/?p=104563"},"modified":"2023-12-17T18:28:07","modified_gmt":"2023-12-17T21:28:07","slug":"maria-delia-trancho-q-e-p-d","status":"publish","type":"post","link":"https:\/\/cdnoticias.com\/index.php\/2023\/12\/17\/maria-delia-trancho-q-e-p-d\/","title":{"rendered":"Mar\u00eda Delia Trancho (Q.E.P.D.)"},"content":{"rendered":"<p>Falleci\u00f3 en Lobos el d\u00eda 17 de diciembre de 2023 a los 77 a\u00f1os de edad.<\/p>\n<p>Su hermana Juliana Trancho. Sus sobrinos: Aldana y Agust\u00edn Mohorade; Carolina, Marina, Gustavo y Mar\u00eda Isabel Trancho. Sus sobrinos. Sus sobrinos nietos. Sus primos. Sus amigos y dem\u00e1s deudos participan su fallecimiento.<\/p>\n<p>Velatorio: Espa\u00f1a 2942 departamento \u201cD\u201d, lunes 18\/12 de 8:30 a 10:30. Responso: Capilla Ardiente. Inhumaci\u00f3n: Cementerio Loma de Paz, lunes 18\/12 a las 10:30 hs. <\/p>\n<p>Barrio en el que viv\u00eda: Pueblo Nuevo<\/p>\n<p>Lugar de nacimiento: Daireaux<\/p>\n<p>Actividad que desarrollaba: Docente Jubilada<\/p>\n","protected":false},"excerpt":{"rendered":"<p>Falleci\u00f3 en Lobos el d\u00eda 17 de diciembre de 2023 a los 77 a\u00f1os de edad. Su hermana Juliana Trancho.<\/p>\n","protected":false},"author":4,"featured_media":51544,"comment_status":"closed","ping_status":"closed","sticky":false,"template":"","format":"standard","meta":{"_jetpack_memberships_contains_paid_content":false,"footnotes":""},"categories":[10],"tags":[],"class_list":["post-104563","post","type-post","status-publish","format-standard","has-post-thumbnail","hentry","category-necrologicas"],"jetpack_featured_media_url":"https:\/\/i0.wp.com\/cdnoticias.com\/wp-content\/uploads\/2022\/04\/necrologicas-390-x-240.jpg?fit=390%2C240&ssl=1","jetpack_sharing_enabled":true,"_links":{"self":[{"href":"https:\/\/cdnoticias.com\/index.php\/wp-json\/wp\/v2\/posts\/104563","targetHints":{"allow":["GET"]}}],"collection":[{"href":"https:\/\/cdnoticias.com\/index.php\/wp-json\/wp\/v2\/posts"}],"about":[{"href":"https:\/\/cdnoticias.com\/index.php\/wp-json\/wp\/v2\/types\/post"}],"author":[{"embeddable":true,"href":"https:\/\/cdnoticias.com\/index.php\/wp-json\/wp\/v2\/users\/4"}],"replies":[{"embeddable":true,"href":"https:\/\/cdnoticias.com\/index.php\/wp-json\/wp\/v2\/comments?post=104563"}],"version-history":[{"count":0,"href":"https:\/\/cdnoticias.com\/index.php\/wp-json\/wp\/v2\/posts\/104563\/revisions"}],"wp:featuredmedia":[{"embeddable":true,"href":"https:\/\/cdnoticias.com\/index.php\/wp-json\/wp\/v2\/media\/51544"}],"wp:attachment":[{"href":"https:\/\/cdnoticias.com\/index.php\/wp-json\/wp\/v2\/media?parent=104563"}],"wp:term":[{"taxonomy":"category","embeddable":true,"href":"https:\/\/cdnoticias.com\/index.php\/wp-json\/wp\/v2\/categories?post=104563"},{"taxonomy":"post_tag","embeddable":true,"href":"https:\/\/cdnoticias.com\/index.php\/wp-json\/wp\/v2\/tags?post=104563"}],"curies":[{"name":"wp","href":"https:\/\/api.w.org\/{rel}","templated":true}]}}