{"id":104546,"date":"2023-12-17T11:30:21","date_gmt":"2023-12-17T14:30:21","guid":{"rendered":"https:\/\/cdnoticias.com\/?p=104546"},"modified":"2023-12-17T11:30:23","modified_gmt":"2023-12-17T14:30:23","slug":"el-gobierno-nacional-monitorea-con-la-provincia-y-el-municipio-el-temporal-en-bahia-blanca","status":"publish","type":"post","link":"https:\/\/cdnoticias.com\/index.php\/2023\/12\/17\/el-gobierno-nacional-monitorea-con-la-provincia-y-el-municipio-el-temporal-en-bahia-blanca\/","title":{"rendered":"El Gobierno nacional monitorea con la provincia y el municipio el temporal en Bah\u00eda Blanca"},"content":{"rendered":"\n<p>El temporal tuvo r\u00e1fagas de viento de m\u00e1s de 150 km\/h y provoc\u00f3 v\u00edctimas fatales, heridos y destrozos en la ciudad.<\/p>\n\n\n\n<hr class=\"wp-block-separator aligncenter has-alpha-channel-opacity\"\/>\n\n\n\n<p>El <strong>Gobierno nacional<\/strong> inform\u00f3 que <strong>monitorea &#8220;la delicada situaci\u00f3n generada por la tormenta el\u00e9ctrica en la Provincia de Buenos Aires&#8221;,<\/strong> que gener\u00f3 v\u00edctimas fatales, heridos y destrozos en <strong>Bah\u00eda Blanca.<\/strong><\/p>\n\n\n\n<p><\/p>\n\n\n\n<p>El <strong>presidente Javier Milei<\/strong> expres\u00f3 &#8220;<strong><em>su m\u00e1s sentido p\u00e9same a familiares y amigos de los fallecidos a causa de la tormenta&#8221;<\/em><\/strong>, indic\u00f3 la Oficina de Prensa de la Presidencia.<\/p>\n\n\n\n<p><\/p>\n\n\n\n<p>Asimismo, el Gobierno recomend\u00f3 a la poblaci\u00f3n<strong> &#8220;revisar el servicio meteorol\u00f3gico&#8221;<\/strong> para chequear el sistema de alertas que rige para su zona&#8221; y, de ser necesario, permanecer en sus casas durante la madrugada&#8221;.<\/p>\n\n\n\n<p><\/p>\n\n\n\n<p>&#8220;Las r\u00e1fagas de viento <strong>superaron los 150 km\/h en Bah\u00eda Blanca<\/strong> y rige alerta naranja en diferentes zonas de la Provincia de Buenos Aires&#8221;, record\u00f3 la Presidencia.<\/p>\n\n\n\n<p><\/p>\n\n\n\n<p>Adem\u00e1s, indic\u00f3 que &#8220;en este momento, el Gabinete Nacional <strong>se encuentra trabajando en conjunto con las autoridades provinciales y municipales<\/strong> en l<strong>a asistencia de las v\u00edctimas y en el control de da\u00f1os&#8221;.<\/strong><\/p>\n\n\n\n<p><\/p>\n\n\n\n<p>En tanto, el <strong>gobernador de la provincia Axel Kicillof<\/strong> inform\u00f3&nbsp; a trav\u00e9s de su red social X que \u201c<strong><em>todos los ministros de las \u00e1reas del gobierno de la provincia de Buenos Aires est\u00e1n coordinando esfuerzos con la municipalidad de Bah\u00eda Blanca en el marco del Comit\u00e9 de Emergencia\u201d.<\/em><\/strong><\/p>\n\n\n\n<p><\/p>\n\n\n\n<blockquote class=\"wp-block-quote is-layout-flow wp-block-quote-is-layout-flow\">\n<p>\u201cEstoy en comunicaci\u00f3n con el intendente @fsusbielles y ya hemos puesto a disposici\u00f3n los recursos para reparar las consecuencias de esta tragedia. Nuestro sentido acompa\u00f1amiento a las familias de las v\u00edctimas\u201d agreg\u00f3 Kicillof.<\/p>\n<\/blockquote>\n\n\n\n<p><\/p>\n\n\n\n<p>Por \u00faltimo, el<strong> Intendente de Bah\u00eda Blanca, Federico Susbielles<\/strong> comunic\u00f3 a trav\u00e9s de su red social X: \u201c<em>Con much\u00edsimo dolor, se confirmaron hasta el momento 13 v\u00edctimas fatales. Solicitamos a la comunidad extremar los cuidados y no circular por la v\u00eda p\u00fablica\u201d.<\/em><\/p>\n\n\n\n<p><\/p>\n\n\n\n<p><em>Foto: Redacci\u00f3n La Nueva <\/em><\/p>\n\n\n\n<p><em>Fuente: T\u00e9lam <\/em><\/p>\n","protected":false},"excerpt":{"rendered":"<p>El temporal tuvo r\u00e1fagas de viento de m\u00e1s de 150 km\/h y provoc\u00f3 v\u00edctimas fatales, heridos y destrozos en la<\/p>\n","protected":false},"author":6,"featured_media":104547,"comment_status":"closed","ping_status":"closed","sticky":false,"template":"","format":"standard","meta":{"_jetpack_memberships_contains_paid_content":false,"footnotes":""},"categories":[6,1],"tags":[],"class_list":["post-104546","post","type-post","status-publish","format-standard","has-post-thumbnail","hentry","category-nacionales","category-portada"],"jetpack_featured_media_url":"https:\/\/i0.wp.com\/cdnoticias.com\/wp-content\/uploads\/2023\/12\/temporal-bahia-blanca-fotos-la-nueva-1.jpeg?fit=807%2C535&ssl=1","jetpack_sharing_enabled":true,"_links":{"self":[{"href":"https:\/\/cdnoticias.com\/index.php\/wp-json\/wp\/v2\/posts\/104546","targetHints":{"allow":["GET"]}}],"collection":[{"href":"https:\/\/cdnoticias.com\/index.php\/wp-json\/wp\/v2\/posts"}],"about":[{"href":"https:\/\/cdnoticias.com\/index.php\/wp-json\/wp\/v2\/types\/post"}],"author":[{"embeddable":true,"href":"https:\/\/cdnoticias.com\/index.php\/wp-json\/wp\/v2\/users\/6"}],"replies":[{"embeddable":true,"href":"https:\/\/cdnoticias.com\/index.php\/wp-json\/wp\/v2\/comments?post=104546"}],"version-history":[{"count":0,"href":"https:\/\/cdnoticias.com\/index.php\/wp-json\/wp\/v2\/posts\/104546\/revisions"}],"wp:featuredmedia":[{"embeddable":true,"href":"https:\/\/cdnoticias.com\/index.php\/wp-json\/wp\/v2\/media\/104547"}],"wp:attachment":[{"href":"https:\/\/cdnoticias.com\/index.php\/wp-json\/wp\/v2\/media?parent=104546"}],"wp:term":[{"taxonomy":"category","embeddable":true,"href":"https:\/\/cdnoticias.com\/index.php\/wp-json\/wp\/v2\/categories?post=104546"},{"taxonomy":"post_tag","embeddable":true,"href":"https:\/\/cdnoticias.com\/index.php\/wp-json\/wp\/v2\/tags?post=104546"}],"curies":[{"name":"wp","href":"https:\/\/api.w.org\/{rel}","templated":true}]}}