{"id":104544,"date":"2023-12-17T10:29:09","date_gmt":"2023-12-17T13:29:09","guid":{"rendered":"https:\/\/cdnoticias.com\/?p=104544"},"modified":"2023-12-17T12:30:15","modified_gmt":"2023-12-17T15:30:15","slug":"corte-de-luz-en-varias-zonas-de-la-ciudad-y-las-localidades","status":"publish","type":"post","link":"https:\/\/cdnoticias.com\/index.php\/2023\/12\/17\/corte-de-luz-en-varias-zonas-de-la-ciudad-y-las-localidades\/","title":{"rendered":"Corte de luz en varias zonas de la ciudad y las localidades"},"content":{"rendered":"\n<p>Desde Coopelectric se inform\u00f3 que se encuentran trabajando realizando las tareas correspondientes para reponer el servicio. Solicitaron hacer un uso racional del agua ante las continuas alertas meteorol\u00f3gicas.<\/p>\n\n\n\n<hr class=\"wp-block-separator aligncenter has-alpha-channel-opacity\"\/>\n\n\n\n<p>Este domingo por la ma\u00f1ana, <strong>producto del temporal y debido al corte de un cable de media tensi\u00f3n se produjo la salida de servicio de los alimentadores 3 y 4<\/strong> lo que dej\u00f3<strong> sin servicio el\u00e9ctrico <\/strong>a varias zonas de la ciudad y las localidades.<\/p>\n\n\n\n<p><\/p>\n\n\n\n<blockquote class=\"wp-block-quote is-layout-flow wp-block-quote-is-layout-flow\">\n<p>Espec\u00edficamente, se encuentran sin servicio las localidades de Loma Negra y zona rural de Dura\u00f1ona y Santa Luisa. Tambi\u00e9n afecta la zona Palo de Colores, zona Facultades y barrio Villa Aurora.<\/p>\n<\/blockquote>\n\n\n\n<p><\/p>\n\n\n\n<p>Desde Coopelectric indicaron que <em>\u201cse encuentran trabajando realizando las correspondientes tareas operativas para reparar el cable y posteriormente reponer el servicio\u201d.<\/em><\/p>\n\n\n\n<p><\/p>\n\n\n\n<p>Por \u00faltimo, y ante un nuevo temporal que afect\u00f3 parte del servicio el\u00e9ctrico y por ende impacta tambi\u00e9n en los pozos de extracci\u00f3n de agua, <strong>solicitaron a la comunidad hacer un uso racional y solidario del recurso <\/strong>\u201ccomo lo hacemos siempre, pero a\u00fan m\u00e1s en \u00e9ste momento de continuas alertas meteorol\u00f3gicas hasta que pueda lograrse el restablecimiento permanente del servicio\u201d.<\/p>\n","protected":false},"excerpt":{"rendered":"<p>Desde Coopelectric se inform\u00f3 que se encuentran trabajando realizando las tareas correspondientes para reponer el servicio. Solicitaron hacer un uso<\/p>\n","protected":false},"author":6,"featured_media":41402,"comment_status":"closed","ping_status":"closed","sticky":false,"template":"","format":"standard","meta":{"_jetpack_memberships_contains_paid_content":false,"footnotes":""},"categories":[5,1],"tags":[],"class_list":["post-104544","post","type-post","status-publish","format-standard","has-post-thumbnail","hentry","category-informacion-general","category-portada"],"jetpack_featured_media_url":"https:\/\/i0.wp.com\/cdnoticias.com\/wp-content\/uploads\/2021\/12\/coopelectric-camion1.jpg?fit=1540%2C856&ssl=1","jetpack_sharing_enabled":true,"_links":{"self":[{"href":"https:\/\/cdnoticias.com\/index.php\/wp-json\/wp\/v2\/posts\/104544","targetHints":{"allow":["GET"]}}],"collection":[{"href":"https:\/\/cdnoticias.com\/index.php\/wp-json\/wp\/v2\/posts"}],"about":[{"href":"https:\/\/cdnoticias.com\/index.php\/wp-json\/wp\/v2\/types\/post"}],"author":[{"embeddable":true,"href":"https:\/\/cdnoticias.com\/index.php\/wp-json\/wp\/v2\/users\/6"}],"replies":[{"embeddable":true,"href":"https:\/\/cdnoticias.com\/index.php\/wp-json\/wp\/v2\/comments?post=104544"}],"version-history":[{"count":0,"href":"https:\/\/cdnoticias.com\/index.php\/wp-json\/wp\/v2\/posts\/104544\/revisions"}],"wp:featuredmedia":[{"embeddable":true,"href":"https:\/\/cdnoticias.com\/index.php\/wp-json\/wp\/v2\/media\/41402"}],"wp:attachment":[{"href":"https:\/\/cdnoticias.com\/index.php\/wp-json\/wp\/v2\/media?parent=104544"}],"wp:term":[{"taxonomy":"category","embeddable":true,"href":"https:\/\/cdnoticias.com\/index.php\/wp-json\/wp\/v2\/categories?post=104544"},{"taxonomy":"post_tag","embeddable":true,"href":"https:\/\/cdnoticias.com\/index.php\/wp-json\/wp\/v2\/tags?post=104544"}],"curies":[{"name":"wp","href":"https:\/\/api.w.org\/{rel}","templated":true}]}}