{"id":104520,"date":"2023-12-16T19:35:40","date_gmt":"2023-12-16T22:35:40","guid":{"rendered":"https:\/\/cdnoticias.com\/?p=104520"},"modified":"2023-12-17T10:29:24","modified_gmt":"2023-12-17T13:29:24","slug":"wesner-encabezo-una-reunion-con-instituciones-intermedias-para-trabajar-en-forma-conjunta-ante-la-emergencia","status":"publish","type":"post","link":"https:\/\/cdnoticias.com\/index.php\/2023\/12\/16\/wesner-encabezo-una-reunion-con-instituciones-intermedias-para-trabajar-en-forma-conjunta-ante-la-emergencia\/","title":{"rendered":"Wesner encabez\u00f3 una reuni\u00f3n con instituciones intermedias para trabajar en forma conjunta ante la emergencia"},"content":{"rendered":"<p>Referentes de m\u00e1s de entidades estuvieron en el CEMO. &#8220;Nos enfrentamos a una situaci\u00f3n muy cr\u00edtica e in\u00e9dita\u201d dijo Wesner quien escuch\u00f3 las intervenciones de los asistentes.<!--more--><\/p>\n<hr \/>\n<p>El <strong>Intendente Municipal Maximiliano Wesner<\/strong> encabez\u00f3 un <strong>encuentro con m\u00e1s de 60 instituciones<\/strong> en el marco de la <strong>situaci\u00f3n cr\u00edtica que atraviesa Olavarr\u00eda<\/strong> luego de los temporales que azotaron a la ciudad.<\/p>\n<p>&nbsp;<\/p>\n<p>El encuentro tuvo lugar <strong>en el Centro de Convenciones de Olavarr\u00eda<\/strong> y participaron todos los actores que forman el<strong> Comit\u00e9 Operativo de Emergencia (COE).<\/strong> A trav\u00e9s de sus autoridades, estuvieron presentes la <em>Uni\u00f3n Industrial Olavarr\u00eda, los Parques Industriales, la Asociaci\u00f3n Bomberos Voluntarios, la C\u00e1mara Empresaria, C\u00e1ritas, la Uni\u00f3n de Clubes, Sociedades de Fomento, juntas vecinales, organizaciones sociales, centros de jubilados, fuerzas de seguridad, y los colegios de Abogados, Arquitectos e Ingenieros<\/em>.<\/p>\n<p>&nbsp;<\/p>\n<p>Se destac\u00f3 que entre los asistentes se contaron<em> integrantes del Poder Judicial, representantes de las fiscal\u00edas, defensor\u00edas y juzgados<\/em>.<\/p>\n<p>&nbsp;<\/p>\n<p><img data-recalc-dims=\"1\" loading=\"lazy\" decoding=\"async\" class=\"alignnone size-full wp-image-104522\" src=\"https:\/\/i0.wp.com\/cdnoticias.com\/wp-content\/uploads\/2023\/12\/emergencia-wesner-reunion-con-instituciones-02.jpg?resize=800%2C445&#038;ssl=1\" alt=\"\" width=\"800\" height=\"445\" srcset=\"https:\/\/i0.wp.com\/cdnoticias.com\/wp-content\/uploads\/2023\/12\/emergencia-wesner-reunion-con-instituciones-02.jpg?w=1000&amp;ssl=1 1000w, https:\/\/i0.wp.com\/cdnoticias.com\/wp-content\/uploads\/2023\/12\/emergencia-wesner-reunion-con-instituciones-02.jpg?resize=300%2C167&amp;ssl=1 300w, https:\/\/i0.wp.com\/cdnoticias.com\/wp-content\/uploads\/2023\/12\/emergencia-wesner-reunion-con-instituciones-02.jpg?resize=768%2C427&amp;ssl=1 768w, https:\/\/i0.wp.com\/cdnoticias.com\/wp-content\/uploads\/2023\/12\/emergencia-wesner-reunion-con-instituciones-02.jpg?resize=800%2C445&amp;ssl=1 800w\" sizes=\"auto, (max-width: 800px) 100vw, 800px\" \/><\/p>\n<p>&nbsp;<\/p>\n<p>Durante la reuni\u00f3n,<strong> el intendente Wesner invit\u00f3 a todas las organizaciones a expresar su mirada respecto a la emergencia<\/strong> que atraviesa Olavarr\u00eda y los convoc\u00f3 a colaborar con la respuesta planificada de manera conjunta para superar esta situaci\u00f3n.<\/p>\n<p>&nbsp;<\/p>\n<blockquote><p>&#8220;Nos enfrentamos a una situaci\u00f3n muy cr\u00edtica e in\u00e9dita en el partido de Olavarr\u00eda con dos temporales en menos de 48 horas que golpearon a gran parte de la ciudad cabecera y las localidades con una magnitud que no se registraba desde hac\u00eda 30 a\u00f1os&#8221;, expres\u00f3 el jefe comunal.<\/p><\/blockquote>\n<p>&nbsp;<\/p>\n<p>Por su parte, el <strong>director de Defensa Civil, Adri\u00e1n Guevara<\/strong>, actualiz\u00f3 la <strong>informaci\u00f3n meteorol\u00f3gica<\/strong> y se\u00f1al\u00f3 que <a href=\"https:\/\/cdnoticias.com\/index.php\/2023\/12\/15\/servicio-meteorologico-nacional-alerta-naranja-para-olavarria-en-la-noche-del-sabado\/\" target=\"_blank\" rel=\"noopener\">persiste para este s\u00e1bado una alerta amarillo por tormentas fuertes que se transforma en alerta naranja<\/a> en horas de la noche. En ese marco, <strong>solicit\u00f3 responsabilidad para circular y un uso racional del agua<\/strong> ante el evento meteorol\u00f3gico.<\/p>\n<p>&nbsp;<\/p>\n<p>Por orden del intendente Wesner, <strong>el Gobierno Municipal y el COE intensifican las tareas de prevenci\u00f3n<\/strong> y se mantienen activos para monitorear las posibles urgencias con el objetivo de dar una r\u00e1pida respuesta y brindar asistencia a la comunidad.<\/p>\n<p>&nbsp;<\/p>\n<p><img data-recalc-dims=\"1\" loading=\"lazy\" decoding=\"async\" class=\"alignnone size-full wp-image-104521\" src=\"https:\/\/i0.wp.com\/cdnoticias.com\/wp-content\/uploads\/2023\/12\/emergencia-wesner-reunion-con-instituciones-01.jpg?resize=800%2C446&#038;ssl=1\" alt=\"\" width=\"800\" height=\"446\" srcset=\"https:\/\/i0.wp.com\/cdnoticias.com\/wp-content\/uploads\/2023\/12\/emergencia-wesner-reunion-con-instituciones-01.jpg?w=1000&amp;ssl=1 1000w, https:\/\/i0.wp.com\/cdnoticias.com\/wp-content\/uploads\/2023\/12\/emergencia-wesner-reunion-con-instituciones-01.jpg?resize=300%2C167&amp;ssl=1 300w, https:\/\/i0.wp.com\/cdnoticias.com\/wp-content\/uploads\/2023\/12\/emergencia-wesner-reunion-con-instituciones-01.jpg?resize=768%2C428&amp;ssl=1 768w, https:\/\/i0.wp.com\/cdnoticias.com\/wp-content\/uploads\/2023\/12\/emergencia-wesner-reunion-con-instituciones-01.jpg?resize=800%2C445&amp;ssl=1 800w\" sizes=\"auto, (max-width: 800px) 100vw, 800px\" \/><\/p>\n<p>&nbsp;<\/p>\n<p>Con respecto al sistema el\u00e9ctrico, el <strong>gerente de Distribuci\u00f3n del Servicio El\u00e9ctrico de Coopelectric, Claudio Napoli<\/strong>, precis\u00f3 que actualmente se alcanz\u00f3 el <a href=\"https:\/\/cdnoticias.com\/index.php\/2023\/12\/15\/coopelectric-el-95-de-la-ciudad-cuenta-con-luz-y-continuan-trabajando-en-los-focos-grandes-afectados\/\" target=\"_blank\" rel=\"noopener\">restablecimiento del servicio en un 95%<\/a> y que &#8220;ante esta situaci\u00f3n in\u00e9dita se trabajando con guardas permanentes&#8221;. Adem\u00e1s, explic\u00f3 que<strong> la segunda tormenta registrada el jueves demor\u00f3 los avances y afect\u00f3 la capacidad de respuestas<\/strong>.<\/p>\n<p>&nbsp;<\/p>\n<p>Durante el encuentro, Maximiliano Wesner destac\u00f3 <em>el esfuerzo y la solidaridad de los vecinos y vecinas de Olavarr\u00eda, el trabajo de Bomberos, Defensa Civil, Coopelectric, las fuerzas de seguridad, trabajadores municipales, voluntarios, organizaciones sociales y empresas<\/em> que vienen realizando su aporte de distintas formas.<strong> &#8220;Todos son imprescindibles para superar esta situaci\u00f3n&#8221;<\/strong>, remarc\u00f3.<\/p>\n<p>&nbsp;<\/p>\n<p>Asimismo, el <strong>comandante General Ra\u00fal Ferreyra, titular del cuartel de bomberos de Olavarr\u00eda<\/strong>, asegur\u00f3 que nunca antes le hab\u00eda tocado enfrentar una situaci\u00f3n de esta magnitud y <a href=\"https:\/\/cdnoticias.com\/index.php\/2023\/12\/15\/entre-el-martes-y-el-jueves-bomberos-atendio-casi-280-servicios\/\" target=\"_blank\" rel=\"noopener\">detall\u00f3 todo el trabajo que se viene llevando adelante desde el cuerpo que lidera<\/a>.<\/p>\n<p>&nbsp;<\/p>\n<blockquote><p>&#8220;Ac\u00e1 est\u00e1 la comunidad organizada de Olavarr\u00eda para dar respuesta en todos los niveles, vamos a seguir trabajando con cada instituci\u00f3n en las diferentes zonas y cuadr\u00edculas para dar un abordaje integral en cada barrio y poder abrazar a todos los vecinos que tengan m\u00e1s necesidades&#8221;, concluy\u00f3 el Intendente Municipal.<\/p><\/blockquote>\n<p>&nbsp;<\/p>\n<p>Por \u00faltimo, <strong>desde Defensa Civil se solicit\u00f3 \u201cencarecidamente\u201d la suspensi\u00f3n de fiestas y eventos sociales<\/strong> debido al riesgo que implica la persistencia del alerta naranja para la ciudad y las localidades.<\/p>\n<p>&nbsp;<\/p>\n","protected":false},"excerpt":{"rendered":"<p>Referentes de m\u00e1s de entidades estuvieron en el CEMO. &#8220;Nos enfrentamos a una situaci\u00f3n muy cr\u00edtica e in\u00e9dita\u201d dijo Wesner<\/p>\n","protected":false},"author":4,"featured_media":104523,"comment_status":"closed","ping_status":"closed","sticky":false,"template":"","format":"standard","meta":{"_jetpack_memberships_contains_paid_content":false,"footnotes":""},"categories":[5,1],"tags":[],"class_list":["post-104520","post","type-post","status-publish","format-standard","has-post-thumbnail","hentry","category-informacion-general","category-portada"],"jetpack_featured_media_url":"https:\/\/i0.wp.com\/cdnoticias.com\/wp-content\/uploads\/2023\/12\/emergencia-wesner-reunion-con-instituciones-00.jpg?fit=1000%2C556&ssl=1","jetpack_sharing_enabled":true,"_links":{"self":[{"href":"https:\/\/cdnoticias.com\/index.php\/wp-json\/wp\/v2\/posts\/104520","targetHints":{"allow":["GET"]}}],"collection":[{"href":"https:\/\/cdnoticias.com\/index.php\/wp-json\/wp\/v2\/posts"}],"about":[{"href":"https:\/\/cdnoticias.com\/index.php\/wp-json\/wp\/v2\/types\/post"}],"author":[{"embeddable":true,"href":"https:\/\/cdnoticias.com\/index.php\/wp-json\/wp\/v2\/users\/4"}],"replies":[{"embeddable":true,"href":"https:\/\/cdnoticias.com\/index.php\/wp-json\/wp\/v2\/comments?post=104520"}],"version-history":[{"count":0,"href":"https:\/\/cdnoticias.com\/index.php\/wp-json\/wp\/v2\/posts\/104520\/revisions"}],"wp:featuredmedia":[{"embeddable":true,"href":"https:\/\/cdnoticias.com\/index.php\/wp-json\/wp\/v2\/media\/104523"}],"wp:attachment":[{"href":"https:\/\/cdnoticias.com\/index.php\/wp-json\/wp\/v2\/media?parent=104520"}],"wp:term":[{"taxonomy":"category","embeddable":true,"href":"https:\/\/cdnoticias.com\/index.php\/wp-json\/wp\/v2\/categories?post=104520"},{"taxonomy":"post_tag","embeddable":true,"href":"https:\/\/cdnoticias.com\/index.php\/wp-json\/wp\/v2\/tags?post=104520"}],"curies":[{"name":"wp","href":"https:\/\/api.w.org\/{rel}","templated":true}]}}