{"id":104509,"date":"2023-12-16T14:09:07","date_gmt":"2023-12-16T17:09:07","guid":{"rendered":"https:\/\/cdnoticias.com\/?p=104509"},"modified":"2023-12-16T14:09:10","modified_gmt":"2023-12-16T17:09:10","slug":"nelida-alicia-giglio-de-dirazar-nelly-q-e-p-d","status":"publish","type":"post","link":"https:\/\/cdnoticias.com\/index.php\/2023\/12\/16\/nelida-alicia-giglio-de-dirazar-nelly-q-e-p-d\/","title":{"rendered":"N\u00e9lida Alicia Giglio de Dirazar \u201cNelly\u201d (Q.E.P.D.)"},"content":{"rendered":"\n<p>Falleci\u00f3 en Olavarr\u00eda el d\u00eda 16 de diciembre de 2023 a los 81 a\u00f1os. Su esposo Roberto Ismael Dirazar. Sus hijos Pablo y Sebasti\u00e1n Dirazar. Sus hijas pol\u00edticas Claudia Ortega y Lucas Baz\u00e1n. Sus nietos Martin, Juliana y Ciro Dirazar. Sus nietos pol\u00edticos Karen, Lourdes y Mat\u00edas. Sus bisnietos Mia y Keo. Sus hermanas Graciela y Mar\u00eda Cristina; y dem\u00e1s deudos participan su fallecimiento.<\/p>\n\n\n\n<p>Velatorio: Espa\u00f1a 2942 departamento \u201cC\u201cde 14:00 a 17:00. Responso: Capilla Ardiente. Cremaci\u00f3n: Crematorio Pinos de Paz, d\u00eda y hora a confirmar. Servicio adherido a Coopelectric.<\/p>\n\n\n\n<p>Barrio en el que viv\u00eda: Mariano Moreno.<\/p>\n\n\n\n<p>Lugar de nacimiento: Nacida en Villa Alfredo Fortabat.<\/p>\n\n\n\n<p>Actividad que desarrollaba:&nbsp; Jubilada Docente.<\/p>\n","protected":false},"excerpt":{"rendered":"<p>Falleci\u00f3 en Olavarr\u00eda el d\u00eda 16 de diciembre de 2023 a los 81 a\u00f1os. Su esposo Roberto Ismael Dirazar. Sus<\/p>\n","protected":false},"author":6,"featured_media":100390,"comment_status":"closed","ping_status":"closed","sticky":false,"template":"","format":"standard","meta":{"_jetpack_memberships_contains_paid_content":false,"footnotes":""},"categories":[10],"tags":[],"class_list":["post-104509","post","type-post","status-publish","format-standard","has-post-thumbnail","hentry","category-necrologicas"],"jetpack_featured_media_url":"https:\/\/i0.wp.com\/cdnoticias.com\/wp-content\/uploads\/2023\/10\/necrologicas-390-x-240.jpg?fit=390%2C240&ssl=1","jetpack_sharing_enabled":true,"_links":{"self":[{"href":"https:\/\/cdnoticias.com\/index.php\/wp-json\/wp\/v2\/posts\/104509","targetHints":{"allow":["GET"]}}],"collection":[{"href":"https:\/\/cdnoticias.com\/index.php\/wp-json\/wp\/v2\/posts"}],"about":[{"href":"https:\/\/cdnoticias.com\/index.php\/wp-json\/wp\/v2\/types\/post"}],"author":[{"embeddable":true,"href":"https:\/\/cdnoticias.com\/index.php\/wp-json\/wp\/v2\/users\/6"}],"replies":[{"embeddable":true,"href":"https:\/\/cdnoticias.com\/index.php\/wp-json\/wp\/v2\/comments?post=104509"}],"version-history":[{"count":0,"href":"https:\/\/cdnoticias.com\/index.php\/wp-json\/wp\/v2\/posts\/104509\/revisions"}],"wp:featuredmedia":[{"embeddable":true,"href":"https:\/\/cdnoticias.com\/index.php\/wp-json\/wp\/v2\/media\/100390"}],"wp:attachment":[{"href":"https:\/\/cdnoticias.com\/index.php\/wp-json\/wp\/v2\/media?parent=104509"}],"wp:term":[{"taxonomy":"category","embeddable":true,"href":"https:\/\/cdnoticias.com\/index.php\/wp-json\/wp\/v2\/categories?post=104509"},{"taxonomy":"post_tag","embeddable":true,"href":"https:\/\/cdnoticias.com\/index.php\/wp-json\/wp\/v2\/tags?post=104509"}],"curies":[{"name":"wp","href":"https:\/\/api.w.org\/{rel}","templated":true}]}}