{"id":104495,"date":"2023-12-16T18:34:20","date_gmt":"2023-12-16T21:34:20","guid":{"rendered":"https:\/\/cdnoticias.com\/?p=104495"},"modified":"2023-12-16T18:34:22","modified_gmt":"2023-12-16T21:34:22","slug":"tenia-pedido-de-captura-y-fue-detenido","status":"publish","type":"post","link":"https:\/\/cdnoticias.com\/index.php\/2023\/12\/16\/tenia-pedido-de-captura-y-fue-detenido\/","title":{"rendered":"Ten\u00eda pedido de captura y fue detenido"},"content":{"rendered":"\n<p>Era buscado desde hace 10 a\u00f1os. El hecho se llev\u00f3 a cabo en Jun\u00edn y Merlo a ra\u00edz de un llamado al 911.<\/p>\n\n\n\n<hr class=\"wp-block-separator aligncenter has-alpha-channel-opacity\"\/>\n\n\n\n<p>Este viernes, Comando de Patrullas Olavarr\u00eda <strong>detuvo a un hombre de 36 a\u00f1os <\/strong>sobre quien se hab\u00eda emitido un <strong> pedido de captura.<\/strong><\/p>\n\n\n\n<p><\/p>\n\n\n\n<p>La medida databa desde el 17 de julio de 2013 en una causa caratulada como Infracci\u00f3n Ley 8031 a requerimiento del Doctor Poggioli Juez de Paz Letrado Laprida.<\/p>\n\n\n\n<p><\/p>\n\n\n\n<p>El arresto se llev\u00f3 a cabo en<strong> Jun\u00edn y Merlo<\/strong> a ra\u00edz de un llamado al 911 y <strong>el detenido fue remitido a Comisaria Primera.<\/strong><\/p>\n","protected":false},"excerpt":{"rendered":"<p>Era buscado desde hace 10 a\u00f1os. El hecho se llev\u00f3 a cabo en Jun\u00edn y Merlo a ra\u00edz de un<\/p>\n","protected":false},"author":6,"featured_media":104496,"comment_status":"closed","ping_status":"closed","sticky":false,"template":"","format":"standard","meta":{"_jetpack_memberships_contains_paid_content":false,"footnotes":""},"categories":[14,1],"tags":[],"class_list":["post-104495","post","type-post","status-publish","format-standard","has-post-thumbnail","hentry","category-policiales","category-portada"],"jetpack_featured_media_url":"https:\/\/i0.wp.com\/cdnoticias.com\/wp-content\/uploads\/2023\/12\/detenido-pedido-de-captura-2013.png?fit=855%2C515&ssl=1","jetpack_sharing_enabled":true,"_links":{"self":[{"href":"https:\/\/cdnoticias.com\/index.php\/wp-json\/wp\/v2\/posts\/104495","targetHints":{"allow":["GET"]}}],"collection":[{"href":"https:\/\/cdnoticias.com\/index.php\/wp-json\/wp\/v2\/posts"}],"about":[{"href":"https:\/\/cdnoticias.com\/index.php\/wp-json\/wp\/v2\/types\/post"}],"author":[{"embeddable":true,"href":"https:\/\/cdnoticias.com\/index.php\/wp-json\/wp\/v2\/users\/6"}],"replies":[{"embeddable":true,"href":"https:\/\/cdnoticias.com\/index.php\/wp-json\/wp\/v2\/comments?post=104495"}],"version-history":[{"count":0,"href":"https:\/\/cdnoticias.com\/index.php\/wp-json\/wp\/v2\/posts\/104495\/revisions"}],"wp:featuredmedia":[{"embeddable":true,"href":"https:\/\/cdnoticias.com\/index.php\/wp-json\/wp\/v2\/media\/104496"}],"wp:attachment":[{"href":"https:\/\/cdnoticias.com\/index.php\/wp-json\/wp\/v2\/media?parent=104495"}],"wp:term":[{"taxonomy":"category","embeddable":true,"href":"https:\/\/cdnoticias.com\/index.php\/wp-json\/wp\/v2\/categories?post=104495"},{"taxonomy":"post_tag","embeddable":true,"href":"https:\/\/cdnoticias.com\/index.php\/wp-json\/wp\/v2\/tags?post=104495"}],"curies":[{"name":"wp","href":"https:\/\/api.w.org\/{rel}","templated":true}]}}