{"id":104490,"date":"2023-12-16T11:00:18","date_gmt":"2023-12-16T14:00:18","guid":{"rendered":"https:\/\/cdnoticias.com\/?p=104490"},"modified":"2023-12-16T11:03:21","modified_gmt":"2023-12-16T14:03:21","slug":"circulaba-en-una-moto-con-pedido-de-secuestro-y-fue-aprehendido","status":"publish","type":"post","link":"https:\/\/cdnoticias.com\/index.php\/2023\/12\/16\/circulaba-en-una-moto-con-pedido-de-secuestro-y-fue-aprehendido\/","title":{"rendered":"Circulaba en una moto con pedido de secuestro activo y fue aprehendido"},"content":{"rendered":"\n<p>Ocurri\u00f3 este viernes en Amparo Castro y Jos\u00e9 Luis Torres. La causa fue caratulada como \u201cencubrimiento\u201d.<\/p>\n\n\n\n<hr class=\"wp-block-separator aligncenter has-alpha-channel-opacity\"\/>\n\n\n\n<p>Este viernes personal policial de Comisar\u00eda Segunda <strong>intercept\u00f3 a un hombre que circulaba en una motocicleta <\/strong>en <strong>Amparo Casto y Jos\u00e9 Luis Torres.<\/strong><\/p>\n\n\n\n<p><\/p>\n\n\n\n<p>Al consultar v\u00eda inform\u00e1tica sobre el moto veh\u00edculo <strong>marca Corven modelo Triax 250 C.C.<\/strong> dieron con la informaci\u00f3n de que <strong>ten\u00eda un pedido de secuestro activo con fecha del 7 de septiembre de 2014 en causa de \u201churto\u201d.<\/strong><\/p>\n\n\n\n<p><\/p>\n\n\n\n<p>El <strong>hombre de 20 a\u00f1os fue aprehendido<\/strong> por el <strong>delito de \u201cencubrimiento\u201d<\/strong> e interviene la UFI N\u00b07 a cargo del Doctor Cristian Urlezaga Departamento Judicial de Azul, sede Olavarr\u00eda.<\/p>\n","protected":false},"excerpt":{"rendered":"<p>Ocurri\u00f3 este viernes en Amparo Castro y Jos\u00e9 Luis Torres. La causa fue caratulada como \u201cencubrimiento\u201d. Este viernes personal policial<\/p>\n","protected":false},"author":6,"featured_media":104493,"comment_status":"closed","ping_status":"closed","sticky":false,"template":"","format":"standard","meta":{"_jetpack_memberships_contains_paid_content":false,"footnotes":""},"categories":[14,1],"tags":[],"class_list":["post-104490","post","type-post","status-publish","format-standard","has-post-thumbnail","hentry","category-policiales","category-portada"],"jetpack_featured_media_url":"https:\/\/i0.wp.com\/cdnoticias.com\/wp-content\/uploads\/2023\/12\/moto-pedido-de-secuestro-2014.png?fit=988%2C744&ssl=1","jetpack_sharing_enabled":true,"_links":{"self":[{"href":"https:\/\/cdnoticias.com\/index.php\/wp-json\/wp\/v2\/posts\/104490","targetHints":{"allow":["GET"]}}],"collection":[{"href":"https:\/\/cdnoticias.com\/index.php\/wp-json\/wp\/v2\/posts"}],"about":[{"href":"https:\/\/cdnoticias.com\/index.php\/wp-json\/wp\/v2\/types\/post"}],"author":[{"embeddable":true,"href":"https:\/\/cdnoticias.com\/index.php\/wp-json\/wp\/v2\/users\/6"}],"replies":[{"embeddable":true,"href":"https:\/\/cdnoticias.com\/index.php\/wp-json\/wp\/v2\/comments?post=104490"}],"version-history":[{"count":0,"href":"https:\/\/cdnoticias.com\/index.php\/wp-json\/wp\/v2\/posts\/104490\/revisions"}],"wp:featuredmedia":[{"embeddable":true,"href":"https:\/\/cdnoticias.com\/index.php\/wp-json\/wp\/v2\/media\/104493"}],"wp:attachment":[{"href":"https:\/\/cdnoticias.com\/index.php\/wp-json\/wp\/v2\/media?parent=104490"}],"wp:term":[{"taxonomy":"category","embeddable":true,"href":"https:\/\/cdnoticias.com\/index.php\/wp-json\/wp\/v2\/categories?post=104490"},{"taxonomy":"post_tag","embeddable":true,"href":"https:\/\/cdnoticias.com\/index.php\/wp-json\/wp\/v2\/tags?post=104490"}],"curies":[{"name":"wp","href":"https:\/\/api.w.org\/{rel}","templated":true}]}}