{"id":10449,"date":"2021-01-02T13:51:58","date_gmt":"2021-01-02T16:51:58","guid":{"rendered":"http:\/\/www.centraldenoticias.com.ar\/?p=10449"},"modified":"2021-01-02T14:02:42","modified_gmt":"2021-01-02T17:02:42","slug":"los-reyes-magos-piden-videos-de-la-preparacion-de-su-llegada","status":"publish","type":"post","link":"https:\/\/cdnoticias.com\/index.php\/2021\/01\/02\/los-reyes-magos-piden-videos-de-la-preparacion-de-su-llegada\/","title":{"rendered":"Los Reyes Magos piden videos de la preparaci\u00f3n de su llegada"},"content":{"rendered":"<p>Es una invitaci\u00f3n para los m\u00e1s peque\u00f1os: \u201cno vamos a poder estar en la fiesta de Sierras Bayas, pero s\u00ed pasaremos casa por casa\u201d avisaron Melchor, Gaspar y Baltasar. El pesebre ya est\u00e1 listo.<!--more--><\/p>\n<hr \/>\n<p>En Sierras Bayas, <strong>la tradicional Fiesta de los Reyes Magos tendr\u00e1 otro formato este a\u00f1o<\/strong>: debido a la pandemia <a href=\"https:\/\/cdnoticias.com\/index.php\/2020\/12\/21\/se-suspendio-la-fiesta-de-los-reyes-magos-de-sierras-bayas\/\" target=\"_blank\" rel=\"noopener\">no se realizar\u00e1 el evento masivo<\/a>, pero s\u00ed habr\u00e1 un encuentro virtual.<\/p>\n<p>En ese marco,<strong> los Reyes Magos pidieron videos de la preparaci\u00f3n para su llegada<\/strong>. Es una invitaci\u00f3n para los m\u00e1s peque\u00f1os: <strong>\u201cno vamos a poder estar en la fiesta de Sierras Bayas, pero s\u00ed pasaremos casa por casa\u201d avisaron Melchor, Gaspar y Baltasar<\/strong>.<\/p>\n<p><iframe loading=\"lazy\" src=\"https:\/\/www.youtube.com\/embed\/LDiE1bfBofc\" width=\"560\" height=\"315\" frameborder=\"0\" allowfullscreen=\"allowfullscreen\"><\/iframe><\/p>\n<p>Dejaron un pedido <strong>para \u201clos ni\u00f1os y ni\u00f1as del mundo\u201d<\/strong> dijo Melchor, mientras que Gaspar destac\u00f3 que <strong>\u201cestamos felices de poder comunicarnos con ustedes\u201d<\/strong>. Baltasar invit\u00f3 a las ni\u00f1as y ni\u00f1os <strong>\u201ca enviarnos un video donde nos cuenten c\u00f3mo se preparan para el 5 de enero\u201d<\/strong>.<\/p>\n<blockquote><p>En la p\u00e1gina oficial de Facebook, \u201cFiesta Reyes Magos Sierras Bayas\u201d, recibir\u00e1n los videos que se publicar\u00e1n para compartir con todos hasta el martes.<\/p><\/blockquote>\n<p><strong>Pesebre<\/strong><\/p>\n<p><strong>Ver\u00f3nica Ruybal, integrante de la comisi\u00f3n organizadora<\/strong>, cont\u00f3 a <strong>Central de Noticias<\/strong>, que este a\u00f1o <strong>se cumplen 56 a\u00f1os de la primera bajada<\/strong> y lament\u00f3 que \u201cno se va a hacer la Fiesta de Reyes el 5 de enero\u201d.<\/p>\n<blockquote><p>Se\u00f1al\u00f3 que \u201ces mucha pena que sentimos, pero sabemos que la prioridad hoy es cuidarnos\u201d.<\/p><\/blockquote>\n<p><img data-recalc-dims=\"1\" loading=\"lazy\" decoding=\"async\" class=\"aligncenter wp-image-10453 size-full\" src=\"https:\/\/i0.wp.com\/cdnoticias.com\/wp-content\/uploads\/2021\/01\/reyes-sierras-bayas-02.jpg?resize=800%2C449&#038;ssl=1\" alt=\"\" width=\"800\" height=\"449\" srcset=\"https:\/\/i0.wp.com\/cdnoticias.com\/wp-content\/uploads\/2021\/01\/reyes-sierras-bayas-02.jpg?w=800&amp;ssl=1 800w, https:\/\/i0.wp.com\/cdnoticias.com\/wp-content\/uploads\/2021\/01\/reyes-sierras-bayas-02.jpg?resize=300%2C168&amp;ssl=1 300w, https:\/\/i0.wp.com\/cdnoticias.com\/wp-content\/uploads\/2021\/01\/reyes-sierras-bayas-02.jpg?resize=768%2C431&amp;ssl=1 768w\" sizes=\"auto, (max-width: 800px) 100vw, 800px\" \/><\/p>\n<p>Coment\u00f3 la iniciativa de publicar los videos y defini\u00f3 que <strong>\u201ces una manera de seguir manteniendo viva la ilusi\u00f3n y la magia del 5 de enero de cada a\u00f1o\u201d<\/strong>.<\/p>\n<p>En tanto, frente a la iglesia <strong>ya est\u00e1 armado el pesebre<\/strong> que los integrantes de la comisi\u00f3n dise\u00f1aron, cortaron, pintaron y armaron. Habr\u00e1 m\u00e1s novedades en este sentido de cara al martes.<\/p>\n<p><img data-recalc-dims=\"1\" loading=\"lazy\" decoding=\"async\" class=\"aligncenter wp-image-10452 size-full\" src=\"https:\/\/i0.wp.com\/cdnoticias.com\/wp-content\/uploads\/2021\/01\/reyes-sierras-bayas01.jpg?resize=800%2C445&#038;ssl=1\" alt=\"\" width=\"800\" height=\"445\" srcset=\"https:\/\/i0.wp.com\/cdnoticias.com\/wp-content\/uploads\/2021\/01\/reyes-sierras-bayas01.jpg?w=800&amp;ssl=1 800w, https:\/\/i0.wp.com\/cdnoticias.com\/wp-content\/uploads\/2021\/01\/reyes-sierras-bayas01.jpg?resize=300%2C167&amp;ssl=1 300w, https:\/\/i0.wp.com\/cdnoticias.com\/wp-content\/uploads\/2021\/01\/reyes-sierras-bayas01.jpg?resize=768%2C427&amp;ssl=1 768w\" sizes=\"auto, (max-width: 800px) 100vw, 800px\" \/><\/p>\n","protected":false},"excerpt":{"rendered":"<p>Es una invitaci\u00f3n para los m\u00e1s peque\u00f1os: \u201cno vamos a poder estar en la fiesta de Sierras Bayas, pero s\u00ed<\/p>\n","protected":false},"author":4,"featured_media":10454,"comment_status":"closed","ping_status":"closed","sticky":false,"template":"","format":"standard","meta":{"_jetpack_memberships_contains_paid_content":false,"footnotes":""},"categories":[9,1],"tags":[],"class_list":["post-10449","post","type-post","status-publish","format-standard","has-post-thumbnail","hentry","category-cultura","category-portada"],"jetpack_featured_media_url":"https:\/\/i0.wp.com\/cdnoticias.com\/wp-content\/uploads\/2021\/01\/reyes-sierras-bayas-00.jpg?fit=800%2C446&ssl=1","jetpack_sharing_enabled":true,"_links":{"self":[{"href":"https:\/\/cdnoticias.com\/index.php\/wp-json\/wp\/v2\/posts\/10449","targetHints":{"allow":["GET"]}}],"collection":[{"href":"https:\/\/cdnoticias.com\/index.php\/wp-json\/wp\/v2\/posts"}],"about":[{"href":"https:\/\/cdnoticias.com\/index.php\/wp-json\/wp\/v2\/types\/post"}],"author":[{"embeddable":true,"href":"https:\/\/cdnoticias.com\/index.php\/wp-json\/wp\/v2\/users\/4"}],"replies":[{"embeddable":true,"href":"https:\/\/cdnoticias.com\/index.php\/wp-json\/wp\/v2\/comments?post=10449"}],"version-history":[{"count":0,"href":"https:\/\/cdnoticias.com\/index.php\/wp-json\/wp\/v2\/posts\/10449\/revisions"}],"wp:featuredmedia":[{"embeddable":true,"href":"https:\/\/cdnoticias.com\/index.php\/wp-json\/wp\/v2\/media\/10454"}],"wp:attachment":[{"href":"https:\/\/cdnoticias.com\/index.php\/wp-json\/wp\/v2\/media?parent=10449"}],"wp:term":[{"taxonomy":"category","embeddable":true,"href":"https:\/\/cdnoticias.com\/index.php\/wp-json\/wp\/v2\/categories?post=10449"},{"taxonomy":"post_tag","embeddable":true,"href":"https:\/\/cdnoticias.com\/index.php\/wp-json\/wp\/v2\/tags?post=10449"}],"curies":[{"name":"wp","href":"https:\/\/api.w.org\/{rel}","templated":true}]}}