{"id":104466,"date":"2023-12-16T09:16:11","date_gmt":"2023-12-16T12:16:11","guid":{"rendered":"https:\/\/cdnoticias.com\/?p=104466"},"modified":"2023-12-16T09:16:13","modified_gmt":"2023-12-16T12:16:13","slug":"alejandro-alberto-prandini-chucho-gringo-sandro-q-e-p-d","status":"publish","type":"post","link":"https:\/\/cdnoticias.com\/index.php\/2023\/12\/16\/alejandro-alberto-prandini-chucho-gringo-sandro-q-e-p-d\/","title":{"rendered":"Alejandro Alberto Prandini \u201cChucho\u201d \u201cGringo\u201d \u201cSandro\u201d (Q.E.P.D.)"},"content":{"rendered":"\n<p>Falleci\u00f3 en Olavarr\u00eda el d\u00eda 16 de diciembre de 2023 a los 65 a\u00f1os.<\/p>\n\n\n\n<p>Su compa\u00f1era M\u00f3nica Mega. Sus hijos Cecilia y Celeste Prandini. Su hijo pol\u00edtico Juan Bageneta. Su nieto Ricky Veliz Prandini. La madre de sus hijas Marisa Merlos. Su hermana Virginia Prandini. Sus sobrinos Guillermina, Juan Andr\u00e9s y Juan Santiago Nogal. Sus sobrinos pol\u00edticos. Sus sobrinos nietos. Sus hijos en el afecto Belena, Enzo, Amparo y Mateo. Su t\u00eda Raquel Taso. Sus primos Silvia, Pablo y Nacho Arbasetti. Sus primos pol\u00edticos. Sus primos segundos. Sus amigos y dem\u00e1s deudos participan su fallecimiento.\u00a0<\/p>\n\n\n\n<p>Velatorio: Espa\u00f1a 2942 departamento \u201cF \u201c. Comienza a las 13:00 y finaliza a las 22:00. Responso: A confirmar. Cremaci\u00f3n:&nbsp; Crematorio Pinos de Paz, d\u00eda y hora a confirmar.<\/p>\n\n\n\n<p>Barrio en el que viv\u00eda: Vecino de Barrio Provincias Argentinas.<\/p>\n\n\n\n<p>Lugar de nacimiento: Nacido en Mar del Plata.<\/p>\n\n\n\n<p>Actividad que desarrollaba: Gasista Jubilado.<\/p>\n","protected":false},"excerpt":{"rendered":"<p>Falleci\u00f3 en Olavarr\u00eda el d\u00eda 16 de diciembre de 2023 a los 65 a\u00f1os. Su compa\u00f1era M\u00f3nica Mega. Sus hijos<\/p>\n","protected":false},"author":6,"featured_media":51544,"comment_status":"closed","ping_status":"closed","sticky":false,"template":"","format":"standard","meta":{"_jetpack_memberships_contains_paid_content":false,"footnotes":""},"categories":[10],"tags":[],"class_list":["post-104466","post","type-post","status-publish","format-standard","has-post-thumbnail","hentry","category-necrologicas"],"jetpack_featured_media_url":"https:\/\/i0.wp.com\/cdnoticias.com\/wp-content\/uploads\/2022\/04\/necrologicas-390-x-240.jpg?fit=390%2C240&ssl=1","jetpack_sharing_enabled":true,"_links":{"self":[{"href":"https:\/\/cdnoticias.com\/index.php\/wp-json\/wp\/v2\/posts\/104466","targetHints":{"allow":["GET"]}}],"collection":[{"href":"https:\/\/cdnoticias.com\/index.php\/wp-json\/wp\/v2\/posts"}],"about":[{"href":"https:\/\/cdnoticias.com\/index.php\/wp-json\/wp\/v2\/types\/post"}],"author":[{"embeddable":true,"href":"https:\/\/cdnoticias.com\/index.php\/wp-json\/wp\/v2\/users\/6"}],"replies":[{"embeddable":true,"href":"https:\/\/cdnoticias.com\/index.php\/wp-json\/wp\/v2\/comments?post=104466"}],"version-history":[{"count":0,"href":"https:\/\/cdnoticias.com\/index.php\/wp-json\/wp\/v2\/posts\/104466\/revisions"}],"wp:featuredmedia":[{"embeddable":true,"href":"https:\/\/cdnoticias.com\/index.php\/wp-json\/wp\/v2\/media\/51544"}],"wp:attachment":[{"href":"https:\/\/cdnoticias.com\/index.php\/wp-json\/wp\/v2\/media?parent=104466"}],"wp:term":[{"taxonomy":"category","embeddable":true,"href":"https:\/\/cdnoticias.com\/index.php\/wp-json\/wp\/v2\/categories?post=104466"},{"taxonomy":"post_tag","embeddable":true,"href":"https:\/\/cdnoticias.com\/index.php\/wp-json\/wp\/v2\/tags?post=104466"}],"curies":[{"name":"wp","href":"https:\/\/api.w.org\/{rel}","templated":true}]}}