{"id":104437,"date":"2023-12-15T18:36:51","date_gmt":"2023-12-15T21:36:51","guid":{"rendered":"https:\/\/cdnoticias.com\/?p=104437"},"modified":"2023-12-15T18:36:52","modified_gmt":"2023-12-15T21:36:52","slug":"coopelectric-el-95-de-la-ciudad-cuenta-con-luz-y-continuan-trabajando-en-los-focos-grandes-afectados","status":"publish","type":"post","link":"https:\/\/cdnoticias.com\/index.php\/2023\/12\/15\/coopelectric-el-95-de-la-ciudad-cuenta-con-luz-y-continuan-trabajando-en-los-focos-grandes-afectados\/","title":{"rendered":"Coopelectric: El 95% de la ciudad cuenta con luz y contin\u00faan trabajando en los focos grandes afectados"},"content":{"rendered":"\n<p>En la tarde de este viernes, se actualiz\u00f3 la informaci\u00f3n sobre la situaci\u00f3n de la ciudad luego del temporal. \u201cEs un hecho in\u00e9dito y por lo tanto requiere acciones in\u00e9ditas\u201d resalt\u00f3 el Ingeniero Claudio N\u00e1poli.<\/p>\n\n\n\n<hr class=\"wp-block-separator aligncenter has-alpha-channel-opacity\"\/>\n\n\n\n<p>El<strong> Ingeniero Claudio N\u00e1poli,<\/strong> Gerente de Distribuci\u00f3n del Servicio El\u00e9ctrico actualiz\u00f3 la informaci\u00f3n respecto al <strong>estado de situaci\u00f3n <\/strong>luego del impacto de un <strong>segundo temporal <\/strong>en menos de una semana y refiri\u00f3 <strong><em>\u201c<\/em><\/strong><em>es un hecho in\u00e9dito y por lo tanto requiere acciones in\u00e9ditas<\/em>.<em> Estamos trabajando permanentemente, en guardias para cumplir el objetivo de restituir el servicio lo antes posible\u201d. <\/em><\/p>\n\n\n\n<p><\/p>\n\n\n\n<p>Desde Coopelectric, expresaron que <em><strong>\u201cdesde ya comprendemos perfectamente la situaci\u00f3n y solicitamos paciencia. S\u00ed queremos destacar que las bombas est\u00e1n todas en servicio, de todas maneras, como siempre, recomendamos hacer un uso racional del agua\u201d.<\/strong><\/em><\/p>\n\n\n\n<p><\/p>\n\n\n\n<blockquote class=\"wp-block-quote is-layout-flow wp-block-quote-is-layout-flow\">\n<p>En cuanto al estado general N\u00e1poli coment\u00f3 que, al mediod\u00eda de este viernes, el 95% de la ciudad cuenta con luz y resalt\u00f3 que el 5% restante son trabajos sobre la red, palos ca\u00eddos, cables cortados. Detall\u00f3 tambi\u00e9n que \u201chay 3 o 4 focos grandes sobre los que estamos trabajando que son el barrio San Vicente, zona del Cors\u00f3dromo, Mataderos y Parque Arano\u201d.<\/p>\n<\/blockquote>\n\n\n\n<p><\/p>\n\n\n\n<figure class=\"wp-block-image aligncenter size-large\"><img data-recalc-dims=\"1\" loading=\"lazy\" decoding=\"async\" width=\"800\" height=\"445\" src=\"https:\/\/i0.wp.com\/cdnoticias.com\/wp-content\/uploads\/2023\/12\/tormenta-temporal-ramas-caidas-CEC-801-cepeac-00.jpg?resize=800%2C445&#038;ssl=1\" alt=\"\" class=\"wp-image-104403\" srcset=\"https:\/\/i0.wp.com\/cdnoticias.com\/wp-content\/uploads\/2023\/12\/tormenta-temporal-ramas-caidas-CEC-801-cepeac-00.jpg?resize=1024%2C570&amp;ssl=1 1024w, https:\/\/i0.wp.com\/cdnoticias.com\/wp-content\/uploads\/2023\/12\/tormenta-temporal-ramas-caidas-CEC-801-cepeac-00.jpg?resize=300%2C167&amp;ssl=1 300w, https:\/\/i0.wp.com\/cdnoticias.com\/wp-content\/uploads\/2023\/12\/tormenta-temporal-ramas-caidas-CEC-801-cepeac-00.jpg?resize=768%2C428&amp;ssl=1 768w, https:\/\/i0.wp.com\/cdnoticias.com\/wp-content\/uploads\/2023\/12\/tormenta-temporal-ramas-caidas-CEC-801-cepeac-00.jpg?resize=800%2C445&amp;ssl=1 800w, https:\/\/i0.wp.com\/cdnoticias.com\/wp-content\/uploads\/2023\/12\/tormenta-temporal-ramas-caidas-CEC-801-cepeac-00.jpg?w=1200&amp;ssl=1 1200w\" sizes=\"auto, (max-width: 800px) 100vw, 800px\" \/><\/figure>\n\n\n\n<p>En cuanto a la<strong> zona rural,<\/strong> se indic\u00f3 que<strong> la zona m\u00e1s afectada fue Blanca Grande<\/strong> y se inform\u00f3 que las localidades de<strong> Recalde y Espigas est\u00e1n atendidas por un grupo electr\u00f3geno<\/strong>, por lo que cuentan con servicio el\u00e9ctrico. El resto de las localidades han sufrido da\u00f1os, pero no de gran magnitud, por lo que se encuentran en mejor situaci\u00f3n general.<\/p>\n\n\n\n<p><\/p>\n\n\n\n<p>Respecto al tiempo que puede demorar la totalidad de la restituci\u00f3n N\u00e1poli sostuvo que \u201c<strong><em>de plazos no podemos hablar, no podr\u00eda ser certero, estamos trabajando sin parar poniendo toda nuestra fuerza de trabajo a disposici\u00f3n para lograr el objetivo de restituir lo antes posible el servicio a la comunidad\u201d.<\/em><\/strong><\/p>\n\n\n\n<p><\/p>\n\n\n\n<figure class=\"wp-block-image aligncenter size-full\"><img data-recalc-dims=\"1\" loading=\"lazy\" decoding=\"async\" width=\"800\" height=\"440\" src=\"https:\/\/i0.wp.com\/cdnoticias.com\/wp-content\/uploads\/2023\/12\/tormenta-temporal-12-de-diciembre-3.jpeg?resize=800%2C440&#038;ssl=1\" alt=\"\" class=\"wp-image-104202\" srcset=\"https:\/\/i0.wp.com\/cdnoticias.com\/wp-content\/uploads\/2023\/12\/tormenta-temporal-12-de-diciembre-3.jpeg?w=800&amp;ssl=1 800w, https:\/\/i0.wp.com\/cdnoticias.com\/wp-content\/uploads\/2023\/12\/tormenta-temporal-12-de-diciembre-3.jpeg?resize=300%2C165&amp;ssl=1 300w, https:\/\/i0.wp.com\/cdnoticias.com\/wp-content\/uploads\/2023\/12\/tormenta-temporal-12-de-diciembre-3.jpeg?resize=768%2C422&amp;ssl=1 768w\" sizes=\"auto, (max-width: 800px) 100vw, 800px\" \/><\/figure>\n\n\n\n<p><strong>Robo de cables<\/strong><\/p>\n\n\n\n<p><\/p>\n\n\n\n<p>Respecto al robo de cables, N\u00e1poli resalt\u00f3 que <strong><em>\u201cb\u00e1sicamente hay sectores que hoy podr\u00edan tener luz, pero ante este tipo de hecho hay que hacer l\u00edneas nuevas tanto de media como de baja tensi\u00f3n, lo que obviamente conlleva m\u00e1s tiempo\u201d.<\/em><\/strong><\/p>\n\n\n\n<blockquote class=\"wp-block-quote is-layout-flow wp-block-quote-is-layout-flow\">\n<p>Los robos fueron registrados en los barrios Isaura, Bel\u00e9n, Cuarteles y Eucaliptus, Mataderos y zona de Cors\u00f3dromo. \u201cEn esos sectores hay que hacer l\u00edneas nuevas pr\u00e1cticamente, lo que demora la restituci\u00f3n del servicio\u201d cerr\u00f3.<\/p>\n<\/blockquote>\n\n\n\n<p><\/p>\n\n\n\n<p>Por \u00faltimo, cabe resaltar una vez m\u00e1s que<strong> ante presencia de cables en la v\u00eda p\u00fablica se recomienda que no acercarse y no tocarlos<\/strong> al igual que si hay chapas arriba de cables. Ante estas situaciones deben esperar a que personal de Coopelectric arribe a para su intervenci\u00f3n y as\u00ed preservar la seguridad de todos.<\/p>\n\n\n\n<p><\/p>\n\n\n\n<p><strong>L\u00edneas de contacto<\/strong><\/p>\n\n\n\n<ul class=\"wp-block-list\">\n<li>Tel\u00e9fono fijo: 412305 (Energ\u00eda) y 411222 (Obras Sanitarias)<\/li>\n<\/ul>\n\n\n\n<ul class=\"wp-block-list\">\n<li>A trav\u00e9s de la web https:\/\/coopelectric.com.ar\/. Oficina Virtual<\/li>\n<\/ul>\n\n\n\n<ul class=\"wp-block-list\">\n<li>V\u00eda WhatsApp 2284-230707<\/li>\n<\/ul>\n\n\n\n<ul class=\"wp-block-list\">\n<li>SMS 2284-680000<\/li>\n<\/ul>\n","protected":false},"excerpt":{"rendered":"<p>En la tarde de este viernes, se actualiz\u00f3 la informaci\u00f3n sobre la situaci\u00f3n de la ciudad luego del temporal. \u201cEs<\/p>\n","protected":false},"author":6,"featured_media":104358,"comment_status":"closed","ping_status":"closed","sticky":false,"template":"","format":"standard","meta":{"_jetpack_memberships_contains_paid_content":false,"footnotes":""},"categories":[5,1],"tags":[],"class_list":["post-104437","post","type-post","status-publish","format-standard","has-post-thumbnail","hentry","category-informacion-general","category-portada"],"jetpack_featured_media_url":"https:\/\/i0.wp.com\/cdnoticias.com\/wp-content\/uploads\/2023\/12\/napoli-coopelectric-scaled.jpg?fit=2560%2C1440&ssl=1","jetpack_sharing_enabled":true,"_links":{"self":[{"href":"https:\/\/cdnoticias.com\/index.php\/wp-json\/wp\/v2\/posts\/104437","targetHints":{"allow":["GET"]}}],"collection":[{"href":"https:\/\/cdnoticias.com\/index.php\/wp-json\/wp\/v2\/posts"}],"about":[{"href":"https:\/\/cdnoticias.com\/index.php\/wp-json\/wp\/v2\/types\/post"}],"author":[{"embeddable":true,"href":"https:\/\/cdnoticias.com\/index.php\/wp-json\/wp\/v2\/users\/6"}],"replies":[{"embeddable":true,"href":"https:\/\/cdnoticias.com\/index.php\/wp-json\/wp\/v2\/comments?post=104437"}],"version-history":[{"count":0,"href":"https:\/\/cdnoticias.com\/index.php\/wp-json\/wp\/v2\/posts\/104437\/revisions"}],"wp:featuredmedia":[{"embeddable":true,"href":"https:\/\/cdnoticias.com\/index.php\/wp-json\/wp\/v2\/media\/104358"}],"wp:attachment":[{"href":"https:\/\/cdnoticias.com\/index.php\/wp-json\/wp\/v2\/media?parent=104437"}],"wp:term":[{"taxonomy":"category","embeddable":true,"href":"https:\/\/cdnoticias.com\/index.php\/wp-json\/wp\/v2\/categories?post=104437"},{"taxonomy":"post_tag","embeddable":true,"href":"https:\/\/cdnoticias.com\/index.php\/wp-json\/wp\/v2\/tags?post=104437"}],"curies":[{"name":"wp","href":"https:\/\/api.w.org\/{rel}","templated":true}]}}