{"id":104420,"date":"2023-12-15T17:43:27","date_gmt":"2023-12-15T20:43:27","guid":{"rendered":"https:\/\/cdnoticias.com\/?p=104420"},"modified":"2023-12-15T20:20:36","modified_gmt":"2023-12-15T23:20:36","slug":"temporal-obras-publicas-atendio-300-eventos-y-se-afectaron-17-instituciones-educativas","status":"publish","type":"post","link":"https:\/\/cdnoticias.com\/index.php\/2023\/12\/15\/temporal-obras-publicas-atendio-300-eventos-y-se-afectaron-17-instituciones-educativas\/","title":{"rendered":"Temporal: obras p\u00fablicas atendi\u00f3 300 eventos y se afectaron 17 instituciones educativas"},"content":{"rendered":"\n<p>Tras la tormenta del jueves, debieron atender 80 eventos entre voladuras de techos, da\u00f1os en hogares, construcciones, ca\u00eddas de postes de alumbrado p\u00fablico, \u00e1rboles de gran magnitud y ramas.<\/p>\n\n\n\n<hr class=\"wp-block-separator aligncenter has-alpha-channel-opacity\"\/>\n\n\n\n<p>La Secretar\u00eda de Obras P\u00fablicas, Infraestructura y Servicios P\u00fablicos encabezada por Orfel Fari\u00f1a se\u00f1al\u00f3 que<strong> luego del temporal del jueves se totalizaron alrededor de 80 eventos, entre voladuras de techos, da\u00f1os en hogares, construcciones, ca\u00edda de postes de alumbrado p\u00fablico, \u00e1rboles de gran magnitud y ramas.<\/strong><\/p>\n\n\n\n<p>Cabe resaltar que<strong> luego de la tormenta del martes, el \u00e1rea hab\u00eda brindado 225 servicios para resolver situaciones particulares y en la v\u00eda p\u00fablica<\/strong>, pasadas las primeras 24 horas.<\/p>\n\n\n\n<p>Para abordar las diferentes urgencias, la Secretar\u00eda de Obras P\u00fablicas dio intervenci\u00f3n a las \u00e1reas de Mantenimiento Urbano, Parques y Paseos, Hidr\u00e1ulica, Estudios y Proyectos, Pavimento, con sus profesionales y personal administrativo que realizaron un relevamiento de manera sistematizada.<\/p>\n\n\n\n<p>Obras P\u00fablicas trabaja de manera coordinada con la Secretar\u00eda de Desarrollo con la Comunidad, la Subsecretar\u00eda de Atenci\u00f3n Ciudadana, Bomberos Voluntarios, Ej\u00e9rcito Olavarr\u00eda, Defensa Civil y <strong>Transportes Malvinas que nunca cort\u00f3 el servicio de recolecci\u00f3n de residuos para evitar que la basura obstruyera los sumideros.<\/strong><\/p>\n\n\n\n<blockquote class=\"wp-block-quote is-layout-flow wp-block-quote-is-layout-flow\">\n<p>El Secretario de Obras P\u00fablicas Orfel Fari\u00f1a destac\u00f3 el compromiso de empresas locales que se pusieron inmediatamente a disposici\u00f3n del Municipio y la labor de la Guarnici\u00f3n Ej\u00e9rcito Olavarr\u00eda que aport\u00f3 25 agentes y equipamiento vial.<\/p>\n<\/blockquote>\n\n\n\n<p>El Gobierno Municipal tambi\u00e9n trabaj\u00f3 de manera coordinada con el<strong> Consejo Escolar -a trav\u00e9s de su presidente Ariel Rodr\u00edguez- para relevar las condiciones de infraestructura de distintos establecimientos educativos de Olavarr\u00eda.<\/strong><\/p>\n\n\n\n<p><strong>El listado comprende 17 edificios escolares que se vieron afectados por el temporal<\/strong>, tales como: EEP N\u00ba 13 de Sierra Chica, EEP N\u00ba 14 de Sierras Bayas, Centro Educativo Complementario N\u00ba 803 de Sierra Chica,\u00a0 Jard\u00edn de Infantes N\u00ba 924 de Colonia Hinojo, EEP N\u00ba 20 de Villa M\u00f3nica, Centro Educativo Complementario N\u00ba 801, EEP N\u00ba 22, EEP N\u00ba 50, EEP N\u00ba 76, Escuela de Educaci\u00f3n Especial N\u00ba 505, Escuela Secundaria N\u00ba 6 y N\u00ba 8 (Ex Nacional), Jard\u00edn de Infantes N\u00ba 902, Jard\u00edn de Infantes N\u00ba 930, Escuela de Educaci\u00f3n T\u00e9cnica Agraria, Escuela Secundaria N\u00ba 16, Escuela Secundaria N\u00ba 14 y EEP N\u00ba 53.<\/p>\n","protected":false},"excerpt":{"rendered":"<p>Tras la tormenta del jueves, debieron atender 80 eventos entre voladuras de techos, da\u00f1os en hogares, construcciones, ca\u00eddas de postes<\/p>\n","protected":false},"author":2,"featured_media":104423,"comment_status":"closed","ping_status":"closed","sticky":false,"template":"","format":"standard","meta":{"_jetpack_memberships_contains_paid_content":false,"footnotes":""},"categories":[5,1],"tags":[],"class_list":["post-104420","post","type-post","status-publish","format-standard","has-post-thumbnail","hentry","category-informacion-general","category-portada"],"jetpack_featured_media_url":"https:\/\/i0.wp.com\/cdnoticias.com\/wp-content\/uploads\/2023\/12\/WhatsApp-Image-2023-12-15-at-16.41.17.jpeg?fit=1400%2C931&ssl=1","jetpack_sharing_enabled":true,"_links":{"self":[{"href":"https:\/\/cdnoticias.com\/index.php\/wp-json\/wp\/v2\/posts\/104420","targetHints":{"allow":["GET"]}}],"collection":[{"href":"https:\/\/cdnoticias.com\/index.php\/wp-json\/wp\/v2\/posts"}],"about":[{"href":"https:\/\/cdnoticias.com\/index.php\/wp-json\/wp\/v2\/types\/post"}],"author":[{"embeddable":true,"href":"https:\/\/cdnoticias.com\/index.php\/wp-json\/wp\/v2\/users\/2"}],"replies":[{"embeddable":true,"href":"https:\/\/cdnoticias.com\/index.php\/wp-json\/wp\/v2\/comments?post=104420"}],"version-history":[{"count":0,"href":"https:\/\/cdnoticias.com\/index.php\/wp-json\/wp\/v2\/posts\/104420\/revisions"}],"wp:featuredmedia":[{"embeddable":true,"href":"https:\/\/cdnoticias.com\/index.php\/wp-json\/wp\/v2\/media\/104423"}],"wp:attachment":[{"href":"https:\/\/cdnoticias.com\/index.php\/wp-json\/wp\/v2\/media?parent=104420"}],"wp:term":[{"taxonomy":"category","embeddable":true,"href":"https:\/\/cdnoticias.com\/index.php\/wp-json\/wp\/v2\/categories?post=104420"},{"taxonomy":"post_tag","embeddable":true,"href":"https:\/\/cdnoticias.com\/index.php\/wp-json\/wp\/v2\/tags?post=104420"}],"curies":[{"name":"wp","href":"https:\/\/api.w.org\/{rel}","templated":true}]}}