{"id":104419,"date":"2023-12-15T18:36:34","date_gmt":"2023-12-15T21:36:34","guid":{"rendered":"https:\/\/cdnoticias.com\/?p=104419"},"modified":"2023-12-15T18:36:36","modified_gmt":"2023-12-15T21:36:36","slug":"se-atendieron-urgencias-de-la-mejor-manera-posible","status":"publish","type":"post","link":"https:\/\/cdnoticias.com\/index.php\/2023\/12\/15\/se-atendieron-urgencias-de-la-mejor-manera-posible\/","title":{"rendered":"\u201cSe atendieron urgencias de la mejor manera posible\u201d"},"content":{"rendered":"\n<p>La Doctora Florencia Lestrada, subsecretaria de Atenci\u00f3n Primaria brind\u00f3 detalles acerca del trabajo que viene realizando el \u00e1rea de Atenci\u00f3n Primaria de la Salud en relaci\u00f3n al temporal que pas\u00f3 por la ciudad.<\/p>\n\n\n\n<hr class=\"wp-block-separator aligncenter has-alpha-channel-opacity\"\/>\n\n\n\n<p>Luego del temporal que pas\u00f3 por la ciudad, el Municipio brind\u00f3 detalles de acuerdo al trabajo en conjunto que vienen realizando desde las distintas \u00e1reas.<\/p>\n\n\n\n<p><\/p>\n\n\n\n<p>La<strong> Doctora Florencia Lestrada, subsecretaria de Atenci\u00f3n Primaria<\/strong>; cont\u00f3 c\u00f3mo se est\u00e1 llevando a cabo el trabajo que realiza su equipo en funci\u00f3n de lo acordado en el Comit\u00e9 Operativo de Emergencia.<\/p>\n\n\n\n<p><\/p>\n\n\n\n<p>En este contexto, la funcionaria explic\u00f3 que, en la madrugada del mi\u00e9rcoles, luego de la tormenta ocurrida el pasado martes 12, <strong><em>\u201cse convoc\u00f3 a todo el equipo de la Subsecretar\u00eda de Atenci\u00f3n Primaria, as\u00ed como tambi\u00e9n a residentes de Medicina General, residencia que forma m\u00e9dicos generalistas que trabajan en el primer nivel de atenci\u00f3n\u201d.<\/em><\/strong><\/p>\n\n\n\n<p><\/p>\n\n\n\n<blockquote class=\"wp-block-quote is-layout-flow wp-block-quote-is-layout-flow\">\n<p>Por disposici\u00f3n del Intendente, equipos de salud asistieron en domicilio las necesidades de la comunidad, sobre todo de los menores, para quienes se gestion\u00f3 la entrega de medicaci\u00f3n; as\u00ed como tambi\u00e9n se trabaj\u00f3 en la asistencia de personas diab\u00e9ticas insulinizadas y oxigeno dependientes, articulando con personal del ej\u00e9rcito.<\/p>\n<\/blockquote>\n\n\n\n<p><\/p>\n\n\n\n<p>Adem\u00e1s, se realiz\u00f3 un <strong>relevamiento de los Centros de Atenci\u00f3n Primaria de la Salud.<\/strong> Los trabajadores pusieron en <strong>condiciones todos los CAPS<\/strong> para garantizar su funcionamiento.<\/p>\n\n\n\n<p><\/p>\n\n\n\n<p><strong><em>\u201cTambi\u00e9n se brind\u00f3 la asistencia habitual y se atendieron urgencias de la mejor manera posible, en funci\u00f3n de la disponibilidad del agua\u201d,<\/em><\/strong> explic\u00f3 Lestrada.<\/p>\n\n\n\n<p><\/p>\n\n\n\n<p>Por \u00faltimo, y \u201cen forma permanente, personal de salud continu\u00f3 recorriendo los barrios y las localidades m\u00e1s afectadas, relevando requerimientos y distribuyendo agua e insumos b\u00e1sicos\u201d.<\/p>\n","protected":false},"excerpt":{"rendered":"<p>La Doctora Florencia Lestrada, subsecretaria de Atenci\u00f3n Primaria brind\u00f3 detalles acerca del trabajo que viene realizando el \u00e1rea de Atenci\u00f3n<\/p>\n","protected":false},"author":6,"featured_media":103988,"comment_status":"closed","ping_status":"closed","sticky":false,"template":"","format":"standard","meta":{"_jetpack_memberships_contains_paid_content":false,"footnotes":""},"categories":[5,1],"tags":[],"class_list":["post-104419","post","type-post","status-publish","format-standard","has-post-thumbnail","hentry","category-informacion-general","category-portada"],"jetpack_featured_media_url":"https:\/\/i0.wp.com\/cdnoticias.com\/wp-content\/uploads\/2023\/12\/lestrada-salud1-scaled.jpg?fit=2560%2C1440&ssl=1","jetpack_sharing_enabled":true,"_links":{"self":[{"href":"https:\/\/cdnoticias.com\/index.php\/wp-json\/wp\/v2\/posts\/104419","targetHints":{"allow":["GET"]}}],"collection":[{"href":"https:\/\/cdnoticias.com\/index.php\/wp-json\/wp\/v2\/posts"}],"about":[{"href":"https:\/\/cdnoticias.com\/index.php\/wp-json\/wp\/v2\/types\/post"}],"author":[{"embeddable":true,"href":"https:\/\/cdnoticias.com\/index.php\/wp-json\/wp\/v2\/users\/6"}],"replies":[{"embeddable":true,"href":"https:\/\/cdnoticias.com\/index.php\/wp-json\/wp\/v2\/comments?post=104419"}],"version-history":[{"count":0,"href":"https:\/\/cdnoticias.com\/index.php\/wp-json\/wp\/v2\/posts\/104419\/revisions"}],"wp:featuredmedia":[{"embeddable":true,"href":"https:\/\/cdnoticias.com\/index.php\/wp-json\/wp\/v2\/media\/103988"}],"wp:attachment":[{"href":"https:\/\/cdnoticias.com\/index.php\/wp-json\/wp\/v2\/media?parent=104419"}],"wp:term":[{"taxonomy":"category","embeddable":true,"href":"https:\/\/cdnoticias.com\/index.php\/wp-json\/wp\/v2\/categories?post=104419"},{"taxonomy":"post_tag","embeddable":true,"href":"https:\/\/cdnoticias.com\/index.php\/wp-json\/wp\/v2\/tags?post=104419"}],"curies":[{"name":"wp","href":"https:\/\/api.w.org\/{rel}","templated":true}]}}