{"id":104416,"date":"2023-12-15T18:36:42","date_gmt":"2023-12-15T21:36:42","guid":{"rendered":"https:\/\/cdnoticias.com\/?p=104416"},"modified":"2023-12-15T18:36:43","modified_gmt":"2023-12-15T21:36:43","slug":"se-detecto-un-severo-dano-en-el-sector-horticola","status":"publish","type":"post","link":"https:\/\/cdnoticias.com\/index.php\/2023\/12\/15\/se-detecto-un-severo-dano-en-el-sector-horticola\/","title":{"rendered":"\u201cSe detect\u00f3 un severo da\u00f1o en el sector hort\u00edcola\u201d"},"content":{"rendered":"\n<p>Lo dijo Gast\u00f3n Sarachu, quien est\u00e1 a cargo del \u00e1rea de Desarrollo Econ\u00f3mico.<\/p>\n\n\n\n<hr class=\"wp-block-separator aligncenter has-alpha-channel-opacity\"\/>\n\n\n\n<p>El Municipio realiz\u00f3 un<strong> informe por \u00e1reas luego del temporal<\/strong> que pas\u00f3 por nuestra ciudad.<\/p>\n\n\n\n<p><\/p>\n\n\n\n<p>El d\u00eda posterior a la primera tormenta, la <strong>Secretar\u00eda de Desarrollo Econ\u00f3mico y Productivo a cargo de Gast\u00f3n Sarachu<\/strong> se puso a disposici\u00f3n de los productores rurales y hort\u00edcolas, el sector comercial, Agrupamientos Industriales, el sector Minero, Tur\u00edstico, Empresas e Industrias en general (pymes, agropecuarias).<\/p>\n\n\n\n<p><\/p>\n\n\n\n<blockquote class=\"wp-block-quote is-layout-flow wp-block-quote-is-layout-flow\">\n<p>\u201cParticularmente se detect\u00f3 un severo da\u00f1o en el sector hort\u00edcola. Tambi\u00e9n hay productores rurales afectados por viento y granizo\u201d, explic\u00f3 Gast\u00f3n Sarachu.<\/p>\n<\/blockquote>\n\n\n\n<p><\/p>\n\n\n\n<p>Por \u00faltimo, los <strong>responsables del \u00e1rea realizaron visitas particulares <\/strong>a las empresas m\u00e1s afectadas.<\/p>\n","protected":false},"excerpt":{"rendered":"<p>Lo dijo Gast\u00f3n Sarachu, quien est\u00e1 a cargo del \u00e1rea de Desarrollo Econ\u00f3mico. El Municipio realiz\u00f3 un informe por \u00e1reas<\/p>\n","protected":false},"author":6,"featured_media":104424,"comment_status":"closed","ping_status":"closed","sticky":false,"template":"","format":"standard","meta":{"_jetpack_memberships_contains_paid_content":false,"footnotes":""},"categories":[5,1],"tags":[],"class_list":["post-104416","post","type-post","status-publish","format-standard","has-post-thumbnail","hentry","category-informacion-general","category-portada"],"jetpack_featured_media_url":"https:\/\/i0.wp.com\/cdnoticias.com\/wp-content\/uploads\/2023\/12\/WhatsApp-Image-2023-12-15-at-16.41.15.jpeg?fit=1600%2C1064&ssl=1","jetpack_sharing_enabled":true,"_links":{"self":[{"href":"https:\/\/cdnoticias.com\/index.php\/wp-json\/wp\/v2\/posts\/104416","targetHints":{"allow":["GET"]}}],"collection":[{"href":"https:\/\/cdnoticias.com\/index.php\/wp-json\/wp\/v2\/posts"}],"about":[{"href":"https:\/\/cdnoticias.com\/index.php\/wp-json\/wp\/v2\/types\/post"}],"author":[{"embeddable":true,"href":"https:\/\/cdnoticias.com\/index.php\/wp-json\/wp\/v2\/users\/6"}],"replies":[{"embeddable":true,"href":"https:\/\/cdnoticias.com\/index.php\/wp-json\/wp\/v2\/comments?post=104416"}],"version-history":[{"count":0,"href":"https:\/\/cdnoticias.com\/index.php\/wp-json\/wp\/v2\/posts\/104416\/revisions"}],"wp:featuredmedia":[{"embeddable":true,"href":"https:\/\/cdnoticias.com\/index.php\/wp-json\/wp\/v2\/media\/104424"}],"wp:attachment":[{"href":"https:\/\/cdnoticias.com\/index.php\/wp-json\/wp\/v2\/media?parent=104416"}],"wp:term":[{"taxonomy":"category","embeddable":true,"href":"https:\/\/cdnoticias.com\/index.php\/wp-json\/wp\/v2\/categories?post=104416"},{"taxonomy":"post_tag","embeddable":true,"href":"https:\/\/cdnoticias.com\/index.php\/wp-json\/wp\/v2\/tags?post=104416"}],"curies":[{"name":"wp","href":"https:\/\/api.w.org\/{rel}","templated":true}]}}