{"id":104413,"date":"2023-12-15T17:35:01","date_gmt":"2023-12-15T20:35:01","guid":{"rendered":"https:\/\/cdnoticias.com\/?p=104413"},"modified":"2023-12-15T19:22:56","modified_gmt":"2023-12-15T22:22:56","slug":"los-dos-temporales-tuvieron-una-magnitud-y-capacidad-de-dano-unicas-en-los-ultimos-30-anos","status":"publish","type":"post","link":"https:\/\/cdnoticias.com\/index.php\/2023\/12\/15\/los-dos-temporales-tuvieron-una-magnitud-y-capacidad-de-dano-unicas-en-los-ultimos-30-anos\/","title":{"rendered":"Los dos temporales \u201ctuvieron una magnitud y capacidad de da\u00f1o \u00fanicas en los \u00faltimos 30 a\u00f1os\u201d"},"content":{"rendered":"\n<p>El Municipio emiti\u00f3 un informe con los trabajos que est\u00e1n realizando por los temporales. Contin\u00faa el despliegue territorial y de contenci\u00f3n a causa de las tormentas.<\/p>\n\n\n\n<hr class=\"wp-block-separator aligncenter has-alpha-channel-opacity\"\/>\n\n\n\n<p>En la tarde de este viernes, <strong>el Municipio encabezado por el intendente Maximiliano Wesner brind\u00f3 un informe detallado de la respuesta planificada y ejecutada por las distintas Secretar\u00edas luego de los dos temporales que azotaron a la ciudad en menos de 72 horas.<\/strong><\/p>\n\n\n\n<p>Por orden del Intendente y <strong>ante la urgencia del hecho, el martes por la noche se dispuso el Comit\u00e9 Operativo de Emergencia (COE) <\/strong>en el cuartel central de Bomberos Voluntarios, que convoc\u00f3 a las distintas \u00e1reas municipales, integrantes de Coopelectric, Defensa Civil, Ej\u00e9rcito, Polic\u00eda y representantes de entidades intermedias.<\/p>\n\n\n\n<blockquote class=\"wp-block-quote is-layout-flow wp-block-quote-is-layout-flow\">\n<p>El primer temporal alcanz\u00f3 r\u00e1fagas de hasta 125 km\/h, provocando voladuras de techos, ca\u00eddas de \u00e1rboles de gran porte y columnas del tendido el\u00e9ctrico de madera y de cemento.<\/p>\n<\/blockquote>\n\n\n\n<p>El COE resolvi\u00f3 dividir el ejido urbano en 10 cuadr\u00edculas con fines operativos. Las mismas fueron abordadas en dos niveles: <strong>uno de Defensa Civil que se realiz\u00f3 en conjunto con Bomberos y el segundo desde un enfoque socio comunitario con trabajadores municipales y voluntarios, quienes llevaron adelante un relevamiento de las necesidades m\u00e1s urgentes en cada barrio.<\/strong><\/p>\n\n\n\n<figure class=\"wp-block-image size-large\"><img data-recalc-dims=\"1\" loading=\"lazy\" decoding=\"async\" width=\"800\" height=\"532\" src=\"https:\/\/i0.wp.com\/cdnoticias.com\/wp-content\/uploads\/2023\/12\/WhatsApp-Image-2023-12-15-at-16.44.15.jpeg?resize=800%2C532&#038;ssl=1\" alt=\"\" class=\"wp-image-104415\" srcset=\"https:\/\/i0.wp.com\/cdnoticias.com\/wp-content\/uploads\/2023\/12\/WhatsApp-Image-2023-12-15-at-16.44.15.jpeg?resize=1024%2C681&amp;ssl=1 1024w, https:\/\/i0.wp.com\/cdnoticias.com\/wp-content\/uploads\/2023\/12\/WhatsApp-Image-2023-12-15-at-16.44.15.jpeg?resize=300%2C200&amp;ssl=1 300w, https:\/\/i0.wp.com\/cdnoticias.com\/wp-content\/uploads\/2023\/12\/WhatsApp-Image-2023-12-15-at-16.44.15.jpeg?resize=768%2C511&amp;ssl=1 768w, https:\/\/i0.wp.com\/cdnoticias.com\/wp-content\/uploads\/2023\/12\/WhatsApp-Image-2023-12-15-at-16.44.15.jpeg?resize=272%2C182&amp;ssl=1 272w, https:\/\/i0.wp.com\/cdnoticias.com\/wp-content\/uploads\/2023\/12\/WhatsApp-Image-2023-12-15-at-16.44.15.jpeg?w=1400&amp;ssl=1 1400w\" sizes=\"auto, (max-width: 800px) 100vw, 800px\" \/><\/figure>\n\n\n\n<p>El d\u00eda jueves, <strong>ante la alerta naranja por tormentas fuertes emitida por el Servicio Meteorol\u00f3gico Nacional,<\/strong> el intendente Wesner estableci\u00f3 nuevamente la confirmaci\u00f3n del COE, con la finalidad de abordar de cerca, coordinar, planificar y ejecutar las medidas para afrontar el nuevo fen\u00f3meno meteorol\u00f3gico.<\/p>\n\n\n\n<p>El \u00e1rea de Defensa Civil, especializada en este tipo de urgencias, afirm\u00f3 que <strong>estos dos eventos en menos de 48 horas tuvieron una magnitud y una capacidad de da\u00f1o \u00fanicas en los \u00faltimos 30 a\u00f1os.<\/strong><\/p>\n\n\n\n<p><strong>Desde el martes el Comit\u00e9 Operativo de Emergencia y la municipalidad est\u00e1n realizando un despliegue territorial y de contenci\u00f3n a causa de las tormentas.<\/strong><\/p>\n\n\n\n<p>Insistieron con respetar las recomendaciones teniendo en cuenta la situaci\u00f3n de los diversos sistemas \u2013como el el\u00e9ctrico- ante futuras tormentas:<\/p>\n\n\n\n<p>&#8211;&nbsp;&nbsp;&nbsp;&nbsp;&nbsp;&nbsp;&nbsp;&nbsp;&nbsp;&nbsp;&nbsp;&nbsp;&nbsp; Asegurar la provisi\u00f3n de recursos (agua, velas, alimentos)<\/p>\n\n\n\n<p>&#8211;&nbsp;&nbsp;&nbsp;&nbsp;&nbsp;&nbsp;&nbsp;&nbsp;&nbsp;&nbsp;&nbsp;&nbsp;&nbsp; Realizar carga de celulares<\/p>\n\n\n\n<p>&#8211;&nbsp;&nbsp;&nbsp;&nbsp;&nbsp;&nbsp;&nbsp;&nbsp;&nbsp;&nbsp;&nbsp;&nbsp;&nbsp; Permanecer dentro de construcciones cerradas (casas, edificios)<\/p>\n\n\n\n<p>&#8211;&nbsp;&nbsp;&nbsp;&nbsp;&nbsp;&nbsp;&nbsp;&nbsp;&nbsp;&nbsp;&nbsp;&nbsp;&nbsp; Mantenerse alejado de artefactos el\u00e9ctricos<\/p>\n\n\n\n<p>&#8211;&nbsp;&nbsp;&nbsp;&nbsp;&nbsp;&nbsp;&nbsp;&nbsp;&nbsp;&nbsp;&nbsp;&nbsp;&nbsp; Si estamos en un veh\u00edculo permanecer en su interior<\/p>\n\n\n\n<p>&#8211;&nbsp;&nbsp;&nbsp;&nbsp;&nbsp;&nbsp;&nbsp;&nbsp;&nbsp;&nbsp;&nbsp;&nbsp;&nbsp; Evitar circular por calles anegadas<\/p>\n\n\n\n<p>&#8211;&nbsp;&nbsp;&nbsp;&nbsp;&nbsp;&nbsp;&nbsp;&nbsp;&nbsp;&nbsp;&nbsp;&nbsp;&nbsp; Se recomienda cortar la energ\u00eda el\u00e9ctrica si ingresa agua en la vivienda<\/p>\n\n\n\n<p>&#8211;&nbsp;&nbsp;&nbsp;&nbsp;&nbsp;&nbsp;&nbsp;&nbsp;&nbsp;&nbsp;&nbsp;&nbsp;&nbsp; No sacar residuos en la v\u00eda p\u00fablica y evitar la presencia de elementos que impidan el drenaje (incluidos materiales de construcci\u00f3n)<\/p>\n\n\n\n<p>&#8211;&nbsp;&nbsp;&nbsp;&nbsp;&nbsp;&nbsp;&nbsp;&nbsp;&nbsp;&nbsp;&nbsp;&nbsp;&nbsp; Mantener la limpieza de canaletas de techo y desag\u00fces de patios internos<\/p>\n\n\n\n<p>&#8211;&nbsp;&nbsp;&nbsp;&nbsp;&nbsp;&nbsp;&nbsp;&nbsp;&nbsp;&nbsp;&nbsp;&nbsp;&nbsp; Asegurar o retirar elementos que puedan caer de altura (ej. macetas o chapas)<\/p>\n","protected":false},"excerpt":{"rendered":"<p>El Municipio emiti\u00f3 un informe con los trabajos que est\u00e1n realizando por los temporales. Contin\u00faa el despliegue territorial y de<\/p>\n","protected":false},"author":2,"featured_media":104414,"comment_status":"closed","ping_status":"closed","sticky":false,"template":"","format":"standard","meta":{"_jetpack_memberships_contains_paid_content":false,"footnotes":""},"categories":[5,1],"tags":[],"class_list":["post-104413","post","type-post","status-publish","format-standard","has-post-thumbnail","hentry","category-informacion-general","category-portada"],"jetpack_featured_media_url":"https:\/\/i0.wp.com\/cdnoticias.com\/wp-content\/uploads\/2023\/12\/WhatsApp-Image-2023-12-15-at-16.44.17.jpeg?fit=1400%2C931&ssl=1","jetpack_sharing_enabled":true,"_links":{"self":[{"href":"https:\/\/cdnoticias.com\/index.php\/wp-json\/wp\/v2\/posts\/104413","targetHints":{"allow":["GET"]}}],"collection":[{"href":"https:\/\/cdnoticias.com\/index.php\/wp-json\/wp\/v2\/posts"}],"about":[{"href":"https:\/\/cdnoticias.com\/index.php\/wp-json\/wp\/v2\/types\/post"}],"author":[{"embeddable":true,"href":"https:\/\/cdnoticias.com\/index.php\/wp-json\/wp\/v2\/users\/2"}],"replies":[{"embeddable":true,"href":"https:\/\/cdnoticias.com\/index.php\/wp-json\/wp\/v2\/comments?post=104413"}],"version-history":[{"count":0,"href":"https:\/\/cdnoticias.com\/index.php\/wp-json\/wp\/v2\/posts\/104413\/revisions"}],"wp:featuredmedia":[{"embeddable":true,"href":"https:\/\/cdnoticias.com\/index.php\/wp-json\/wp\/v2\/media\/104414"}],"wp:attachment":[{"href":"https:\/\/cdnoticias.com\/index.php\/wp-json\/wp\/v2\/media?parent=104413"}],"wp:term":[{"taxonomy":"category","embeddable":true,"href":"https:\/\/cdnoticias.com\/index.php\/wp-json\/wp\/v2\/categories?post=104413"},{"taxonomy":"post_tag","embeddable":true,"href":"https:\/\/cdnoticias.com\/index.php\/wp-json\/wp\/v2\/tags?post=104413"}],"curies":[{"name":"wp","href":"https:\/\/api.w.org\/{rel}","templated":true}]}}