{"id":104406,"date":"2023-12-15T17:07:04","date_gmt":"2023-12-15T20:07:04","guid":{"rendered":"https:\/\/cdnoticias.com\/?p=104406"},"modified":"2023-12-15T17:07:07","modified_gmt":"2023-12-15T20:07:07","slug":"fernando-miguel-sallies-el-gato-q-e-p-d","status":"publish","type":"post","link":"https:\/\/cdnoticias.com\/index.php\/2023\/12\/15\/fernando-miguel-sallies-el-gato-q-e-p-d\/","title":{"rendered":"Fernando Miguel Sallies &#8220;El Gato&#8221; (Q.E.P.D.)"},"content":{"rendered":"\n<hr class=\"wp-block-separator aligncenter has-alpha-channel-opacity\"\/>\n\n\n\n<p>Falleci\u00f3 en Olavarr\u00eda el 15 de diciembre de 2023 a los 63 a\u00f1os. Su madre Martha Mozotegui de Sallies. Sus hijos Mait\u00e9n, Julia, Pedro y Martin Sallies. Sus hijos pol\u00edticos Pedro Etura, Nixty Camelia y Roc\u00edo Gonz\u00e1lez. Sus nietos Jano Etura y Taiel Camelia Sallies. Sus hermanos Gabriela y Gonzalo Sallies. Sus hermanos pol\u00edticos Sandra Rosende y Santiago Garc\u00eda. Sus sobrinos Jerem\u00edas y Valent\u00edn Drobot; Francisca Garc\u00eda Sallies; Braulio, Sol y Genaro Sallies. Su sobrina nieta Matilda Drobot.; y dem\u00e1s deudos participan su fallecimiento.<\/p>\n\n\n\n<p>Sus restos ser\u00e1n velados en la Sala de Espa\u00f1a 2942 departamento \u201cD\u201d. La sala cierra a las 22:00 horas y reabre a las 10:00 horas del s\u00e1bado 16 de diciembre e inhumados en el Cementerio Municipal. Servicio adherido a Coopelectric.<\/p>\n\n\n\n<p>Nacido en Olavarr\u00eda, vecino de Microcentro, agropecuario.&nbsp;<\/p>\n","protected":false},"excerpt":{"rendered":"<p>Falleci\u00f3 en Olavarr\u00eda el 15 de diciembre de 2023 a los 63 a\u00f1os. Su madre Martha Mozotegui de Sallies. Sus<\/p>\n","protected":false},"author":2,"featured_media":100390,"comment_status":"closed","ping_status":"closed","sticky":false,"template":"","format":"standard","meta":{"_jetpack_memberships_contains_paid_content":false,"footnotes":""},"categories":[10],"tags":[],"class_list":["post-104406","post","type-post","status-publish","format-standard","has-post-thumbnail","hentry","category-necrologicas"],"jetpack_featured_media_url":"https:\/\/i0.wp.com\/cdnoticias.com\/wp-content\/uploads\/2023\/10\/necrologicas-390-x-240.jpg?fit=390%2C240&ssl=1","jetpack_sharing_enabled":true,"_links":{"self":[{"href":"https:\/\/cdnoticias.com\/index.php\/wp-json\/wp\/v2\/posts\/104406","targetHints":{"allow":["GET"]}}],"collection":[{"href":"https:\/\/cdnoticias.com\/index.php\/wp-json\/wp\/v2\/posts"}],"about":[{"href":"https:\/\/cdnoticias.com\/index.php\/wp-json\/wp\/v2\/types\/post"}],"author":[{"embeddable":true,"href":"https:\/\/cdnoticias.com\/index.php\/wp-json\/wp\/v2\/users\/2"}],"replies":[{"embeddable":true,"href":"https:\/\/cdnoticias.com\/index.php\/wp-json\/wp\/v2\/comments?post=104406"}],"version-history":[{"count":0,"href":"https:\/\/cdnoticias.com\/index.php\/wp-json\/wp\/v2\/posts\/104406\/revisions"}],"wp:featuredmedia":[{"embeddable":true,"href":"https:\/\/cdnoticias.com\/index.php\/wp-json\/wp\/v2\/media\/100390"}],"wp:attachment":[{"href":"https:\/\/cdnoticias.com\/index.php\/wp-json\/wp\/v2\/media?parent=104406"}],"wp:term":[{"taxonomy":"category","embeddable":true,"href":"https:\/\/cdnoticias.com\/index.php\/wp-json\/wp\/v2\/categories?post=104406"},{"taxonomy":"post_tag","embeddable":true,"href":"https:\/\/cdnoticias.com\/index.php\/wp-json\/wp\/v2\/tags?post=104406"}],"curies":[{"name":"wp","href":"https:\/\/api.w.org\/{rel}","templated":true}]}}