{"id":1044,"date":"2020-09-10T09:48:14","date_gmt":"2020-09-10T12:48:14","guid":{"rendered":"http:\/\/www.centraldenoticias.com.ar\/?p=1044"},"modified":"2020-09-10T10:15:03","modified_gmt":"2020-09-10T13:15:03","slug":"fondo-covid-19-para-el-transporte-publico-se-espera-la-adhesion-de-la-provincia","status":"publish","type":"post","link":"https:\/\/cdnoticias.com\/index.php\/2020\/09\/10\/fondo-covid-19-para-el-transporte-publico-se-espera-la-adhesion-de-la-provincia\/","title":{"rendered":"Fondo Covid-19 para el transporte p\u00fablico: se espera la adhesi\u00f3n de la Provincia"},"content":{"rendered":"<p>El Ministerio de Transporte de la Naci\u00f3n reglament\u00f3 el Fondo Covid-19 para asistir a las provincias y por su intermedio a las empresas prestatarias de servicios p\u00fablicos de transporte automotor urbano y suburbano. Se trata de un aporte que en Olavarr\u00eda ya se percibe aunque las concesionarias esperan la adhesi\u00f3n de la Provincia.<\/p>\n<p><!--more--><\/p>\n<hr \/>\n<p>El Ministerio de Transporte de la Naci\u00f3n reglament\u00f3 el\u00a0\u201cFondo Covid de Compensaci\u00f3n al Transporte P\u00fablico de Pasajeros por Automotor Urbano y Suburbano del Interior del Pa\u00eds\u201d, llamado Fondo Covid-19, para asistir a las provincias y por su intermedio a las empresas prestatarias de servicios p\u00fablicos de transporte automotor urbano y suburbano. Se trata de un aporte que en Olavarr\u00eda ya se percibe y que en principio no implicar\u00eda modificaciones en los ingresos para las dos concesionarias.<\/p>\n<p>El Fondo Covid-19 se compone de 10.500 millones de pesos y, a trav\u00e9s de la resoluci\u00f3n 196\/2020 publicada en el Bolet\u00edn Oficial, se establece su instrumentaci\u00f3n y reparto.<\/p>\n<p>Implica la transferencia desde el Fondo al fideicomiso constituido por lo recaudado por la tasa del gasoil, 6.500 millones de pesos destinados a compensar al transporte p\u00fablico automotor urbano y suburbano que se desarrolla en las provincias y los municipios.<\/p>\n<p>La normativa precis\u00f3 que el remanente entre los 10.500 millones de pesos del Fondo Covid-19 y el monto consignado al fideicomiso, es decir, 4.000 millones de pesos, \u201cser\u00e1 aplicado a futuras compensaciones al transporte p\u00fablico urbano y suburbano del interior del pa\u00eds, a devengarse durante el a\u00f1o en curso\u201d.<\/p>\n<p><img data-recalc-dims=\"1\" loading=\"lazy\" decoding=\"async\" class=\"aligncenter wp-image-1042\" src=\"https:\/\/i0.wp.com\/cdnoticias.com\/wp-content\/uploads\/2020\/09\/TuBus-1024x683.jpg?resize=450%2C300&#038;ssl=1\" alt=\"\" width=\"450\" height=\"300\" srcset=\"https:\/\/i0.wp.com\/cdnoticias.com\/wp-content\/uploads\/2020\/09\/TuBus-1024x683.jpg?resize=300%2C200&amp;ssl=1 300w, https:\/\/i0.wp.com\/cdnoticias.com\/wp-content\/uploads\/2020\/09\/TuBus-1024x683.jpg?resize=768%2C512&amp;ssl=1 768w, https:\/\/i0.wp.com\/cdnoticias.com\/wp-content\/uploads\/2020\/09\/TuBus-1024x683.jpg?resize=1024%2C683&amp;ssl=1 1024w, https:\/\/i0.wp.com\/cdnoticias.com\/wp-content\/uploads\/2020\/09\/TuBus-1024x683.jpg?resize=272%2C182&amp;ssl=1 272w\" sizes=\"auto, (max-width: 450px) 100vw, 450px\" \/><\/p>\n<p><strong>El Fondo<\/strong><\/p>\n<p>El Fondo Covid-19 es nuevo, creado a partir de la ley de ampliaci\u00f3n del presupuesto 2020 sancionado en agosto. El empresario local Ramiro Di Giano, de la empresa Olabus, aclar\u00f3 que \u201ces un fondo nuevo, pero no hay m\u00e1s dinero. No representa un incremento en los subsidios que ven\u00edan recibiendo las empresas\u201d.<\/p>\n<p>Es que se denomin\u00f3 con un nuevo nombre un fondo compensador creado en 2019, por la presidencia de Macri, y sostenido desde enero 2020 por la presidencia de Fern\u00e1ndez. \u201cOlavarr\u00eda entr\u00f3 ah\u00ed en ese fondo compensador en agosto del a\u00f1o pasado\u201d explic\u00f3.<\/p>\n<p>Di Giano agreg\u00f3 que \u201cla nueva administraci\u00f3n nacional le dio continuidad desde enero para el primer cuatrimestre. Terminado el cuatrimestre, la necesidad estaba m\u00e1s presente que nunca porque ya estaba la pandemia y no hab\u00eda plata\u201d.<\/p>\n<p>De esa manera, se incluy\u00f3 en la ley de ampliaci\u00f3n presupuestaria de este a\u00f1o y se asignaron fondos para el segundo cuatrimestre. \u201cPero para los \u00faltimos cuatro meses ya empez\u00f3 a correr falta plata. Es de creer que lo van a solucionar\u201d plante\u00f3 para apuntar al problema financiero que afecta a todas las empresas del transporte p\u00fablico del interior de la provincia de Buenos Aires.<\/p>\n<p><strong>Montos<\/strong><\/p>\n<p>El art\u00edculo 5\u00ba de la resoluci\u00f3n nacional establece que las provincias \u201cdeber\u00e1n continuar transfiriendo a cada una de las empresas de su jurisdicci\u00f3n y de sus municipios (\u2026) como m\u00ednimo un monto igual al 50% de la participaci\u00f3n\u201d respecto de las liquidaciones anuales por subsidios y compensaciones pagados en 2018. En el caso de Olavarr\u00eda, los pagos del aquel a\u00f1o llegaron a 67,9 millones de pesos con un promedio mensual de 5,6 millones mensuales.<\/p>\n<p>De acuerdo con lo dispuesto por Transporte, la provincia de Buenos Aires recibir\u00e1 454,34 millones de pesos para entregar a las prestatarias de los municipios de Arrecifes, Azul, Bah\u00eda Blanca, Balcarce, Carmen de Patagones, Chivilcoy, Coronel Rosales, General Madariaga, General Pueyrred\u00f3n, Jun\u00edn, Necochea, Olavarr\u00eda, Pergamino, Pinamar, Ramallo, San Andr\u00e9s de Giles, San Antonio de Areno, San Nicol\u00e1s, San Pedro, Tandil, Tornquist, Partido de La Costa y Villa Gesell.<\/p>\n<p>Los mayores montos de compensaciones se transferir\u00e1n a las provincias de C\u00f3rdoba, por 1.181,76 millones; Santa Fe, 904,95 millones; Mendoza, 726,91 millones; Tucum\u00e1n, 610,38 millones; Salta, 393,25 millones; Misiones, 316,40 millones; y Jujuy, 251,36 millones de pesos.<\/p>\n<p>Para que estos fondos se entreguen, la Provincia debe adherir a trav\u00e9s de una &#8220;adenda&#8221;. La estimaci\u00f3n, seg\u00fan sostuvo Di Giano, es que la Provincia lo haga aunque no hay fecha establecida para ello.<\/p>\n","protected":false},"excerpt":{"rendered":"<p>El Ministerio de Transporte de la Naci\u00f3n reglament\u00f3 el Fondo Covid-19 para asistir a las provincias y por su intermedio<\/p>\n","protected":false},"author":4,"featured_media":1043,"comment_status":"closed","ping_status":"closed","sticky":false,"template":"","format":"standard","meta":{"_jetpack_memberships_contains_paid_content":false,"footnotes":""},"categories":[5,1],"tags":[],"class_list":["post-1044","post","type-post","status-publish","format-standard","has-post-thumbnail","hentry","category-informacion-general","category-portada"],"jetpack_featured_media_url":"https:\/\/i0.wp.com\/cdnoticias.com\/wp-content\/uploads\/2020\/09\/Presentaci%C3%B3n-TU-bus-2.jpg?fit=3936%2C2624&ssl=1","jetpack_sharing_enabled":true,"_links":{"self":[{"href":"https:\/\/cdnoticias.com\/index.php\/wp-json\/wp\/v2\/posts\/1044","targetHints":{"allow":["GET"]}}],"collection":[{"href":"https:\/\/cdnoticias.com\/index.php\/wp-json\/wp\/v2\/posts"}],"about":[{"href":"https:\/\/cdnoticias.com\/index.php\/wp-json\/wp\/v2\/types\/post"}],"author":[{"embeddable":true,"href":"https:\/\/cdnoticias.com\/index.php\/wp-json\/wp\/v2\/users\/4"}],"replies":[{"embeddable":true,"href":"https:\/\/cdnoticias.com\/index.php\/wp-json\/wp\/v2\/comments?post=1044"}],"version-history":[{"count":0,"href":"https:\/\/cdnoticias.com\/index.php\/wp-json\/wp\/v2\/posts\/1044\/revisions"}],"wp:featuredmedia":[{"embeddable":true,"href":"https:\/\/cdnoticias.com\/index.php\/wp-json\/wp\/v2\/media\/1043"}],"wp:attachment":[{"href":"https:\/\/cdnoticias.com\/index.php\/wp-json\/wp\/v2\/media?parent=1044"}],"wp:term":[{"taxonomy":"category","embeddable":true,"href":"https:\/\/cdnoticias.com\/index.php\/wp-json\/wp\/v2\/categories?post=1044"},{"taxonomy":"post_tag","embeddable":true,"href":"https:\/\/cdnoticias.com\/index.php\/wp-json\/wp\/v2\/tags?post=1044"}],"curies":[{"name":"wp","href":"https:\/\/api.w.org\/{rel}","templated":true}]}}