{"id":104363,"date":"2023-12-15T09:31:22","date_gmt":"2023-12-15T12:31:22","guid":{"rendered":"https:\/\/cdnoticias.com\/?p=104363"},"modified":"2023-12-15T10:22:04","modified_gmt":"2023-12-15T13:22:04","slug":"segundo-temporal-coopelectric-informo-sobre-la-reposicion-de-la-electricidad","status":"publish","type":"post","link":"https:\/\/cdnoticias.com\/index.php\/2023\/12\/15\/segundo-temporal-coopelectric-informo-sobre-la-reposicion-de-la-electricidad\/","title":{"rendered":"Segundo temporal: Coopelectric inform\u00f3 sobre la reposici\u00f3n de la electricidad"},"content":{"rendered":"<p>Siguen las restricciones por zona. \u201cAl momento no se puede brindar un porcentaje certero del sector que cuenta con servicio\u201d indic\u00f3 la cooperativa. Agua: pedido de uso racional. Los tel\u00e9fonos de contacto.<!--more--><\/p>\n<hr \/>\n<p>Durante este jueves el <strong>personal de Coopelectric sostuvo las intervenciones tras las consecuencias de la segunda jornada de tormentas<\/strong> con fuertes vientos y lluvias.<\/p>\n<p>De igual manera que el martes,<strong> toda la ciudad de Olavarr\u00eda qued\u00f3 sin suministro el\u00e9ctrico alrededor de las 18 horas<\/strong>. Durante la madrugada<strong> en algunos sectores se restableci\u00f3 el servicio<\/strong>, aunque hay barrios completos de Olavarr\u00eda que siguen sin acceso a la red incluso desde el martes.<strong> \u201cAl momento no se puede brindar un porcentaje certero del sector que cuenta con servicio\u201d<\/strong> aclar\u00f3 Coopelectric.<\/p>\n<blockquote><p>Este viernes se emiti\u00f3 un comunicado donde se plante\u00f3 que \u201cen una situaci\u00f3n in\u00e9dita, la ciudad se vio afectada nuevamente por otro temporal que volvi\u00f3 a castigar duramente a la comunidad. El servicio el\u00e9ctrico se vio impactado por segunda vez en la semana dejando fuera de servicio los alimentadores de 33 kV. Actualmente, algunos fueron puesto en funcionamiento y para lograr la operatividad el resto, el personal contin\u00faa trabajando arduamente\u201d.<\/p><\/blockquote>\n<p>\u201cCabe destacar que <strong>aquellos alimentadores que est\u00e1n operativos permiten garantizar el servicio en las localidades y planta urbana<\/strong> de la ciudad, pero <strong>con restricciones en algunas zonas<\/strong> dado que perduran las consecuencias del temporal anterior\u201d se destac\u00f3.<\/p>\n<p><strong>\u201cAl momento no se puede brindar un porcentaje certero del sector que cuenta con servicio\u201d<\/strong> inform\u00f3 la cooperativa.<\/p>\n<p><img data-recalc-dims=\"1\" loading=\"lazy\" decoding=\"async\" class=\"size-large wp-image-104359 aligncenter\" src=\"https:\/\/i0.wp.com\/cdnoticias.com\/wp-content\/uploads\/2023\/12\/napoli-coopelectric1.jpg?resize=800%2C450&#038;ssl=1\" alt=\"\" width=\"800\" height=\"450\" srcset=\"https:\/\/i0.wp.com\/cdnoticias.com\/wp-content\/uploads\/2023\/12\/napoli-coopelectric1-scaled.jpg?resize=1024%2C576&amp;ssl=1 1024w, https:\/\/i0.wp.com\/cdnoticias.com\/wp-content\/uploads\/2023\/12\/napoli-coopelectric1-scaled.jpg?resize=300%2C169&amp;ssl=1 300w, https:\/\/i0.wp.com\/cdnoticias.com\/wp-content\/uploads\/2023\/12\/napoli-coopelectric1-scaled.jpg?resize=768%2C432&amp;ssl=1 768w, https:\/\/i0.wp.com\/cdnoticias.com\/wp-content\/uploads\/2023\/12\/napoli-coopelectric1-scaled.jpg?resize=1536%2C864&amp;ssl=1 1536w, https:\/\/i0.wp.com\/cdnoticias.com\/wp-content\/uploads\/2023\/12\/napoli-coopelectric1-scaled.jpg?resize=2048%2C1152&amp;ssl=1 2048w, https:\/\/i0.wp.com\/cdnoticias.com\/wp-content\/uploads\/2023\/12\/napoli-coopelectric1-scaled.jpg?w=1600&amp;ssl=1 1600w, https:\/\/i0.wp.com\/cdnoticias.com\/wp-content\/uploads\/2023\/12\/napoli-coopelectric1-scaled.jpg?w=2400&amp;ssl=1 2400w\" sizes=\"auto, (max-width: 800px) 100vw, 800px\" \/><\/p>\n<blockquote><p>El gerente de Distribuci\u00f3n del Servicio El\u00e9ctrico de Coopelectric, Claudio N\u00e1poli, refiri\u00f3 \u201ces complejo brindar un panorama por zonas ya que dentro de un mismo barrio hay sectores que no tiene luz y otros s\u00ed. Se ha retrotra\u00eddo el trabajo que se ven\u00eda haciendo para dar prioridad a situaciones puntuales que requer\u00edan de la atenci\u00f3n inmediata\u201d.<\/p><\/blockquote>\n<p><strong>Si el clima este viernes lo permite se va a continuar trabajando en las zonas que ven\u00edan siendo reparadas<\/strong> hasta el jueves: <strong>\u201cbarrio Eucaliptos, Cuarteles, Bel\u00e9n y otros que a\u00fan tienen sectores sin servicio\u201d<\/strong> puntualiz\u00f3 la cooperativa.<\/p>\n<blockquote><p>Coopelectric reiter\u00f3 la recomendaci\u00f3n de \u201cno acercarse de ninguna manera a ning\u00fan cable que se encuentre en la v\u00eda p\u00fablica y dar aviso inmediatamente a los n\u00fameros que se encuentran actualmente operativos\u201d.<\/p><\/blockquote>\n<p>Respecto del <strong>servicio de obras sanitarias<\/strong> se indic\u00f3 que <strong>\u201clas bombas de agua no se pudieron recuperar en su totalidad<\/strong>, por lo que tambi\u00e9n resaltamos <strong>hacer un uso racional del agua<\/strong> hasta que el servicio se normalice totalmente\u201d.<\/p>\n<h2>Datos de contacto ante el Estado de Emergencia<\/h2>\n<p>Para gestiones, reclamos y consultas por el momento \u00e9stas son <strong>las v\u00edas de contacto que se encuentran operativas<\/strong>:<\/p>\n<p>-Tel. fijo: 412305 (Energ\u00eda) y 411222 (Obras Sanitarias)<\/p>\n<p>-A trav\u00e9s de la web https:\/\/coopelectric.com.ar\/. Oficina Virtual<\/p>\n<p>-V\u00eda WhatsApp 2284-230707<\/p>\n<p>-SMS 2284-680000<\/p>\n","protected":false},"excerpt":{"rendered":"<p>Siguen las restricciones por zona. \u201cAl momento no se puede brindar un porcentaje certero del sector que cuenta con servicio\u201d<\/p>\n","protected":false},"author":4,"featured_media":104341,"comment_status":"closed","ping_status":"closed","sticky":false,"template":"","format":"standard","meta":{"_jetpack_memberships_contains_paid_content":false,"footnotes":""},"categories":[5,1],"tags":[],"class_list":["post-104363","post","type-post","status-publish","format-standard","has-post-thumbnail","hentry","category-informacion-general","category-portada"],"jetpack_featured_media_url":"https:\/\/i0.wp.com\/cdnoticias.com\/wp-content\/uploads\/2023\/12\/temporal-14-de-diciembre-00-coopelectric.jpg?fit=1200%2C668&ssl=1","jetpack_sharing_enabled":true,"_links":{"self":[{"href":"https:\/\/cdnoticias.com\/index.php\/wp-json\/wp\/v2\/posts\/104363","targetHints":{"allow":["GET"]}}],"collection":[{"href":"https:\/\/cdnoticias.com\/index.php\/wp-json\/wp\/v2\/posts"}],"about":[{"href":"https:\/\/cdnoticias.com\/index.php\/wp-json\/wp\/v2\/types\/post"}],"author":[{"embeddable":true,"href":"https:\/\/cdnoticias.com\/index.php\/wp-json\/wp\/v2\/users\/4"}],"replies":[{"embeddable":true,"href":"https:\/\/cdnoticias.com\/index.php\/wp-json\/wp\/v2\/comments?post=104363"}],"version-history":[{"count":0,"href":"https:\/\/cdnoticias.com\/index.php\/wp-json\/wp\/v2\/posts\/104363\/revisions"}],"wp:featuredmedia":[{"embeddable":true,"href":"https:\/\/cdnoticias.com\/index.php\/wp-json\/wp\/v2\/media\/104341"}],"wp:attachment":[{"href":"https:\/\/cdnoticias.com\/index.php\/wp-json\/wp\/v2\/media?parent=104363"}],"wp:term":[{"taxonomy":"category","embeddable":true,"href":"https:\/\/cdnoticias.com\/index.php\/wp-json\/wp\/v2\/categories?post=104363"},{"taxonomy":"post_tag","embeddable":true,"href":"https:\/\/cdnoticias.com\/index.php\/wp-json\/wp\/v2\/tags?post=104363"}],"curies":[{"name":"wp","href":"https:\/\/api.w.org\/{rel}","templated":true}]}}