{"id":104340,"date":"2023-12-15T08:56:49","date_gmt":"2023-12-15T11:56:49","guid":{"rendered":"https:\/\/cdnoticias.com\/?p=104340"},"modified":"2023-12-15T12:26:31","modified_gmt":"2023-12-15T15:26:31","slug":"segundo-temporal-mas-de-200-voladuras-de-techo-en-olavarria","status":"publish","type":"post","link":"https:\/\/cdnoticias.com\/index.php\/2023\/12\/15\/segundo-temporal-mas-de-200-voladuras-de-techo-en-olavarria\/","title":{"rendered":"Segundo temporal: m\u00e1s de 200 voladuras de techo en Olavarr\u00eda"},"content":{"rendered":"<p>Son los servicios que atendieron Bomberos y Defensa Civil. Este viernes la tormenta tuvo r\u00e1fagas de hasta 110 kil\u00f3metros por hora. &#8220;La tormenta fue dentro de lo esperado&#8221; dijo Raul Ferreyra.<\/p>\n<p><!--more--><\/p>\n<hr \/>\n<p>El<strong> temporal de la tarde y noche del jueves en Olavarr\u00eda<\/strong> dej\u00f3 <strong>graves consecuencias<\/strong> en la ciudad. Cabe recordar que el<strong> alerta<\/strong> emitido por el Servicio Meteorol\u00f3gico Nacional fue de <strong>nivel naranja<\/strong>.<\/p>\n<blockquote><p><strong>Central de Noticias<\/strong> pudo confirmar que personal de Bomberos y Defensa Civil atendieron 208 voladuras de techos como consecuencia del fuerte viento que volvi\u00f3 a registrarse el jueves por la noche y que ya se hab\u00eda registrado el martes.<\/p><\/blockquote>\n<p><img data-recalc-dims=\"1\" loading=\"lazy\" decoding=\"async\" class=\"size-large wp-image-104346 aligncenter\" src=\"https:\/\/i0.wp.com\/cdnoticias.com\/wp-content\/uploads\/2023\/12\/temporal-jueves-1.jpg?resize=800%2C450&#038;ssl=1\" alt=\"\" width=\"800\" height=\"450\" srcset=\"https:\/\/i0.wp.com\/cdnoticias.com\/wp-content\/uploads\/2023\/12\/temporal-jueves-1-scaled.jpg?resize=1024%2C576&amp;ssl=1 1024w, https:\/\/i0.wp.com\/cdnoticias.com\/wp-content\/uploads\/2023\/12\/temporal-jueves-1-scaled.jpg?resize=300%2C169&amp;ssl=1 300w, https:\/\/i0.wp.com\/cdnoticias.com\/wp-content\/uploads\/2023\/12\/temporal-jueves-1-scaled.jpg?resize=768%2C432&amp;ssl=1 768w, https:\/\/i0.wp.com\/cdnoticias.com\/wp-content\/uploads\/2023\/12\/temporal-jueves-1-scaled.jpg?resize=1536%2C864&amp;ssl=1 1536w, https:\/\/i0.wp.com\/cdnoticias.com\/wp-content\/uploads\/2023\/12\/temporal-jueves-1-scaled.jpg?resize=2048%2C1152&amp;ssl=1 2048w, https:\/\/i0.wp.com\/cdnoticias.com\/wp-content\/uploads\/2023\/12\/temporal-jueves-1-scaled.jpg?w=1600&amp;ssl=1 1600w, https:\/\/i0.wp.com\/cdnoticias.com\/wp-content\/uploads\/2023\/12\/temporal-jueves-1-scaled.jpg?w=2400&amp;ssl=1 2400w\" sizes=\"auto, (max-width: 800px) 100vw, 800px\" \/><\/p>\n<p><strong>En el caso de este jueves, entre las edificaciones afectadas estuvo el Instituto M\u00e9dico<\/strong>. En la sede de calle General Paz casi Lavalle trabaj\u00f3 Bomberos poco antes de las 19 del jueves por una <strong>voladura &#8220;parcial&#8221; del techo.<\/strong><\/p>\n<p>En di\u00e1logo con este medio, <strong>el jefe del cuerpo de Bomberos, Ra\u00fal Ferreyra, indic\u00f3 que \u201cla tormenta fue dentro de lo esperado\u201d<\/strong> y tuvo en cuenta que la situaci\u00f3n se agrav\u00f3 en ciertos sectores por los da\u00f1os del temporal del martes.<\/p>\n","protected":false},"excerpt":{"rendered":"<p>Son los servicios que atendieron Bomberos y Defensa Civil. Este viernes la tormenta tuvo r\u00e1fagas de hasta 110 kil\u00f3metros por<\/p>\n","protected":false},"author":4,"featured_media":104347,"comment_status":"closed","ping_status":"closed","sticky":false,"template":"","format":"standard","meta":{"_jetpack_memberships_contains_paid_content":false,"footnotes":""},"categories":[5,1],"tags":[],"class_list":["post-104340","post","type-post","status-publish","format-standard","has-post-thumbnail","hentry","category-informacion-general","category-portada"],"jetpack_featured_media_url":"https:\/\/i0.wp.com\/cdnoticias.com\/wp-content\/uploads\/2023\/12\/temporal-jueves-2-scaled.jpg?fit=2560%2C1440&ssl=1","jetpack_sharing_enabled":true,"_links":{"self":[{"href":"https:\/\/cdnoticias.com\/index.php\/wp-json\/wp\/v2\/posts\/104340","targetHints":{"allow":["GET"]}}],"collection":[{"href":"https:\/\/cdnoticias.com\/index.php\/wp-json\/wp\/v2\/posts"}],"about":[{"href":"https:\/\/cdnoticias.com\/index.php\/wp-json\/wp\/v2\/types\/post"}],"author":[{"embeddable":true,"href":"https:\/\/cdnoticias.com\/index.php\/wp-json\/wp\/v2\/users\/4"}],"replies":[{"embeddable":true,"href":"https:\/\/cdnoticias.com\/index.php\/wp-json\/wp\/v2\/comments?post=104340"}],"version-history":[{"count":0,"href":"https:\/\/cdnoticias.com\/index.php\/wp-json\/wp\/v2\/posts\/104340\/revisions"}],"wp:featuredmedia":[{"embeddable":true,"href":"https:\/\/cdnoticias.com\/index.php\/wp-json\/wp\/v2\/media\/104347"}],"wp:attachment":[{"href":"https:\/\/cdnoticias.com\/index.php\/wp-json\/wp\/v2\/media?parent=104340"}],"wp:term":[{"taxonomy":"category","embeddable":true,"href":"https:\/\/cdnoticias.com\/index.php\/wp-json\/wp\/v2\/categories?post=104340"},{"taxonomy":"post_tag","embeddable":true,"href":"https:\/\/cdnoticias.com\/index.php\/wp-json\/wp\/v2\/tags?post=104340"}],"curies":[{"name":"wp","href":"https:\/\/api.w.org\/{rel}","templated":true}]}}