{"id":104293,"date":"2023-12-14T09:56:43","date_gmt":"2023-12-14T12:56:43","guid":{"rendered":"https:\/\/cdnoticias.com\/?p=104293"},"modified":"2023-12-14T13:20:04","modified_gmt":"2023-12-14T16:20:04","slug":"el-servicio-electrico-se-repuso-en-un-88-y-funcionan-la-mayoria-de-los-pozos-de-agua","status":"publish","type":"post","link":"https:\/\/cdnoticias.com\/index.php\/2023\/12\/14\/el-servicio-electrico-se-repuso-en-un-88-y-funcionan-la-mayoria-de-los-pozos-de-agua\/","title":{"rendered":"El servicio el\u00e9ctrico se repuso en un 88% y funcionan la mayor\u00eda de los pozos de agua"},"content":{"rendered":"<p>Sin embargo, hay barrios que fueron m\u00e1s afectados y requieren de reparaci\u00f3n. Adem\u00e1s, el robo de cables dificulta la tarea.<!--more--><\/p>\n<hr \/>\n<p>Desde Coopelectric se inform\u00f3 que <strong>el servicio el\u00e9ctrico cuenta con el 88 % de reposici\u00f3n y la mayor\u00eda de los pozos de agua est\u00e1n en funcionamiento.<\/strong><\/p>\n<p>Destacaron el trabajo \u201cincansable\u201d de los operarios y que<strong> \u201chay barrios que a\u00fan tienen zonas sin luz, eso se debe a que a la reposici\u00f3n hay que sumarle reparaci\u00f3n\u201d.<\/strong><\/p>\n<blockquote><p>A esta situaci\u00f3n se suma el robo de cables que \u201cha llegado a ser cerca de 1000 metros, lo que dificulta la tarea\u201d.<\/p><\/blockquote>\n<p>En ese sentido se inform\u00f3 que<strong> los barrios Pueblo Nuevo, San Vicente, Bel\u00e9n, Regimiento y Mariano Moreno<\/strong> requieren adem\u00e1s de reposici\u00f3n, reparaci\u00f3n del servicio ya que han sido de<strong> los sectores m\u00e1s castigados por el temporal y los hechos delictivos.<\/strong><\/p>\n<blockquote><p>Se explic\u00f3 que \u201cante un robo hay que hacer l\u00edneas nuevas y eso conlleva tiempo y material para atender las demandas\u201d.<\/p><\/blockquote>\n<p>Asimismo, se\u00f1alaron que el personal de Coopelectric \u201cno dej\u00f3 de trabajar un minuto con las precauciones del caso desde que ocurri\u00f3 el evento y hay que remarcar que <strong>esta situaci\u00f3n meteorol\u00f3gica no tiene casi antecedentes en la ciudad,<\/strong> de hecho, a ra\u00edz de ello se ha convocado a un Comit\u00e9 de Emergencia\u201d.<\/p>\n<p>Por \u00faltimo, se expres\u00f3 que \u201cante el nuevo alerta previsto para el d\u00eda de hoy por la tarde se espera que no impacte bruscamente y en caso de ser necesario <strong>restituir el servicio lo antes posible<\/strong>\u201d.<\/p>\n","protected":false},"excerpt":{"rendered":"<p>Sin embargo, hay barrios que fueron m\u00e1s afectados y requieren de reparaci\u00f3n. Adem\u00e1s, el robo de cables dificulta la tarea.<\/p>\n","protected":false},"author":2,"featured_media":104275,"comment_status":"closed","ping_status":"closed","sticky":false,"template":"","format":"standard","meta":{"_jetpack_memberships_contains_paid_content":false,"footnotes":""},"categories":[5,1],"tags":[],"class_list":["post-104293","post","type-post","status-publish","format-standard","has-post-thumbnail","hentry","category-informacion-general","category-portada"],"jetpack_featured_media_url":"https:\/\/i0.wp.com\/cdnoticias.com\/wp-content\/uploads\/2023\/12\/coopelectric-reparacion-temporal-01.jpg?fit=1200%2C668&ssl=1","jetpack_sharing_enabled":true,"_links":{"self":[{"href":"https:\/\/cdnoticias.com\/index.php\/wp-json\/wp\/v2\/posts\/104293","targetHints":{"allow":["GET"]}}],"collection":[{"href":"https:\/\/cdnoticias.com\/index.php\/wp-json\/wp\/v2\/posts"}],"about":[{"href":"https:\/\/cdnoticias.com\/index.php\/wp-json\/wp\/v2\/types\/post"}],"author":[{"embeddable":true,"href":"https:\/\/cdnoticias.com\/index.php\/wp-json\/wp\/v2\/users\/2"}],"replies":[{"embeddable":true,"href":"https:\/\/cdnoticias.com\/index.php\/wp-json\/wp\/v2\/comments?post=104293"}],"version-history":[{"count":0,"href":"https:\/\/cdnoticias.com\/index.php\/wp-json\/wp\/v2\/posts\/104293\/revisions"}],"wp:featuredmedia":[{"embeddable":true,"href":"https:\/\/cdnoticias.com\/index.php\/wp-json\/wp\/v2\/media\/104275"}],"wp:attachment":[{"href":"https:\/\/cdnoticias.com\/index.php\/wp-json\/wp\/v2\/media?parent=104293"}],"wp:term":[{"taxonomy":"category","embeddable":true,"href":"https:\/\/cdnoticias.com\/index.php\/wp-json\/wp\/v2\/categories?post=104293"},{"taxonomy":"post_tag","embeddable":true,"href":"https:\/\/cdnoticias.com\/index.php\/wp-json\/wp\/v2\/tags?post=104293"}],"curies":[{"name":"wp","href":"https:\/\/api.w.org\/{rel}","templated":true}]}}