{"id":10428,"date":"2021-01-02T10:43:41","date_gmt":"2021-01-02T13:43:41","guid":{"rendered":"http:\/\/www.centraldenoticias.com.ar\/?p=10428"},"modified":"2021-01-02T11:43:16","modified_gmt":"2021-01-02T14:43:16","slug":"informe-diciembre-con-crecimiento-de-los-siniestros-viales-en-olavarria","status":"publish","type":"post","link":"https:\/\/cdnoticias.com\/index.php\/2021\/01\/02\/informe-diciembre-con-crecimiento-de-los-siniestros-viales-en-olavarria\/","title":{"rendered":"Informe: diciembre con crecimiento de los siniestros viales en Olavarr\u00eda"},"content":{"rendered":"<p style=\"text-align: left;\" align=\"center\">El ingeniero Marcos Pascua relev\u00f3 los accidentes de tr\u00e1nsito del mes anterior. Durante el a\u00f1o, se dieron 247 siniestros en la planta urbana, con 7 v\u00edctimas fatales, 32 heridos graves y 181 heridos leves.<!--more--><\/p>\n<hr \/>\n<p align=\"justify\">Por Marcos Pascua <a href=\"https:\/\/twitter.com\/Ma7c0s\" target=\"_blank\" rel=\"noopener\">@Ma7c0s<\/a>\u00a0(*).<\/p>\n<p align=\"justify\">Seg\u00fan los datos relevados de los portales digitales de noticias de la ciudad, <strong>durante el mes de diciembre se produjeron un total de 25 siniestros<\/strong>, que dejaron como consecuencia <strong>27 personas heridas: 23 leves y 4 graves<\/strong>.<\/p>\n<p align=\"justify\">Seg\u00fan el reporte de movilidad de Google, en Olavarr\u00eda el movimiento del \u00faltimo mes fue <strong>un 5% menor<\/strong> que el valor de referencia <strong>en las zonas de trabajo<\/strong>, lo cual indica un incremento de la circulaci\u00f3n en estas zonas, mientras que <strong>en las zonas residenciales<\/strong> el movimiento fue un <strong>9% mayor<\/strong> que los valores considerados, mismo valor que el mes anterior. El valor de considerado es el movimiento del cual Google tiene referencia de los meses pre pandemia.<\/p>\n<p align=\"justify\"><strong>Distribuci\u00f3n zonal<\/strong><\/p>\n<p align=\"justify\">Las zonas donde m\u00e1s siniestros viales se registraron, fueron el <b>centro y microcentro<\/b> donde se produjeron el <b>32%<\/b> de los accidentes, seguidos de los barrios <b>Luj\u00e1n, Hip\u00f3lito Yrigoyen <\/b>y<b> Mariano Moreno<\/b> donde ocurrieron el <b>12%<\/b> de los eventos en cada uno.<\/p>\n<p align=\"justify\">De los siniestros ocurridos en <b>diciembre<\/b>, <b>el 88% se produjeron en intersecciones,<\/b> en su mayor\u00eda en cruces de <b>calles con calles<\/b>.<\/p>\n<p align=\"justify\">Las <b>avenidas <\/b>con mayor cantidad de eventos ocurridos fueron<b> Col\u00f3n <\/b>con <b>4, Del Valle<\/b> con<b> 3 <\/b>y <b>Pellegrini <\/b>con <b>2.<\/b><\/p>\n<p align=\"justify\"><img data-recalc-dims=\"1\" loading=\"lazy\" decoding=\"async\" class=\"aligncenter wp-image-10429 size-full\" src=\"https:\/\/i0.wp.com\/cdnoticias.com\/wp-content\/uploads\/2021\/01\/vial-diciembre.jpg?resize=800%2C472&#038;ssl=1\" alt=\"\" width=\"800\" height=\"472\" srcset=\"https:\/\/i0.wp.com\/cdnoticias.com\/wp-content\/uploads\/2021\/01\/vial-diciembre.jpg?w=800&amp;ssl=1 800w, https:\/\/i0.wp.com\/cdnoticias.com\/wp-content\/uploads\/2021\/01\/vial-diciembre.jpg?resize=300%2C177&amp;ssl=1 300w, https:\/\/i0.wp.com\/cdnoticias.com\/wp-content\/uploads\/2021\/01\/vial-diciembre.jpg?resize=768%2C453&amp;ssl=1 768w\" sizes=\"auto, (max-width: 800px) 100vw, 800px\" \/><\/p>\n<p align=\"justify\"><b>Distribuci\u00f3n horaria<\/b><\/p>\n<p>Seg\u00fan los datos analizados las franjas horarias con m\u00e1s siniestros ocurridos fueron entre las <b>10:00 y las 12:00 <\/b>con<b> <\/b>el<b> 28% <\/b>de los eventos, seguida por la franja de entre las<b> 16:00-18:00 <\/b>y las<b> 20:00-00:00 <\/b>con el <b>16% cada una. <\/b><\/p>\n<p align=\"justify\"><b>Usuarios involucrados<\/b><\/p>\n<p align=\"justify\">Seg\u00fan el an\u00e1lisis realizado respecto a los usuarios que se vieron involucrados en los siniestros se puede observar una gran implicancia de <b>autom\u00f3viles (51%) y motocicletas (28%)<\/b>, sumando entre ambos el <b>79%<\/b>. La presencia de <b>camionetas <\/b>se ubica en un tercer lugar con un <b>7%.<\/b><\/p>\n<p align=\"justify\"><b>Resumen<\/b><\/p>\n<p align=\"justify\">Finalizado el a\u00f1o<b> 2020<\/b> se produjeron un total de <b>247 siniestros <\/b>en la<b> planta urbana<\/b>, en los cuales se produjeron <b>181 heridos leves<\/b>,<b> 32 heridos graves<\/b> y<b> 7 v\u00edctimas fatales<\/b>.<\/p>\n<p align=\"justify\">El mes con mayor cantidad de accidentes fue <b>septiembre<\/b> con <b>27<\/b>, seguidos por <b>marzo, junio y diciembre <\/b>con <b>25 <\/b>cada uno.<\/p>\n<figure id=\"attachment_10431\" aria-describedby=\"caption-attachment-10431\" style=\"width: 800px\" class=\"wp-caption aligncenter\"><img data-recalc-dims=\"1\" loading=\"lazy\" decoding=\"async\" class=\"wp-image-10431 size-full\" src=\"https:\/\/i0.wp.com\/cdnoticias.com\/wp-content\/uploads\/2021\/01\/vial-mensual.jpg?resize=800%2C524&#038;ssl=1\" alt=\"\" width=\"800\" height=\"524\" srcset=\"https:\/\/i0.wp.com\/cdnoticias.com\/wp-content\/uploads\/2021\/01\/vial-mensual.jpg?w=800&amp;ssl=1 800w, https:\/\/i0.wp.com\/cdnoticias.com\/wp-content\/uploads\/2021\/01\/vial-mensual.jpg?resize=300%2C197&amp;ssl=1 300w, https:\/\/i0.wp.com\/cdnoticias.com\/wp-content\/uploads\/2021\/01\/vial-mensual.jpg?resize=768%2C503&amp;ssl=1 768w\" sizes=\"auto, (max-width: 800px) 100vw, 800px\" \/><figcaption id=\"caption-attachment-10431\" class=\"wp-caption-text\">Gr\u00e1fico 1: Distribuci\u00f3n mensual de accidentes.<\/figcaption><\/figure>\n<p align=\"justify\"><b>Distribuci\u00f3n zonal<\/b><\/p>\n<p align=\"justify\">Las zonas donde m\u00e1s siniestros viales se registraron en el a\u00f1o, fueron <b>centro y microcentro<\/b> donde se produjeron el <b>30,89%<\/b> de los accidentes, seguidas de <b>Pueblo Nuevo <\/b>con un<b> 10,16%<\/b>, mientras que, en <b>Barrio Luj\u00e1n<\/b> se produjeron el <b>9,76%<\/b> de los eventos.<\/p>\n<figure id=\"attachment_10432\" aria-describedby=\"caption-attachment-10432\" style=\"width: 800px\" class=\"wp-caption aligncenter\"><img data-recalc-dims=\"1\" loading=\"lazy\" decoding=\"async\" class=\"wp-image-10432 size-full\" src=\"https:\/\/i0.wp.com\/cdnoticias.com\/wp-content\/uploads\/2021\/01\/vial-zonal.jpg?resize=800%2C519&#038;ssl=1\" alt=\"\" width=\"800\" height=\"519\" srcset=\"https:\/\/i0.wp.com\/cdnoticias.com\/wp-content\/uploads\/2021\/01\/vial-zonal.jpg?w=800&amp;ssl=1 800w, https:\/\/i0.wp.com\/cdnoticias.com\/wp-content\/uploads\/2021\/01\/vial-zonal.jpg?resize=300%2C195&amp;ssl=1 300w, https:\/\/i0.wp.com\/cdnoticias.com\/wp-content\/uploads\/2021\/01\/vial-zonal.jpg?resize=768%2C498&amp;ssl=1 768w\" sizes=\"auto, (max-width: 800px) 100vw, 800px\" \/><figcaption id=\"caption-attachment-10432\" class=\"wp-caption-text\">Gr\u00e1fico 2: Distribuci\u00f3n zonal total.<\/figcaption><\/figure>\n<p><em>(*) Ingeniero Civil, tesista en Seguridad Vial.<\/em><\/p>\n<p align=\"justify\"><strong>\u00bfQuer\u00e9s recibir en tu correo el Anuario de Siniestralidad Vial 2020 en forma gratuita?\u00a0<\/strong>Suscribite ac\u00e1: <a href=\"https:\/\/forms.gle\/taPbMwjDvgLbbn5x9\" target=\"_blank\" rel=\"noopener\">https:\/\/forms.gle\/taPbMwjDvgLbbn5x9<\/a><\/p>\n<p align=\"justify\">En un pa\u00eds donde se mide poco, este tipo de documentos permiten generar un acercamiento a la realidad, la importancia de que sea p\u00fablico permite el acceso a todas las personas que quieren contar con \u00e9l como un trabajo para difundir, analizar, debatir y comprender que somos parte del problema, pero tambi\u00e9n de la soluci\u00f3n.<\/p>\n<p align=\"justify\"><b>Contenido Anuario:<\/b><\/p>\n<ul>\n<li>\n<p align=\"justify\">Introducci\u00f3n<\/p>\n<\/li>\n<li>\n<p align=\"justify\">Indicadores<\/p>\n<\/li>\n<li>\n<p align=\"justify\">Estad\u00edsticas mensuales<\/p>\n<\/li>\n<li>\n<p align=\"justify\">V\u00edctimas: heridos<\/p>\n<\/li>\n<li>\n<p align=\"justify\">V\u00edctimas fatales<\/p>\n<\/li>\n<li>\n<p align=\"justify\">Usuarios involucrados<\/p>\n<\/li>\n<li>\n<p align=\"justify\">Distribuci\u00f3n zonal<\/p>\n<\/li>\n<li>\n<p align=\"justify\">Zona c\u00e9ntrica<\/p>\n<\/li>\n<\/ul>\n<ul>\n<li>\n<p align=\"justify\">Mapa de calor<\/p>\n<\/li>\n<li>\n<p align=\"justify\">Calles con m\u00e1s siniestros<\/p>\n<\/li>\n<\/ul>\n<ul>\n<li>\n<p align=\"justify\">Avenidas con m\u00e1s siniestros<\/p>\n<\/li>\n<li>\n<p align=\"justify\">Franjas horarias<\/p>\n<\/li>\n<li>\n<p align=\"justify\">Conclusi\u00f3n<\/p>\n<\/li>\n<\/ul>\n<p align=\"justify\"><b>Aclaraciones:<\/b><\/p>\n<p align=\"justify\"><b>-Zona de estudio: Planta urbana<\/b><\/p>\n<p align=\"justify\"><b>-Fuentes: Canal Verte, En L\u00ednea Noticias, Central de Noticias.<\/b><\/p>\n<p align=\"justify\">\n","protected":false},"excerpt":{"rendered":"<p>El ingeniero Marcos Pascua relev\u00f3 los accidentes de tr\u00e1nsito del mes anterior. Durante el a\u00f1o, se dieron 247 siniestros en<\/p>\n","protected":false},"author":4,"featured_media":10430,"comment_status":"closed","ping_status":"closed","sticky":false,"template":"","format":"standard","meta":{"_jetpack_memberships_contains_paid_content":false,"footnotes":""},"categories":[5,1],"tags":[],"class_list":["post-10428","post","type-post","status-publish","format-standard","has-post-thumbnail","hentry","category-informacion-general","category-portada"],"jetpack_featured_media_url":"https:\/\/i0.wp.com\/cdnoticias.com\/wp-content\/uploads\/2021\/01\/vial-tapa.jpg?fit=790%2C443&ssl=1","jetpack_sharing_enabled":true,"_links":{"self":[{"href":"https:\/\/cdnoticias.com\/index.php\/wp-json\/wp\/v2\/posts\/10428","targetHints":{"allow":["GET"]}}],"collection":[{"href":"https:\/\/cdnoticias.com\/index.php\/wp-json\/wp\/v2\/posts"}],"about":[{"href":"https:\/\/cdnoticias.com\/index.php\/wp-json\/wp\/v2\/types\/post"}],"author":[{"embeddable":true,"href":"https:\/\/cdnoticias.com\/index.php\/wp-json\/wp\/v2\/users\/4"}],"replies":[{"embeddable":true,"href":"https:\/\/cdnoticias.com\/index.php\/wp-json\/wp\/v2\/comments?post=10428"}],"version-history":[{"count":0,"href":"https:\/\/cdnoticias.com\/index.php\/wp-json\/wp\/v2\/posts\/10428\/revisions"}],"wp:featuredmedia":[{"embeddable":true,"href":"https:\/\/cdnoticias.com\/index.php\/wp-json\/wp\/v2\/media\/10430"}],"wp:attachment":[{"href":"https:\/\/cdnoticias.com\/index.php\/wp-json\/wp\/v2\/media?parent=10428"}],"wp:term":[{"taxonomy":"category","embeddable":true,"href":"https:\/\/cdnoticias.com\/index.php\/wp-json\/wp\/v2\/categories?post=10428"},{"taxonomy":"post_tag","embeddable":true,"href":"https:\/\/cdnoticias.com\/index.php\/wp-json\/wp\/v2\/tags?post=10428"}],"curies":[{"name":"wp","href":"https:\/\/api.w.org\/{rel}","templated":true}]}}