{"id":104260,"date":"2023-12-13T20:00:12","date_gmt":"2023-12-13T23:00:12","guid":{"rendered":"https:\/\/cdnoticias.com\/?p=104260"},"modified":"2023-12-13T22:25:13","modified_gmt":"2023-12-14T01:25:13","slug":"identificaron-al-ciclista-que-fallecio-tras-ser-arrollado-por-un-automovil","status":"publish","type":"post","link":"https:\/\/cdnoticias.com\/index.php\/2023\/12\/13\/identificaron-al-ciclista-que-fallecio-tras-ser-arrollado-por-un-automovil\/","title":{"rendered":"Identificaron al ciclista que falleci\u00f3 tras ser arrollado por un autom\u00f3vil"},"content":{"rendered":"\n<p>El hecho se produjo este mi\u00e9rcoles en la intersecci\u00f3n de la avenida Alberdi y Bol\u00edvar\u00a0cuando un Chevrolet Corsa atropell\u00f3 al ciclista.<\/p>\n\n\n\n<hr class=\"wp-block-separator aligncenter has-alpha-channel-opacity\"\/>\n\n\n\n<p>En la tarde de este mi\u00e9rcoles, un <strong>ciclista fue atropellado por un autom\u00f3vil Chevrolet Corsa <\/strong>en la intersecci\u00f3n de la <strong>avenida Alberdi y Bol\u00edvar.<\/strong><\/p>\n\n\n\n<p><br>El hombre hab\u00eda<strong> resultado herido de gravedad <\/strong>y trasladado por una ambulancia al Hospital Municipal.<\/p>\n\n\n\n<p><br>Finalmente, el ciclista fue identificado como <strong>Carlos Alberto Benito de 65 a\u00f1os<\/strong>, quien falleci\u00f3 producto de los golpes que sufri\u00f3 al impactar contra un auto y pese a los esfuerzos m\u00e9dicos que llegaron a atenderlo en el Hospital.<\/p>\n","protected":false},"excerpt":{"rendered":"<p>El hecho se produjo este mi\u00e9rcoles en la intersecci\u00f3n de la avenida Alberdi y Bol\u00edvar\u00a0cuando un Chevrolet Corsa atropell\u00f3 al<\/p>\n","protected":false},"author":6,"featured_media":104225,"comment_status":"closed","ping_status":"closed","sticky":false,"template":"","format":"standard","meta":{"_jetpack_memberships_contains_paid_content":false,"footnotes":""},"categories":[14,1],"tags":[],"class_list":["post-104260","post","type-post","status-publish","format-standard","has-post-thumbnail","hentry","category-policiales","category-portada"],"jetpack_featured_media_url":"https:\/\/i0.wp.com\/cdnoticias.com\/wp-content\/uploads\/2023\/12\/choque-alberdi-y-bolivar-00.jpg?fit=1200%2C667&ssl=1","jetpack_sharing_enabled":true,"_links":{"self":[{"href":"https:\/\/cdnoticias.com\/index.php\/wp-json\/wp\/v2\/posts\/104260","targetHints":{"allow":["GET"]}}],"collection":[{"href":"https:\/\/cdnoticias.com\/index.php\/wp-json\/wp\/v2\/posts"}],"about":[{"href":"https:\/\/cdnoticias.com\/index.php\/wp-json\/wp\/v2\/types\/post"}],"author":[{"embeddable":true,"href":"https:\/\/cdnoticias.com\/index.php\/wp-json\/wp\/v2\/users\/6"}],"replies":[{"embeddable":true,"href":"https:\/\/cdnoticias.com\/index.php\/wp-json\/wp\/v2\/comments?post=104260"}],"version-history":[{"count":0,"href":"https:\/\/cdnoticias.com\/index.php\/wp-json\/wp\/v2\/posts\/104260\/revisions"}],"wp:featuredmedia":[{"embeddable":true,"href":"https:\/\/cdnoticias.com\/index.php\/wp-json\/wp\/v2\/media\/104225"}],"wp:attachment":[{"href":"https:\/\/cdnoticias.com\/index.php\/wp-json\/wp\/v2\/media?parent=104260"}],"wp:term":[{"taxonomy":"category","embeddable":true,"href":"https:\/\/cdnoticias.com\/index.php\/wp-json\/wp\/v2\/categories?post=104260"},{"taxonomy":"post_tag","embeddable":true,"href":"https:\/\/cdnoticias.com\/index.php\/wp-json\/wp\/v2\/tags?post=104260"}],"curies":[{"name":"wp","href":"https:\/\/api.w.org\/{rel}","templated":true}]}}