{"id":104227,"date":"2023-12-13T14:34:07","date_gmt":"2023-12-13T17:34:07","guid":{"rendered":"https:\/\/cdnoticias.com\/?p=104227"},"modified":"2023-12-13T17:11:06","modified_gmt":"2023-12-13T20:11:06","slug":"un-ciclista-herido-de-gravedad-sobre-avenida-alberdi","status":"publish","type":"post","link":"https:\/\/cdnoticias.com\/index.php\/2023\/12\/13\/un-ciclista-herido-de-gravedad-sobre-avenida-alberdi\/","title":{"rendered":"Un ciclista herido de gravedad sobre avenida Alberdi"},"content":{"rendered":"<p>Fue arrollado por un auto. El siniestro vial se registr\u00f3 poco despu\u00e9s de las 14 a la altura del cruce con Bol\u00edvar.<\/p>\n<p><!--more--><\/p>\n<hr \/>\n<p>Un <strong>siniestro vial de graves consecuencias<\/strong> se registr\u00f3 sobre <strong>avenida Alberdi<\/strong> poco despu\u00e9s de las 14 de este mi\u00e9rcoles.<\/p>\n<p>A la altura del <strong>cruce con Bol\u00edvar<\/strong>, colisionaron un<strong> auto Chevrolet Corsa con una bicicleta<\/strong>.<\/p>\n<p><img data-recalc-dims=\"1\" loading=\"lazy\" decoding=\"async\" class=\"size-large wp-image-104225 aligncenter\" src=\"https:\/\/i0.wp.com\/cdnoticias.com\/wp-content\/uploads\/2023\/12\/choque-alberdi-y-bolivar-00.jpg?resize=800%2C445&#038;ssl=1\" alt=\"\" width=\"800\" height=\"445\" srcset=\"https:\/\/i0.wp.com\/cdnoticias.com\/wp-content\/uploads\/2023\/12\/choque-alberdi-y-bolivar-00.jpg?resize=1024%2C569&amp;ssl=1 1024w, https:\/\/i0.wp.com\/cdnoticias.com\/wp-content\/uploads\/2023\/12\/choque-alberdi-y-bolivar-00.jpg?resize=300%2C167&amp;ssl=1 300w, https:\/\/i0.wp.com\/cdnoticias.com\/wp-content\/uploads\/2023\/12\/choque-alberdi-y-bolivar-00.jpg?resize=768%2C427&amp;ssl=1 768w, https:\/\/i0.wp.com\/cdnoticias.com\/wp-content\/uploads\/2023\/12\/choque-alberdi-y-bolivar-00.jpg?resize=800%2C445&amp;ssl=1 800w, https:\/\/i0.wp.com\/cdnoticias.com\/wp-content\/uploads\/2023\/12\/choque-alberdi-y-bolivar-00.jpg?w=1200&amp;ssl=1 1200w\" sizes=\"auto, (max-width: 800px) 100vw, 800px\" \/><\/p>\n<blockquote><p>Seg\u00fan se pudo saber, el conductor del rodado menor result\u00f3 con lesiones de car\u00e1cter grave.<\/p><\/blockquote>\n<p>Fue<strong> derivado al Hospital Municipal<\/strong> de forma inmediata por una ambulancia que fue convocada al lugar.<\/p>\n","protected":false},"excerpt":{"rendered":"<p>Fue arrollado por un auto. El siniestro vial se registr\u00f3 poco despu\u00e9s de las 14 a la altura del cruce<\/p>\n","protected":false},"author":4,"featured_media":104226,"comment_status":"closed","ping_status":"closed","sticky":false,"template":"","format":"standard","meta":{"_jetpack_memberships_contains_paid_content":false,"footnotes":""},"categories":[14],"tags":[],"class_list":["post-104227","post","type-post","status-publish","format-standard","has-post-thumbnail","hentry","category-policiales"],"jetpack_featured_media_url":"https:\/\/i0.wp.com\/cdnoticias.com\/wp-content\/uploads\/2023\/12\/choque-alberdi-y-bolivar-01.jpg?fit=1000%2C556&ssl=1","jetpack_sharing_enabled":true,"_links":{"self":[{"href":"https:\/\/cdnoticias.com\/index.php\/wp-json\/wp\/v2\/posts\/104227","targetHints":{"allow":["GET"]}}],"collection":[{"href":"https:\/\/cdnoticias.com\/index.php\/wp-json\/wp\/v2\/posts"}],"about":[{"href":"https:\/\/cdnoticias.com\/index.php\/wp-json\/wp\/v2\/types\/post"}],"author":[{"embeddable":true,"href":"https:\/\/cdnoticias.com\/index.php\/wp-json\/wp\/v2\/users\/4"}],"replies":[{"embeddable":true,"href":"https:\/\/cdnoticias.com\/index.php\/wp-json\/wp\/v2\/comments?post=104227"}],"version-history":[{"count":0,"href":"https:\/\/cdnoticias.com\/index.php\/wp-json\/wp\/v2\/posts\/104227\/revisions"}],"wp:featuredmedia":[{"embeddable":true,"href":"https:\/\/cdnoticias.com\/index.php\/wp-json\/wp\/v2\/media\/104226"}],"wp:attachment":[{"href":"https:\/\/cdnoticias.com\/index.php\/wp-json\/wp\/v2\/media?parent=104227"}],"wp:term":[{"taxonomy":"category","embeddable":true,"href":"https:\/\/cdnoticias.com\/index.php\/wp-json\/wp\/v2\/categories?post=104227"},{"taxonomy":"post_tag","embeddable":true,"href":"https:\/\/cdnoticias.com\/index.php\/wp-json\/wp\/v2\/tags?post=104227"}],"curies":[{"name":"wp","href":"https:\/\/api.w.org\/{rel}","templated":true}]}}