{"id":10416,"date":"2021-01-01T17:16:44","date_gmt":"2021-01-01T20:16:44","guid":{"rendered":"http:\/\/www.centraldenoticias.com.ar\/?p=10416"},"modified":"2021-01-01T17:16:44","modified_gmt":"2021-01-01T20:16:44","slug":"primitivo-rigoberto-paredes-morales-tio-primo-q-e-p-d","status":"publish","type":"post","link":"https:\/\/cdnoticias.com\/index.php\/2021\/01\/01\/primitivo-rigoberto-paredes-morales-tio-primo-q-e-p-d\/","title":{"rendered":"Primitivo Rigoberto Paredes Morales &#8220;T\u00edo Primo&#8221; (Q.E.P.D.)"},"content":{"rendered":"<p>Falleci\u00f3 en Olavarr\u00eda el d\u00eda 1 de Enero de 2021.<\/p>\n<p>&nbsp;<\/p>\n<p>Sus restos ser\u00e1n velados en fecha a confirmar y cremados, tambi\u00e9n en fecha a confirmar, en el crematorio de Pinos de Paz.<\/p>\n<p>&nbsp;<\/p>\n<p>Nacido en Chile, vecino de Loma Negra, jubilado de Fabrica Loma Negra.<\/p>\n","protected":false},"excerpt":{"rendered":"<p>Falleci\u00f3 en Olavarr\u00eda el d\u00eda 1 de Enero de 2021. &nbsp; Sus restos ser\u00e1n velados en fecha a confirmar y<\/p>\n","protected":false},"author":3,"featured_media":0,"comment_status":"closed","ping_status":"closed","sticky":false,"template":"","format":"standard","meta":{"_jetpack_memberships_contains_paid_content":false,"footnotes":""},"categories":[10],"tags":[],"class_list":["post-10416","post","type-post","status-publish","format-standard","hentry","category-necrologicas"],"jetpack_featured_media_url":"","jetpack_sharing_enabled":true,"_links":{"self":[{"href":"https:\/\/cdnoticias.com\/index.php\/wp-json\/wp\/v2\/posts\/10416","targetHints":{"allow":["GET"]}}],"collection":[{"href":"https:\/\/cdnoticias.com\/index.php\/wp-json\/wp\/v2\/posts"}],"about":[{"href":"https:\/\/cdnoticias.com\/index.php\/wp-json\/wp\/v2\/types\/post"}],"author":[{"embeddable":true,"href":"https:\/\/cdnoticias.com\/index.php\/wp-json\/wp\/v2\/users\/3"}],"replies":[{"embeddable":true,"href":"https:\/\/cdnoticias.com\/index.php\/wp-json\/wp\/v2\/comments?post=10416"}],"version-history":[{"count":0,"href":"https:\/\/cdnoticias.com\/index.php\/wp-json\/wp\/v2\/posts\/10416\/revisions"}],"wp:attachment":[{"href":"https:\/\/cdnoticias.com\/index.php\/wp-json\/wp\/v2\/media?parent=10416"}],"wp:term":[{"taxonomy":"category","embeddable":true,"href":"https:\/\/cdnoticias.com\/index.php\/wp-json\/wp\/v2\/categories?post=10416"},{"taxonomy":"post_tag","embeddable":true,"href":"https:\/\/cdnoticias.com\/index.php\/wp-json\/wp\/v2\/tags?post=10416"}],"curies":[{"name":"wp","href":"https:\/\/api.w.org\/{rel}","templated":true}]}}