{"id":104043,"date":"2023-12-11T20:45:52","date_gmt":"2023-12-11T23:45:52","guid":{"rendered":"https:\/\/cdnoticias.com\/?p=104043"},"modified":"2023-12-12T08:45:30","modified_gmt":"2023-12-12T11:45:30","slug":"asumieron-los-nuevos-ediles-como-quedo-conformado-el-hcd","status":"publish","type":"post","link":"https:\/\/cdnoticias.com\/index.php\/2023\/12\/11\/asumieron-los-nuevos-ediles-como-quedo-conformado-el-hcd\/","title":{"rendered":"Asumieron los nuevos ediles: c\u00f3mo qued\u00f3 conformado el HCD"},"content":{"rendered":"\n<p>Minutos despu\u00e9s de las 19:00 de este lunes se realiz\u00f3 la Sesi\u00f3n Preparatoria del HCD en la Sociedad Espa\u00f1ola con gran presencia de p\u00fablico. Juraron los concejales, se eligieron las autoridades y la conformaci\u00f3n de las comisiones.<\/p>\n\n\n\n<hr class=\"wp-block-separator aligncenter has-alpha-channel-opacity\"\/>\n\n\n\n<p>En la tarde de este lunes se realiz\u00f3 la <strong>Sesi\u00f3n Preparatoria del HCD<\/strong> en la Sociedad Espa\u00f1ola con <strong>gran concurriencia de p\u00fablico, entre ellos, familiares, amigos y militancia de cada bloque. <\/strong><\/p>\n\n\n\n<p><\/p>\n\n\n\n<p>Primeramente, <strong>Cecilia Krivochen<\/strong> invit\u00f3 al ex<strong> intendente Ezequiel Galli <\/strong>para <strong>izar la bandera nacional<\/strong> seguido de la entonaci\u00f3n del Himno Nacional Argentino.<\/p>\n\n\n\n<p><\/p>\n\n\n\n<figure class=\"wp-block-image aligncenter size-large\"><img data-recalc-dims=\"1\" loading=\"lazy\" decoding=\"async\" width=\"800\" height=\"445\" src=\"https:\/\/i0.wp.com\/cdnoticias.com\/wp-content\/uploads\/2023\/12\/ediles-hcd-11-diciembre-jura-2.jpg?resize=800%2C445&#038;ssl=1\" alt=\"\" class=\"wp-image-104052\" srcset=\"https:\/\/i0.wp.com\/cdnoticias.com\/wp-content\/uploads\/2023\/12\/ediles-hcd-11-diciembre-jura-2.jpg?resize=1024%2C570&amp;ssl=1 1024w, https:\/\/i0.wp.com\/cdnoticias.com\/wp-content\/uploads\/2023\/12\/ediles-hcd-11-diciembre-jura-2.jpg?resize=300%2C167&amp;ssl=1 300w, https:\/\/i0.wp.com\/cdnoticias.com\/wp-content\/uploads\/2023\/12\/ediles-hcd-11-diciembre-jura-2.jpg?resize=768%2C427&amp;ssl=1 768w, https:\/\/i0.wp.com\/cdnoticias.com\/wp-content\/uploads\/2023\/12\/ediles-hcd-11-diciembre-jura-2.jpg?resize=800%2C445&amp;ssl=1 800w, https:\/\/i0.wp.com\/cdnoticias.com\/wp-content\/uploads\/2023\/12\/ediles-hcd-11-diciembre-jura-2.jpg?w=1280&amp;ssl=1 1280w\" sizes=\"auto, (max-width: 800px) 100vw, 800px\" \/><\/figure>\n\n\n\n<p>Luego, pas\u00f3 al frente <strong>Liliana Schwindt<\/strong>, concejala de mayor edad quien <strong>tom\u00f3 juramento<\/strong> y qued\u00f3 a cargo de la presidencia del concejo deliberante para tomar juramento a las concejalas y concejales.<\/p>\n\n\n\n<p><\/p>\n\n\n\n<figure class=\"wp-block-image aligncenter size-large\"><img data-recalc-dims=\"1\" loading=\"lazy\" decoding=\"async\" width=\"800\" height=\"445\" src=\"https:\/\/i0.wp.com\/cdnoticias.com\/wp-content\/uploads\/2023\/12\/ediles-hcd-11-diciembre-jura-3.jpg?resize=800%2C445&#038;ssl=1\" alt=\"\" class=\"wp-image-104053\" srcset=\"https:\/\/i0.wp.com\/cdnoticias.com\/wp-content\/uploads\/2023\/12\/ediles-hcd-11-diciembre-jura-3.jpg?resize=1024%2C570&amp;ssl=1 1024w, https:\/\/i0.wp.com\/cdnoticias.com\/wp-content\/uploads\/2023\/12\/ediles-hcd-11-diciembre-jura-3.jpg?resize=300%2C167&amp;ssl=1 300w, https:\/\/i0.wp.com\/cdnoticias.com\/wp-content\/uploads\/2023\/12\/ediles-hcd-11-diciembre-jura-3.jpg?resize=768%2C427&amp;ssl=1 768w, https:\/\/i0.wp.com\/cdnoticias.com\/wp-content\/uploads\/2023\/12\/ediles-hcd-11-diciembre-jura-3.jpg?resize=800%2C445&amp;ssl=1 800w, https:\/\/i0.wp.com\/cdnoticias.com\/wp-content\/uploads\/2023\/12\/ediles-hcd-11-diciembre-jura-3.jpg?w=1280&amp;ssl=1 1280w\" sizes=\"auto, (max-width: 800px) 100vw, 800px\" \/><\/figure>\n\n\n\n<p><\/p>\n\n\n\n<p><\/p>\n\n\n\n<blockquote class=\"wp-block-quote is-layout-flow wp-block-quote-is-layout-flow\">\n<p>\u201cVeo este recinto tan lleno, veo j\u00f3venes y no podemos no recordar los 40 a\u00f1os de democracia y lo importante de este encuentro. Esto no siempre fue as\u00ed las urnas y las bancas estuvieron bien guardadas durante mucho tiempo. Ser concejal para mi es un gran honor y es el mostrador m\u00e1s cercano que el vecino de Olavarr\u00eda tiene para tocar la puerta. Quiero celebrar la democracia, este espacio de debate y de respeto y felicitar a todos\u201d expres\u00f3 Liliana Schwindt.<\/p>\n<\/blockquote>\n\n\n\n<p><\/p>\n\n\n\n<p>Juraron los concejales electos <strong>Federico Aguilera, Liliana Schwindt, Guillermo Santell\u00e1n y Andrea Bel\u00e9n Abraham<\/strong>, por Uni\u00f3n por la Patria. En tanto, juraron los concejales <strong>Guillermo Lascano, Mar\u00eda Adela Casamayor y Marcelo Petehs <\/strong>por la Libertad Avanza y por \u00faltimo el bloque conformado por <strong>Hilario Galli, Guillermina Amespil y Francisco Gonz\u00e1lez <\/strong>por Juntos por el Cambio. &nbsp;<\/p>\n\n\n\n<p><\/p>\n\n\n\n<p>Por parte de Uni\u00f3n por la Patria, el concejal <strong>Federico Aguilera<\/strong> tom\u00f3 la palabra y expres\u00f3 que \u201c<em>en las \u00faltimas elecciones generales la gran mayor\u00eda de <\/em>los <em>olavarrienses, m\u00e1s del 41%, eligieron un nuevo gobierno en el partido de Olavarr\u00eda, casi 29 mil personas apostaron a un nuevo espacio para conducir esta hermosa ciudad\u201d.<\/em><\/p>\n\n\n\n<p><\/p>\n\n\n\n<blockquote class=\"wp-block-quote is-layout-flow wp-block-quote-is-layout-flow\">\n<p>\u201cEste espacio pol\u00edtico conducido por Maximiliano Wesner tiene la voluntad de que sea represado en el Concejo Deliberante. Es la fuerza mayoritaria, es por eso que creemos que hay un compa\u00f1ero que tiene las cualidades y caracter\u00edsticas necesarias, la experiencia necesaria para articular con cada uno de los bloques pol\u00edticos y generar los concesos necesarios. Es un militante de reconocida trayectoria, ese compa\u00f1ero es Guillermo Santell\u00e1n\u201d agreg\u00f3.<\/p>\n<\/blockquote>\n\n\n\n<p><\/p>\n\n\n\n<p>Por su parte, <strong>Celeste Arouxet<\/strong> tom\u00f3 la palabra y remarc\u00f3. <strong>\u201cEscuch\u00e9 tantas veces la palabra di\u00e1logo y consenso.<\/strong> Pens\u00e9 que este a\u00f1o iba a ser diferente, me toca ser la voz de la segunda fuerza. A Guillermo lo conozco y no tengo nada para decir de \u00e9l. Tenemos casi 20 mil olavarrienses que nos eligieron. En ning\u00fan momento fuimos llamados a consensuar, tenemos que ser mas transparentes y definir entre todos quien representa a los olavarrienses. <strong>No vamos a acompa\u00f1ar a Guillermo\u201d.<\/strong><\/p>\n\n\n\n<figure class=\"wp-block-image aligncenter size-large\"><img data-recalc-dims=\"1\" loading=\"lazy\" decoding=\"async\" width=\"800\" height=\"445\" src=\"https:\/\/i0.wp.com\/cdnoticias.com\/wp-content\/uploads\/2023\/12\/ediles-hcd-11-diciembre-jura-4.jpg?resize=800%2C445&#038;ssl=1\" alt=\"\" class=\"wp-image-104054\" srcset=\"https:\/\/i0.wp.com\/cdnoticias.com\/wp-content\/uploads\/2023\/12\/ediles-hcd-11-diciembre-jura-4.jpg?resize=1024%2C570&amp;ssl=1 1024w, https:\/\/i0.wp.com\/cdnoticias.com\/wp-content\/uploads\/2023\/12\/ediles-hcd-11-diciembre-jura-4.jpg?resize=300%2C167&amp;ssl=1 300w, https:\/\/i0.wp.com\/cdnoticias.com\/wp-content\/uploads\/2023\/12\/ediles-hcd-11-diciembre-jura-4.jpg?resize=768%2C427&amp;ssl=1 768w, https:\/\/i0.wp.com\/cdnoticias.com\/wp-content\/uploads\/2023\/12\/ediles-hcd-11-diciembre-jura-4.jpg?resize=800%2C445&amp;ssl=1 800w, https:\/\/i0.wp.com\/cdnoticias.com\/wp-content\/uploads\/2023\/12\/ediles-hcd-11-diciembre-jura-4.jpg?w=1280&amp;ssl=1 1280w\" sizes=\"auto, (max-width: 800px) 100vw, 800px\" \/><\/figure>\n\n\n\n<p><\/p>\n\n\n\n<p>Finalmente, <strong>Guillermo Santell\u00e1n fue aprobado por 16 votos afirmativos<\/strong> contra 4 negativos y ser\u00e1 el <strong>Presidente de Concejo Deliberante.<\/strong><\/p>\n\n\n\n<p><\/p>\n\n\n\n<p>En tanto, tambi\u00e9n por 16 votos positivos contra 4 negativos <strong>Mar\u00eda Jos\u00e9 Gonz\u00e1lez ser\u00e1 la vicepresidenta de HCD.<\/strong> Por misma cantidad de votos, el vicepresidente segundo fue propuesto por el concejal Sebasti\u00e1n Matrella y ser\u00e1 <strong>Francisco Gonz\u00e1lez del bloque UCR- Juntos.<\/strong><\/p>\n\n\n\n<figure class=\"wp-block-image aligncenter size-large\"><img data-recalc-dims=\"1\" loading=\"lazy\" decoding=\"async\" width=\"800\" height=\"445\" src=\"https:\/\/i0.wp.com\/cdnoticias.com\/wp-content\/uploads\/2023\/12\/ediles-hcd-11-diciembre-jura-5.jpg?resize=800%2C445&#038;ssl=1\" alt=\"\" class=\"wp-image-104055\" srcset=\"https:\/\/i0.wp.com\/cdnoticias.com\/wp-content\/uploads\/2023\/12\/ediles-hcd-11-diciembre-jura-5.jpg?resize=1024%2C570&amp;ssl=1 1024w, https:\/\/i0.wp.com\/cdnoticias.com\/wp-content\/uploads\/2023\/12\/ediles-hcd-11-diciembre-jura-5.jpg?resize=300%2C167&amp;ssl=1 300w, https:\/\/i0.wp.com\/cdnoticias.com\/wp-content\/uploads\/2023\/12\/ediles-hcd-11-diciembre-jura-5.jpg?resize=768%2C427&amp;ssl=1 768w, https:\/\/i0.wp.com\/cdnoticias.com\/wp-content\/uploads\/2023\/12\/ediles-hcd-11-diciembre-jura-5.jpg?resize=1536%2C854&amp;ssl=1 1536w, https:\/\/i0.wp.com\/cdnoticias.com\/wp-content\/uploads\/2023\/12\/ediles-hcd-11-diciembre-jura-5.jpg?resize=800%2C445&amp;ssl=1 800w, https:\/\/i0.wp.com\/cdnoticias.com\/wp-content\/uploads\/2023\/12\/ediles-hcd-11-diciembre-jura-5.jpg?w=1600&amp;ssl=1 1600w\" sizes=\"auto, (max-width: 800px) 100vw, 800px\" \/><\/figure>\n\n\n\n<p><\/p>\n\n\n\n<p>Asimismo, para ocupar el lugar de<strong> Secretario Legislativo<\/strong>, Aguilera propuso al <strong>ex concejal Mariano Ferro<\/strong> y Celeste Arouxet propuso a Margarita Arregui. <strong>Finalmente, por 16 votos aprobados contra 4, Ferro ocupar\u00e1 el puesto.<\/strong><\/p>\n","protected":false},"excerpt":{"rendered":"<p>Minutos despu\u00e9s de las 19:00 de este lunes se realiz\u00f3 la Sesi\u00f3n Preparatoria del HCD en la Sociedad Espa\u00f1ola con<\/p>\n","protected":false},"author":6,"featured_media":104051,"comment_status":"closed","ping_status":"closed","sticky":false,"template":"","format":"standard","meta":{"_jetpack_memberships_contains_paid_content":false,"footnotes":""},"categories":[4,1],"tags":[],"class_list":["post-104043","post","type-post","status-publish","format-standard","has-post-thumbnail","hentry","category-politica","category-portada"],"jetpack_featured_media_url":"https:\/\/i0.wp.com\/cdnoticias.com\/wp-content\/uploads\/2023\/12\/ediles-hcd-11-diciembre-jura-1.jpg?fit=1600%2C890&ssl=1","jetpack_sharing_enabled":true,"_links":{"self":[{"href":"https:\/\/cdnoticias.com\/index.php\/wp-json\/wp\/v2\/posts\/104043","targetHints":{"allow":["GET"]}}],"collection":[{"href":"https:\/\/cdnoticias.com\/index.php\/wp-json\/wp\/v2\/posts"}],"about":[{"href":"https:\/\/cdnoticias.com\/index.php\/wp-json\/wp\/v2\/types\/post"}],"author":[{"embeddable":true,"href":"https:\/\/cdnoticias.com\/index.php\/wp-json\/wp\/v2\/users\/6"}],"replies":[{"embeddable":true,"href":"https:\/\/cdnoticias.com\/index.php\/wp-json\/wp\/v2\/comments?post=104043"}],"version-history":[{"count":0,"href":"https:\/\/cdnoticias.com\/index.php\/wp-json\/wp\/v2\/posts\/104043\/revisions"}],"wp:featuredmedia":[{"embeddable":true,"href":"https:\/\/cdnoticias.com\/index.php\/wp-json\/wp\/v2\/media\/104051"}],"wp:attachment":[{"href":"https:\/\/cdnoticias.com\/index.php\/wp-json\/wp\/v2\/media?parent=104043"}],"wp:term":[{"taxonomy":"category","embeddable":true,"href":"https:\/\/cdnoticias.com\/index.php\/wp-json\/wp\/v2\/categories?post=104043"},{"taxonomy":"post_tag","embeddable":true,"href":"https:\/\/cdnoticias.com\/index.php\/wp-json\/wp\/v2\/tags?post=104043"}],"curies":[{"name":"wp","href":"https:\/\/api.w.org\/{rel}","templated":true}]}}