{"id":104002,"date":"2023-12-11T13:57:36","date_gmt":"2023-12-11T16:57:36","guid":{"rendered":"https:\/\/cdnoticias.com\/?p=104002"},"modified":"2023-12-11T16:34:01","modified_gmt":"2023-12-11T19:34:01","slug":"villa-mailin-un-hombre-resulto-herido-de-bala-en-plena-via-publica","status":"publish","type":"post","link":"https:\/\/cdnoticias.com\/index.php\/2023\/12\/11\/villa-mailin-un-hombre-resulto-herido-de-bala-en-plena-via-publica\/","title":{"rendered":"Villa Mail\u00edn: Un hombre result\u00f3 herido de bala en plena v\u00eda p\u00fablica"},"content":{"rendered":"\n<p>El violento episodio se dio cerca del mediod\u00eda en Santa Fe al 1600. El agresor fue arrestado.<\/p>\n\n\n\n<hr class=\"wp-block-separator aligncenter has-alpha-channel-opacity\"\/>\n\n\n\n<p>Un violento episodio se dio alrededor del mediod\u00eda de este lunes en el barrio Villa Mail\u00edn.<\/p>\n\n\n\n<p>Seg\u00fan se pudo saber, <strong>un hombre result\u00f3 herido de bala en Santa Fe al 1600. Fue trasladado de urgencia al Hospital Municipal en donde se inform\u00f3, en principio, que result\u00f3 con heridas leves.<\/strong><\/p>\n\n\n\n<p>Trascendi\u00f3 que<strong> el agresor fue arrestado minutos despu\u00e9s por personal policial<\/strong> e incluso, estaba dentro de un patrullero mientras se realizaban las tareas de peritaje pertinentes. <\/p>\n\n\n\n<figure class=\"wp-block-image size-large\"><img data-recalc-dims=\"1\" loading=\"lazy\" decoding=\"async\" width=\"800\" height=\"450\" src=\"https:\/\/i0.wp.com\/cdnoticias.com\/wp-content\/uploads\/2023\/12\/villa-mailin-hombre-baleado1.jpg?resize=800%2C450&#038;ssl=1\" alt=\"\" class=\"wp-image-104004\" srcset=\"https:\/\/i0.wp.com\/cdnoticias.com\/wp-content\/uploads\/2023\/12\/villa-mailin-hombre-baleado1-scaled.jpg?resize=1024%2C576&amp;ssl=1 1024w, https:\/\/i0.wp.com\/cdnoticias.com\/wp-content\/uploads\/2023\/12\/villa-mailin-hombre-baleado1-scaled.jpg?resize=300%2C169&amp;ssl=1 300w, https:\/\/i0.wp.com\/cdnoticias.com\/wp-content\/uploads\/2023\/12\/villa-mailin-hombre-baleado1-scaled.jpg?resize=768%2C432&amp;ssl=1 768w, https:\/\/i0.wp.com\/cdnoticias.com\/wp-content\/uploads\/2023\/12\/villa-mailin-hombre-baleado1-scaled.jpg?resize=1536%2C864&amp;ssl=1 1536w, https:\/\/i0.wp.com\/cdnoticias.com\/wp-content\/uploads\/2023\/12\/villa-mailin-hombre-baleado1-scaled.jpg?resize=2048%2C1152&amp;ssl=1 2048w, https:\/\/i0.wp.com\/cdnoticias.com\/wp-content\/uploads\/2023\/12\/villa-mailin-hombre-baleado1-scaled.jpg?w=1600&amp;ssl=1 1600w, https:\/\/i0.wp.com\/cdnoticias.com\/wp-content\/uploads\/2023\/12\/villa-mailin-hombre-baleado1-scaled.jpg?w=2400&amp;ssl=1 2400w\" sizes=\"auto, (max-width: 800px) 100vw, 800px\" \/><\/figure>\n\n\n\n<p><strong>A\u00fan se investigan los motivos y los hechos que llevaron a que se produzcan los disparos. Lo concreto es que se pudo ver dos veh\u00edculos en plena calle con sus puertas abiertas y siendo peritados por personal policial.<\/strong><\/p>\n\n\n\n<p>Personal policial de distintas divisiones trabaja en el lugar para avanzar con las averiguaciones del caso. <strong>Interviene la Comisar\u00eda Segunda, con colaboraci\u00f3n de Comando de Patrullas y SubDDI Olavarr\u00eda.<\/strong><\/p>\n","protected":false},"excerpt":{"rendered":"<p>El violento episodio se dio cerca del mediod\u00eda en Santa Fe al 1600. El agresor fue arrestado. Un violento episodio<\/p>\n","protected":false},"author":2,"featured_media":104003,"comment_status":"closed","ping_status":"closed","sticky":false,"template":"","format":"standard","meta":{"_jetpack_memberships_contains_paid_content":false,"footnotes":""},"categories":[14,1],"tags":[],"class_list":["post-104002","post","type-post","status-publish","format-standard","has-post-thumbnail","hentry","category-policiales","category-portada"],"jetpack_featured_media_url":"https:\/\/i0.wp.com\/cdnoticias.com\/wp-content\/uploads\/2023\/12\/villa-mailin-hombre-baleado-scaled.jpg?fit=2560%2C1440&ssl=1","jetpack_sharing_enabled":true,"_links":{"self":[{"href":"https:\/\/cdnoticias.com\/index.php\/wp-json\/wp\/v2\/posts\/104002","targetHints":{"allow":["GET"]}}],"collection":[{"href":"https:\/\/cdnoticias.com\/index.php\/wp-json\/wp\/v2\/posts"}],"about":[{"href":"https:\/\/cdnoticias.com\/index.php\/wp-json\/wp\/v2\/types\/post"}],"author":[{"embeddable":true,"href":"https:\/\/cdnoticias.com\/index.php\/wp-json\/wp\/v2\/users\/2"}],"replies":[{"embeddable":true,"href":"https:\/\/cdnoticias.com\/index.php\/wp-json\/wp\/v2\/comments?post=104002"}],"version-history":[{"count":0,"href":"https:\/\/cdnoticias.com\/index.php\/wp-json\/wp\/v2\/posts\/104002\/revisions"}],"wp:featuredmedia":[{"embeddable":true,"href":"https:\/\/cdnoticias.com\/index.php\/wp-json\/wp\/v2\/media\/104003"}],"wp:attachment":[{"href":"https:\/\/cdnoticias.com\/index.php\/wp-json\/wp\/v2\/media?parent=104002"}],"wp:term":[{"taxonomy":"category","embeddable":true,"href":"https:\/\/cdnoticias.com\/index.php\/wp-json\/wp\/v2\/categories?post=104002"},{"taxonomy":"post_tag","embeddable":true,"href":"https:\/\/cdnoticias.com\/index.php\/wp-json\/wp\/v2\/tags?post=104002"}],"curies":[{"name":"wp","href":"https:\/\/api.w.org\/{rel}","templated":true}]}}