{"id":103997,"date":"2023-12-11T12:45:05","date_gmt":"2023-12-11T15:45:05","guid":{"rendered":"https:\/\/cdnoticias.com\/?p=103997"},"modified":"2023-12-11T12:45:07","modified_gmt":"2023-12-11T15:45:07","slug":"federico-aguilera-renuncio-como-subsecretario-de-mineria-de-la-provincia","status":"publish","type":"post","link":"https:\/\/cdnoticias.com\/index.php\/2023\/12\/11\/federico-aguilera-renuncio-como-subsecretario-de-mineria-de-la-provincia\/","title":{"rendered":"Federico Aguilera renunci\u00f3 como subsecretario de Miner\u00eda de la Provincia"},"content":{"rendered":"\n<p>Asumir\u00e1 como concejal para \u201cacompa\u00f1ar la gesti\u00f3n del intendente Maximiliano Wesner\u201d. Se manifest\u00f3 con \u201corgullo\u201d al acompa\u00f1ar la gesti\u00f3n de Axel Kicillof y Augusto Costa en el Ministerio de Producci\u00f3n.<\/p>\n\n\n\n<hr class=\"wp-block-separator aligncenter has-alpha-channel-opacity\"\/>\n\n\n\n<p>Este lunes, y en medio de asunciones y cambios en los diferentes organismos de gobierno, <strong>Federico Aguilera confirm\u00f3 que renunci\u00f3 al cargo de subsecretario de Miner\u00eda de la Provincia para asumir en el Concejo Deliberante.<\/strong><\/p>\n\n\n\n<figure class=\"wp-block-image size-large\"><img data-recalc-dims=\"1\" loading=\"lazy\" decoding=\"async\" width=\"800\" height=\"480\" src=\"https:\/\/i0.wp.com\/cdnoticias.com\/wp-content\/uploads\/2022\/05\/costa-aguilera.jpg?resize=800%2C480&#038;ssl=1\" alt=\"\" class=\"wp-image-53587\" srcset=\"https:\/\/i0.wp.com\/cdnoticias.com\/wp-content\/uploads\/2022\/05\/costa-aguilera-scaled.jpg?resize=1024%2C614&amp;ssl=1 1024w, https:\/\/i0.wp.com\/cdnoticias.com\/wp-content\/uploads\/2022\/05\/costa-aguilera-scaled.jpg?resize=300%2C180&amp;ssl=1 300w, https:\/\/i0.wp.com\/cdnoticias.com\/wp-content\/uploads\/2022\/05\/costa-aguilera-scaled.jpg?resize=768%2C461&amp;ssl=1 768w, https:\/\/i0.wp.com\/cdnoticias.com\/wp-content\/uploads\/2022\/05\/costa-aguilera-scaled.jpg?resize=1536%2C921&amp;ssl=1 1536w, https:\/\/i0.wp.com\/cdnoticias.com\/wp-content\/uploads\/2022\/05\/costa-aguilera-scaled.jpg?resize=2048%2C1228&amp;ssl=1 2048w, https:\/\/i0.wp.com\/cdnoticias.com\/wp-content\/uploads\/2022\/05\/costa-aguilera-scaled.jpg?w=1600&amp;ssl=1 1600w, https:\/\/i0.wp.com\/cdnoticias.com\/wp-content\/uploads\/2022\/05\/costa-aguilera-scaled.jpg?w=2400&amp;ssl=1 2400w\" sizes=\"auto, (max-width: 800px) 100vw, 800px\" \/><\/figure>\n\n\n\n<blockquote class=\"wp-block-quote is-layout-flow wp-block-quote-is-layout-flow\">\n<p>Se mostr\u00f3 \u201corgulloso\u201d al acompa\u00f1ar la gesti\u00f3n del gobernador Axel Kicillof y de quien depend\u00eda su \u00e1rea, Augusto Costa en el Ministerio de Producci\u00f3n.<\/p>\n<\/blockquote>\n\n\n\n<p><em><strong>\u201cAhora toca el momento de asumir un nuevo desaf\u00edo y responsabilidad que tambi\u00e9n afrontar\u00e9 con gran orgullo y responsabilidad, la de acompa\u00f1ar la gesti\u00f3n del intendente Maximiliano Wesner desde el Concejo Deliberante de Olavarr\u00eda\u201d<\/strong><\/em> dijo. Cabe recordar que ser\u00e1 uno de los 10 concejales que asumir\u00e1 este lunes a las 19:00 horas.<\/p>\n\n\n\n<p><em>\u201cSolo tengo palabras de agradecimiento a cada persona que me acompa\u00f1\u00f3 y confi\u00f3 en m\u00ed en estos cuatro a\u00f1os de gesti\u00f3n en los cuales hemos podido poner en valor la miner\u00eda bonaerense y acompa\u00f1ar su desarrollo y crecimiento\u201d <\/em>dijo.<\/p>\n","protected":false},"excerpt":{"rendered":"<p>Asumir\u00e1 como concejal para \u201cacompa\u00f1ar la gesti\u00f3n del intendente Maximiliano Wesner\u201d. Se manifest\u00f3 con \u201corgullo\u201d al acompa\u00f1ar la gesti\u00f3n de<\/p>\n","protected":false},"author":2,"featured_media":74776,"comment_status":"closed","ping_status":"closed","sticky":false,"template":"","format":"standard","meta":{"_jetpack_memberships_contains_paid_content":false,"footnotes":""},"categories":[4,1],"tags":[],"class_list":["post-103997","post","type-post","status-publish","format-standard","has-post-thumbnail","hentry","category-politica","category-portada"],"jetpack_featured_media_url":"https:\/\/i0.wp.com\/cdnoticias.com\/wp-content\/uploads\/2023\/01\/federico-aguilera.jpg?fit=800%2C445&ssl=1","jetpack_sharing_enabled":true,"_links":{"self":[{"href":"https:\/\/cdnoticias.com\/index.php\/wp-json\/wp\/v2\/posts\/103997","targetHints":{"allow":["GET"]}}],"collection":[{"href":"https:\/\/cdnoticias.com\/index.php\/wp-json\/wp\/v2\/posts"}],"about":[{"href":"https:\/\/cdnoticias.com\/index.php\/wp-json\/wp\/v2\/types\/post"}],"author":[{"embeddable":true,"href":"https:\/\/cdnoticias.com\/index.php\/wp-json\/wp\/v2\/users\/2"}],"replies":[{"embeddable":true,"href":"https:\/\/cdnoticias.com\/index.php\/wp-json\/wp\/v2\/comments?post=103997"}],"version-history":[{"count":0,"href":"https:\/\/cdnoticias.com\/index.php\/wp-json\/wp\/v2\/posts\/103997\/revisions"}],"wp:featuredmedia":[{"embeddable":true,"href":"https:\/\/cdnoticias.com\/index.php\/wp-json\/wp\/v2\/media\/74776"}],"wp:attachment":[{"href":"https:\/\/cdnoticias.com\/index.php\/wp-json\/wp\/v2\/media?parent=103997"}],"wp:term":[{"taxonomy":"category","embeddable":true,"href":"https:\/\/cdnoticias.com\/index.php\/wp-json\/wp\/v2\/categories?post=103997"},{"taxonomy":"post_tag","embeddable":true,"href":"https:\/\/cdnoticias.com\/index.php\/wp-json\/wp\/v2\/tags?post=103997"}],"curies":[{"name":"wp","href":"https:\/\/api.w.org\/{rel}","templated":true}]}}