{"id":103964,"date":"2023-12-11T09:09:40","date_gmt":"2023-12-11T12:09:40","guid":{"rendered":"https:\/\/cdnoticias.com\/?p=103964"},"modified":"2023-12-11T09:09:41","modified_gmt":"2023-12-11T12:09:41","slug":"milei-oficializo-el-recorte-en-la-estructura-de-estado-con-nueve-ministerios","status":"publish","type":"post","link":"https:\/\/cdnoticias.com\/index.php\/2023\/12\/11\/milei-oficializo-el-recorte-en-la-estructura-de-estado-con-nueve-ministerios\/","title":{"rendered":"Milei oficializ\u00f3 el recorte en la estructura de Estado con nueve ministerios"},"content":{"rendered":"\n<p>Fue por DNU. Juraron en la tarde del domingo, sin acceso a los medios bajo el motivo de la realizaci\u00f3n de \u201cuna ceremonia privada\u201d.<\/p>\n\n\n\n<hr class=\"wp-block-separator aligncenter has-alpha-channel-opacity\"\/>\n\n\n\n<p><strong>El presidente Javier Milei firm\u00f3 su primer Decreto de Necesidad y Urgencia (DNU)<\/strong> este domingo, a pocas horas de haber jurado ante la Asamblea Legislativa. <strong>Como primera medida, el l\u00edder de La Libertad Avanza reducir\u00e1 los ministerios a 9, que incluir\u00e1n Interior, Relaciones Exteriores, Comercio Internacional y Culto, Defensa, Econom\u00eda, Infraestructura, Justicia, Seguridad, Salud y Capital Humano.<\/strong><\/p>\n\n\n\n<p>El decreto, en concreto, reduce de 19 a 9 los ministerios. Asimismo, se atribuyen las funciones y competencias que tendr\u00e1n cada uno.<\/p>\n\n\n\n<p><strong>El Gobierno de Milei tendr\u00e1 dos megaministerios: el de Capital Humano, a cargo Sandra Petovello, que asumir\u00e1 m\u00faltiples funciones, y el de Infraestructura, que comandar\u00e1 Guillermo Ferraro. El resto de las carteras ser\u00e1n Econom\u00eda (Luis Caputo), Relaciones Exteriores, Comercio Internacional y Culto (Diana Mondino), Interior (Guillermo Francos), Defensa (Luis Petri), Seguridad (Patricia Bullrich), Justicia (Mariano C\u00faneo Libarona), Salud (Mario Russo).<\/strong><\/p>\n\n\n\n<p>En tanto, otro rol clave es el de <strong>jefe de Gabinete, cargo que ocupar\u00e1 Nicol\u00e1s Posse.<\/strong> Santiago Bausili ser\u00e1 el presidente del Banco Central de la Rep\u00fablica Argentina (BCRA); y Osvaldo Giordano, actual ministro de Finanzas de C\u00f3rdoba, estar\u00e1 al frente de la Administraci\u00f3n Nacional de la Seguridad Social (Anses).<\/p>\n\n\n\n<p>El domingo por la tarde <strong>los ministros juraron ante el Presidente y asumieron oficialmente en su cargo, pero vale decir que se impuso una ceremonia \u201cprivada\u201d seg\u00fan explicaron oficialmente. <\/strong>M\u00e1s all\u00e1, claro est\u00e1, de que se trata de un acto p\u00fablico de importante magnitud.<\/p>\n\n\n\n<p>Adem\u00e1s, en los detalles del DNU se detallan \u201c<em>las tareas necesarias para posibilitar la actividad del Presidente de la Naci\u00f3n ser\u00e1n atendidas por las siguientes Secretar\u00edas Presidenciales: General, Legal y T\u00e9cnica, De Comunicaci\u00f3n y Prensa\u201d.<\/em><\/p>\n\n\n\n<p>El s\u00e1bado, el presidente electo se reuni\u00f3 en el Hotel Libertador con Bullrich y Petri en un encuentro en el que tambi\u00e9n estuvieron el designado jefe de Gabinete, Nicol\u00e1s Posse, Caputo, Mondino, Ferraro, y la hermana del libertario, Karina Milei.<\/p>\n\n\n\n<p>All\u00ed<em> \u201cse discutieron los principales desaf\u00edos que deber\u00e1 enfrentar cada ministerio, as\u00ed como las reformas que deber\u00e1n llevar adelante y las primeras decisiones a tomar una vez iniciada la gesti\u00f3n\u201d,<\/em> se indic\u00f3 oficialmente.<\/p>\n","protected":false},"excerpt":{"rendered":"<p>Fue por DNU. Juraron en la tarde del domingo, sin acceso a los medios bajo el motivo de la realizaci\u00f3n<\/p>\n","protected":false},"author":2,"featured_media":103965,"comment_status":"closed","ping_status":"closed","sticky":false,"template":"","format":"standard","meta":{"_jetpack_memberships_contains_paid_content":false,"footnotes":""},"categories":[6,1],"tags":[],"class_list":["post-103964","post","type-post","status-publish","format-standard","has-post-thumbnail","hentry","category-nacionales","category-portada"],"jetpack_featured_media_url":"https:\/\/i0.wp.com\/cdnoticias.com\/wp-content\/uploads\/2023\/12\/milei-gabinete.jpg?fit=1600%2C900&ssl=1","jetpack_sharing_enabled":true,"_links":{"self":[{"href":"https:\/\/cdnoticias.com\/index.php\/wp-json\/wp\/v2\/posts\/103964","targetHints":{"allow":["GET"]}}],"collection":[{"href":"https:\/\/cdnoticias.com\/index.php\/wp-json\/wp\/v2\/posts"}],"about":[{"href":"https:\/\/cdnoticias.com\/index.php\/wp-json\/wp\/v2\/types\/post"}],"author":[{"embeddable":true,"href":"https:\/\/cdnoticias.com\/index.php\/wp-json\/wp\/v2\/users\/2"}],"replies":[{"embeddable":true,"href":"https:\/\/cdnoticias.com\/index.php\/wp-json\/wp\/v2\/comments?post=103964"}],"version-history":[{"count":0,"href":"https:\/\/cdnoticias.com\/index.php\/wp-json\/wp\/v2\/posts\/103964\/revisions"}],"wp:featuredmedia":[{"embeddable":true,"href":"https:\/\/cdnoticias.com\/index.php\/wp-json\/wp\/v2\/media\/103965"}],"wp:attachment":[{"href":"https:\/\/cdnoticias.com\/index.php\/wp-json\/wp\/v2\/media?parent=103964"}],"wp:term":[{"taxonomy":"category","embeddable":true,"href":"https:\/\/cdnoticias.com\/index.php\/wp-json\/wp\/v2\/categories?post=103964"},{"taxonomy":"post_tag","embeddable":true,"href":"https:\/\/cdnoticias.com\/index.php\/wp-json\/wp\/v2\/tags?post=103964"}],"curies":[{"name":"wp","href":"https:\/\/api.w.org\/{rel}","templated":true}]}}