{"id":103950,"date":"2023-12-10T19:44:16","date_gmt":"2023-12-10T22:44:16","guid":{"rendered":"https:\/\/cdnoticias.com\/?p=103950"},"modified":"2023-12-11T08:51:28","modified_gmt":"2023-12-11T11:51:28","slug":"siniestralidad-vial-los-numeros-del-2022","status":"publish","type":"post","link":"https:\/\/cdnoticias.com\/index.php\/2023\/12\/10\/siniestralidad-vial-los-numeros-del-2022\/","title":{"rendered":"Siniestralidad vial: los n\u00fameros del 2022"},"content":{"rendered":"\n<hr class=\"wp-block-separator aligncenter has-alpha-channel-opacity\"\/>\n\n\n\n<p><em>Por Marcos Pascua | Especial para Central de Noticias<\/em><\/p>\n\n\n\n<p>Antes de arrancar, tenemos un aviso para vos. Estas columnas se vienen publicando en este portal desde hace tres a\u00f1os y por eso hemos decidimos preparar un libro que las contenga a todas, bueno, a casi todas.<\/p>\n\n\n\n<p>Ese libro se llama <strong>\u201cDesaf\u00edos Contempor\u00e1neos\u201d<\/strong> y est\u00e1 dividido en tres cap\u00edtulos: <strong>Seguridad Vial, Movilidad y Urbanismo<\/strong>. El pr\u00f3ximo <strong>lunes 11 de diciembre a las 19:00 horas en el Centro Cultural Universitario (San Mart\u00edn 1955),<\/strong> ese libro ser\u00e1 presentado en sociedad y por supuesto que est\u00e1s invitado o invitada a participar de dicho evento. As\u00ed que, si te interesa el tema, si ven\u00eds siguiendo las columnas publicadas, te esperamos.<\/p>\n\n\n\n<p>Ahora s\u00ed, a lo que nos convoca hoy.<\/p>\n\n\n\n<p>En el mes de noviembre fue publicado <strong>el informe de Siniestralidad Vial del a\u00f1o 2022,<\/strong> all\u00ed encontramos unos datos interesantes para analizar.<\/p>\n\n\n\n<p>\u00bfEmpezamos?<\/p>\n\n\n\n<p>Las estad\u00edsticas son importantes, permiten tomar decisiones en forma objetiva, nos permiten entender <strong>qu\u00e9<\/strong> pasa en la ciudad, <strong>c\u00f3mo<\/strong> se circula, <strong>d\u00f3nde<\/strong> se producen los siniestros y de esta manera nos van indicando como actuar o al menos esa es la idea. Para ordenarnos vamos a hablar de:<\/p>\n\n\n\n<ul class=\"wp-block-list\">\n<li>La presentaci\u00f3n del informe;<\/li>\n\n\n\n<li>V\u00edctimas fatales en la planta urbana;<\/li>\n\n\n\n<li>Cantidad de siniestros viales;<\/li>\n\n\n\n<li>Cantidad de heridos;<\/li>\n\n\n\n<li>Nuevos datos;<\/li>\n\n\n\n<li>Llamados de atenci\u00f3n;<\/li>\n\n\n\n<li>Algunas intersecciones peligrosas;<\/li>\n\n\n\n<li>Comparaciones.<\/li>\n<\/ul>\n\n\n\n<p><\/p>\n\n\n\n<h2 class=\"wp-block-heading\">La novedad<\/h2>\n\n\n\n<p>Al informe en formato PDF que viene presentando Control Urbano desde 2021, ahora <strong>se le sum\u00f3 una herramienta m\u00e1s que interesante que es la geolocalizaci\u00f3n de los siniestros viales<\/strong>, con diferentes datos que vamos a detallar m\u00e1s adelante. <a href=\"https:\/\/mapas.olavarria.gov.ar\/plano.html?parameter1=3&amp;parameter2=CONTROL%20URBANO%20Y%20DEFENSA%20CIVIL&amp;parameter3=&amp;\">Ac\u00e1<\/a> pod\u00e9s acceder a dicha herramienta donde adem\u00e1s vas a ver la ubicaci\u00f3n de los sem\u00e1foros, los reductores, zonas de estacionamiento medido, entre otros datos.<\/p>\n\n\n\n<h2 class=\"wp-block-heading\">V\u00edctimas fatales: aumento en la planta urbana<\/h2>\n\n\n\n<p>En cuanto a uno de los datos m\u00e1s significativos, el de las v\u00edctimas fatales, se puede decir que durante el a\u00f1o 2022 hubo un aumento de las mismas en la planta urbana. Si continuamos con la l\u00ednea hist\u00f3rica, en <strong>2019<\/strong> fallecieron <strong>ocho personas<\/strong>, en <strong>2020 siete<\/strong> y en <strong>2021 dos<\/strong>. En <strong>2022<\/strong> la cantidad de v\u00edctimas fatales fue de <strong>seis<\/strong> de las <strong>nueve personas que fallecieron en total por siniestros viales<\/strong>.&nbsp;<\/p>\n\n\n\n<figure class=\"wp-block-image size-large\"><img data-recalc-dims=\"1\" loading=\"lazy\" decoding=\"async\" width=\"800\" height=\"484\" src=\"https:\/\/i0.wp.com\/cdnoticias.com\/wp-content\/uploads\/2023\/12\/IMAGEN-1.png?resize=800%2C484&#038;ssl=1\" alt=\"\" class=\"wp-image-103952\" srcset=\"https:\/\/i0.wp.com\/cdnoticias.com\/wp-content\/uploads\/2023\/12\/IMAGEN-1.png?resize=1024%2C619&amp;ssl=1 1024w, https:\/\/i0.wp.com\/cdnoticias.com\/wp-content\/uploads\/2023\/12\/IMAGEN-1.png?resize=300%2C181&amp;ssl=1 300w, https:\/\/i0.wp.com\/cdnoticias.com\/wp-content\/uploads\/2023\/12\/IMAGEN-1.png?resize=768%2C464&amp;ssl=1 768w, https:\/\/i0.wp.com\/cdnoticias.com\/wp-content\/uploads\/2023\/12\/IMAGEN-1.png?resize=1536%2C928&amp;ssl=1 1536w, https:\/\/i0.wp.com\/cdnoticias.com\/wp-content\/uploads\/2023\/12\/IMAGEN-1.png?w=1652&amp;ssl=1 1652w, https:\/\/i0.wp.com\/cdnoticias.com\/wp-content\/uploads\/2023\/12\/IMAGEN-1.png?w=1600&amp;ssl=1 1600w\" sizes=\"auto, (max-width: 800px) 100vw, 800px\" \/><\/figure>\n\n\n\n<p><\/p>\n\n\n\n<h2 class=\"wp-block-heading\">Cantidad de siniestros viales<\/h2>\n\n\n\n<p>En cuanto a la cantidad de siniestros viales ocurridos durante 2022, hay un leve descenso en la cantidad de eventos ocurridos. Mientras que en <strong>2021<\/strong> se registraron <strong>996 siniestros viales<\/strong>, en <strong>2022<\/strong> se registraron <strong>967<\/strong>.<\/p>\n\n\n\n<p>A diferencia del a\u00f1o anterior, esta vez el pico estuvo en el mes de <strong>marzo<\/strong> y no en el mes de <strong>agosto <\/strong>como s\u00ed sucedi\u00f3 en el a\u00f1o 2021. Este dato se puede explicar con el aumento exponencial de la circulaci\u00f3n vehicular debido al inicio de las actividades luego del receso de verano. Aun en el primer semestre del 2021, todav\u00eda exist\u00edan algunas restricciones a la circulaci\u00f3n debido a la pandemia.<\/p>\n\n\n\n<p>Para el 2022, los meses con m\u00e1s siniestros viales fueron:<\/p>\n\n\n\n<ul class=\"wp-block-list\">\n<li><strong>Marzo: 107 eventos<\/strong>;<\/li>\n\n\n\n<li>Agosto: 90 eventos;<\/li>\n\n\n\n<li>Noviembre: 89 eventos.<\/li>\n<\/ul>\n\n\n\n<p><\/p>\n\n\n\n<h2 class=\"wp-block-heading\">Cantidad de heridos<\/h2>\n\n\n\n<p>De los <strong>967<\/strong> eventos registrados en <strong>2022<\/strong>, en el <strong>50,9% resultaron personas heridas<\/strong>. Esto es un leve aumento porcentual respecto al a\u00f1o anterior (49,9% en 2021), pero una leve disminuci\u00f3n en t\u00e9rminos absolutos. Sin embargo, sigue la l\u00ednea de que <strong>en la mitad de los siniestros viales ocurridos en Olavarr\u00eda resultan personas heridas<\/strong>. En este caso, <strong>492 personas resultaron heridas, mientras que, en 2021<\/strong>, ese n\u00famero fue de<strong> 497<\/strong>.<\/p>\n\n\n\n<p>Pr\u00e1cticamente, estamos igual que el a\u00f1o pasado.<\/p>\n\n\n\n<p>Ahora, si analizamos como se compone ese n\u00famero, de <strong>492 personas heridas<\/strong>, encontramos lo siguiente:<\/p>\n\n\n\n<ol class=\"wp-block-list\" style=\"list-style-type:upper-alpha\">\n<li><strong>Autom\u00f3viles:<\/strong> aumentaron la cantidad de personas heridas.<\/li>\n<\/ol>\n\n\n\n<p>Mientras en <strong>2021<\/strong> ese n\u00famero fue de <strong>232<\/strong>, en <strong>2022<\/strong> el n\u00famero aument\u00f3 a <strong>249 personas<\/strong>.<\/p>\n\n\n\n<ul class=\"wp-block-list\">\n<li>Motocicletas: disminuyeron la cantidad de personas heridas.<\/li>\n<\/ul>\n\n\n\n<p>Mientras en <strong>2021<\/strong> ese n\u00famero fue de <strong>172<\/strong>, en <strong>2022<\/strong> el n\u00famero disminuy\u00f3 a <strong>151 personas<\/strong>.<\/p>\n\n\n\n<p><strong>En la mitad de los siniestros viales con personas heridas apareci\u00f3 involucrado al menos un autom\u00f3vil.<\/strong><\/p>\n\n\n\n<p>En cuanto a la participaci\u00f3n, los <strong>autom\u00f3viles<\/strong> participaron de un total del <strong>63% de los siniestros viales<\/strong>, mientras que las <strong>motocicletas<\/strong> lo hicieron en un total de <strong>23%<\/strong>. Entre los dos veh\u00edculos, resultaron en una participaci\u00f3n del <strong>86% del total de los siniestros<\/strong>.<\/p>\n\n\n\n<h2 class=\"wp-block-heading\">Los datos que ya no faltan<\/h2>\n\n\n\n<p>En el informe del a\u00f1o pasado se\u00f1al\u00e1bamos la ausencia de algunos datos de relevancia, como, por ejemplo, el <strong>tipo de colisi\u00f3n<\/strong> y <strong>qu\u00e9 veh\u00edculos <\/strong>se vieron involucrados. Si bien esos datos no aparecen estrictamente en el informe en formato PDF, s\u00ed aparecen en la web de <a href=\"https:\/\/mapas.olavarria.gov.ar\/plano.html?parameter1=3&amp;parameter2=CONTROL%20URBANO%20Y%20DEFENSA%20CIVIL&amp;parameter3=&amp;\">Mapas Olavarr\u00eda<\/a>.<\/p>\n\n\n\n<p>Como se puede ver en la imagen, por cada uno de los puntos marcados en el mapa podemos ver los datos de algunos de los siniestros:<\/p>\n\n\n\n<ul class=\"wp-block-list\">\n<li>Fecha;<\/li>\n\n\n\n<li>Hora;<\/li>\n\n\n\n<li>Veh\u00edculos involucrados;<\/li>\n\n\n\n<li>Tipo de siniestro;<\/li>\n\n\n\n<li>Datos de las personas involucradas;<\/li>\n\n\n\n<li>Heridos.<\/li>\n<\/ul>\n\n\n\n<figure class=\"wp-block-image size-large\"><img data-recalc-dims=\"1\" loading=\"lazy\" decoding=\"async\" width=\"800\" height=\"352\" src=\"https:\/\/i0.wp.com\/cdnoticias.com\/wp-content\/uploads\/2023\/12\/IMAGEN-2.png?resize=800%2C352&#038;ssl=1\" alt=\"\" class=\"wp-image-103953\" srcset=\"https:\/\/i0.wp.com\/cdnoticias.com\/wp-content\/uploads\/2023\/12\/IMAGEN-2.png?resize=1024%2C450&amp;ssl=1 1024w, https:\/\/i0.wp.com\/cdnoticias.com\/wp-content\/uploads\/2023\/12\/IMAGEN-2.png?resize=300%2C132&amp;ssl=1 300w, https:\/\/i0.wp.com\/cdnoticias.com\/wp-content\/uploads\/2023\/12\/IMAGEN-2.png?resize=768%2C338&amp;ssl=1 768w, https:\/\/i0.wp.com\/cdnoticias.com\/wp-content\/uploads\/2023\/12\/IMAGEN-2.png?resize=1536%2C675&amp;ssl=1 1536w, https:\/\/i0.wp.com\/cdnoticias.com\/wp-content\/uploads\/2023\/12\/IMAGEN-2.png?w=1915&amp;ssl=1 1915w, https:\/\/i0.wp.com\/cdnoticias.com\/wp-content\/uploads\/2023\/12\/IMAGEN-2.png?w=1600&amp;ssl=1 1600w\" sizes=\"auto, (max-width: 800px) 100vw, 800px\" \/><\/figure>\n\n\n\n<h2 class=\"wp-block-heading\">Los llamados de atenci\u00f3n<\/h2>\n\n\n\n<h3 class=\"wp-block-heading\">Las avenidas<\/h3>\n\n\n\n<p>En el a\u00f1o <strong>2021<\/strong>, el <strong>43% de los siniestros viales <\/strong>(428)<strong> se produjeron en intersecciones de avenidas con calles o avenidas con avenidas<\/strong>. Mientras que, en <strong>2022<\/strong>, ese porcentaje aument\u00f3 a <strong>48,2%<\/strong>, lo que represent\u00f3 un total de <strong>466 siniestros<\/strong>.<\/p>\n\n\n\n<p>Las avenidas con mayor cantidad de siniestros viales fueron:<\/p>\n\n\n\n<ul class=\"wp-block-list\">\n<li><strong>Avenida Col\u00f3n: 164 siniestros viales<\/strong>;<\/li>\n\n\n\n<li>Avenida Del Valle: 154 siniestros viales;<\/li>\n\n\n\n<li>Avenida Urquiza: 116 siniestros viales.<\/li>\n<\/ul>\n\n\n\n<p>Comparando el informe del a\u00f1o 2021 con el de 2022, en este \u00faltimo se ve una distribuci\u00f3n casi lineal de los siniestros viales, principalmente <strong>sobre las avenidas Col\u00f3n y Pringles<\/strong>.&nbsp; Esto se puede observar con mayor detalle analizando los mapas de calor presentados en los diferentes informes.<\/p>\n\n\n\n<p>Por ejemplo, en el caso de la <strong>avenida Col\u00f3n<\/strong>, desde la intersecci\u00f3n con la calle <strong>25 de Mayo<\/strong> hasta la calle <strong>Piedras<\/strong>, presenta al menos <strong>un siniestro vial por cuadra<\/strong>, llegando a picos de 5 en algunos casos.<\/p>\n\n\n\n<p>En la avenida <strong>Pringles <\/strong>sucede lo mismo desde su intersecci\u00f3n con la calle <strong>Sargento Cabral<\/strong> hasta la intersecci\u00f3n con la avenida <strong>Del Valle<\/strong>, <strong>donde en la rotonda presenta un pico de 7 siniestros<\/strong>. La particularidad de la rotonda es que adem\u00e1s cuenta con mesetas o lomos de burro para disminuir la velocidad de circulaci\u00f3n.<\/p>\n\n\n\n<p><\/p>\n\n\n\n<h3 class=\"wp-block-heading\">Microcentro<\/h3>\n\n\n\n<p>Al ser una de las zonas m\u00e1s transitadas de la ciudad, es una de las zonas con alta probabilidad de ocurrencia de siniestros viales.<\/p>\n\n\n\n<p>En este caso, los siniestros viales ocurridos en la zona representaron <strong>un 25% de la totalidad de los siniestros viales en la ciudad <\/strong>(241), contemplando la zona delimitada por las calles Lavalle, \u00c1lvaro Barros, V\u00e9lez Sarsfield y 9 de Julio inclusive. El caso de las avenidas fue analizado anteriormente.<\/p>\n\n\n\n<p>Las calles que presentaron mayor cantidad de siniestros viales fueron las siguientes:<\/p>\n\n\n\n<ul class=\"wp-block-list\">\n<li><strong>Necochea: 26<\/strong>;<\/li>\n\n\n\n<li>Bol\u00edvar: 22;<\/li>\n\n\n\n<li>Moreno: 18;<\/li>\n\n\n\n<li>Coronel Su\u00e1rez: 16;<\/li>\n\n\n\n<li>Dorrego, Vte. L\u00f3pez y Espa\u00f1a: 15.<\/li>\n<\/ul>\n\n\n\n<p>Las intersecciones con mayor cantidad de siniestros fueron:<\/p>\n\n\n\n<ul class=\"wp-block-list\">\n<li><strong>9 de Julio y Bol\u00edvar: 5<\/strong>;<\/li>\n\n\n\n<li>Lavalle y Bol\u00edvar: 4;<\/li>\n\n\n\n<li>Lamadrid y Dorrego: 4;<\/li>\n\n\n\n<li>Necochea y Moreno: 4 (en dicha intersecci\u00f3n se produjo un siniestro que dej\u00f3 una v\u00edctima fatal).<\/li>\n<\/ul>\n\n\n\n<p>Si comparamos con el a\u00f1o 2021, la distribuci\u00f3n fue distinta, repasemos que pas\u00f3 ese a\u00f1o:<\/p>\n\n\n\n<ul class=\"wp-block-list\">\n<li><strong>Lamadrid: 21<\/strong>;<\/li>\n\n\n\n<li>Moreno: 17;<\/li>\n\n\n\n<li>Bol\u00edvar: 12;<\/li>\n\n\n\n<li>Vte. L\u00f3pez, Rivadavia y V\u00e9lez Sarsfield: 11<\/li>\n<\/ul>\n\n\n\n<p>En cuanto a las intersecciones, donde m\u00e1s siniestros se produjeron en el 2021 fueron las siguientes:<\/p>\n\n\n\n<ul class=\"wp-block-list\">\n<li><strong>Necochea y Alsina: 10<\/strong>;<\/li>\n\n\n\n<li>Belgrano y Moreno: 10;<\/li>\n\n\n\n<li>Lamadrid y Bol\u00edvar: 9;<\/li>\n\n\n\n<li>Vicente L\u00f3pez y Coronel Su\u00e1rez: 9<\/li>\n<\/ul>\n\n\n\n<p>En el 2022, en la zona del microcentro, <strong>las calles Necochea y Bol\u00edvar concentraron la mayor cantidad de siniestros<\/strong>, siendo estas las principales arterias de entrada y salida hacia y desde la zona c\u00e9ntrica respectivamente. Observando el mapa de calor, se puede ver como los siniestros se concentran en \u201clos extremos\u201d de la zona c\u00e9ntrica, liberando un poco m\u00e1s la zona central.<\/p>\n\n\n\n<h3 class=\"wp-block-heading\">Las rotondas<\/h3>\n\n\n\n<p><strong>Otro punto donde prestar atenci\u00f3n son las rotondas<\/strong>, ya que presentan una cantidad de siniestros relevantes en comparaci\u00f3n con otras intersecciones.<\/p>\n\n\n\n<p>Pasamos a detallar:<\/p>\n\n\n\n<ul class=\"wp-block-list\">\n<li><strong>Avenida Del Valle y avenida Pellegrini: 7 siniestros;<\/strong><\/li>\n\n\n\n<li><strong>Avenida Del Valle y avenida Pringles: 7 siniestros;<\/strong><\/li>\n\n\n\n<li><strong>Avenida Col\u00f3n y avenida Urquiza: 7 siniestros.<\/strong><\/li>\n<\/ul>\n\n\n\n<h3 class=\"wp-block-heading\">Otras intersecciones:<\/h3>\n\n\n\n<p><strong>Avenida Urquiza y calle V\u00e9lez Sarsfield (7);<\/strong><\/p>\n\n\n\n<p><strong>Avenida Urquiza y calle Balcarce (6);<\/strong><\/p>\n\n\n\n<p><strong>Avenida de los Trabajadores y avenida Urquiza (6);<\/strong><\/p>\n\n\n\n<p><strong>Avenida de los Trabajadores y avenida Pringles (5);<\/strong><\/p>\n\n\n\n<p><strong>Avenida Col\u00f3n y avenida Pringles (5);<\/strong><\/p>\n\n\n\n<p><strong>Centro urbano:<\/strong> como se puede ver es el lugar de mayor afluencia y, por lo tanto, de mayor cantidad de siniestros viales.<\/p>\n\n\n\n<p><strong>Necochea, Bol\u00edvar, Moreno, Coronel Su\u00e1rez, Dorrego, Vte. L\u00f3pez y Espa\u00f1a<\/strong> concentraron <strong>el 52% de los siniestros viales<\/strong> ocurridos en la zona c\u00e9ntrica.<\/p>\n\n\n\n<h2 class=\"wp-block-heading\">\u00bfChocamos mucho o poco?<\/h2>\n\n\n\n<p>Si los n\u00fameros en general son fr\u00edos, estos<strong> indicadores<\/strong> los son a\u00fan m\u00e1s, pero nos permiten compararnos con otros municipios para evaluar <strong>la magnitud del problema en la ciudad<\/strong>.<\/p>\n\n\n\n<p>Claro que depender\u00e1 con quien nos comparemos, pero para tener una comparaci\u00f3n diversa, utilic\u00e9 los datos que pude encontrar de municipios como Olavarr\u00eda en cantidad de poblaci\u00f3n como <strong>Jun\u00edn<\/strong> o <strong>Tandil <\/strong>y otros municipios de mayor poblaci\u00f3n que nuestra ciudad como <strong>Bah\u00eda Blanca<\/strong>, <strong>General Pueyrred\u00f3n<\/strong> y <strong>La Plata<\/strong>, que implica mayor circulaci\u00f3n vehicular.<\/p>\n\n\n\n<p><em><a href=\"https:\/\/mapas.olavarria.gov.ar\/plano.html?parameter1=3&amp;parameter2=CONTROL%20URBANO%20Y%20DEFENSA%20CIVIL&amp;parameter3=&amp;\">Olavarr\u00eda<\/a><\/em><\/p>\n\n\n\n<p>Poblaci\u00f3n: 125.751 habitantes (Censo 2022)<\/p>\n\n\n\n<p><strong>Tasa de siniestralidad vial<\/strong> (cantidad de siniestros por cada 100.000 personas):<strong> 769<\/strong><\/p>\n\n\n\n<p><strong>Tasa de morbilidad<\/strong> (cantidad de heridos cada 100.000 habitantes): <strong>391<\/strong><\/p>\n\n\n\n<p><strong>Tasa de mortalidad<\/strong> (cantidad de v\u00edctimas fatales cada 100.000 habitantes): <strong>7,15<\/strong><\/p>\n\n\n\n<p><em><a href=\"https:\/\/www.0221.com.ar\/nota\/2022-12-14-16-57-0-la-plata-encabeza-el-ranking-de-distritos-con-mas-heridos-en-accidentes-de-transito\">La Plata<\/a><\/em><\/p>\n\n\n\n<p>Poblaci\u00f3n tomada a efectos del c\u00e1lculo: 768.470 habitantes (Censo 2022)<\/p>\n\n\n\n<p><strong>Tasa de morbilidad <\/strong>(1427 personas heridas al 18\/12\/22): <strong>185<\/strong><\/p>\n\n\n\n<p><strong>Tasa de mortalidad<\/strong> (62 v\u00edctimas fatales al 18\/12\/22): <strong>8,06<\/strong><\/p>\n\n\n\n<p><em><a href=\"https:\/\/www.mardelplata.gob.ar\/Noticias\/informeobservatorio\">General Pueyrred\u00f3n<\/a><\/em><\/p>\n\n\n\n<p>Datos obtenidos del Observatorio de Seguridad Vial de la Municipalidad de General Pueyrred\u00f3n<\/p>\n\n\n\n<p>Poblaci\u00f3n: 667.082 habitantes (Censo 2022)<\/p>\n\n\n\n<p><strong>Tasa de siniestralidad vial<\/strong> (1170 siniestros en 2022): <strong>175<\/strong><\/p>\n\n\n\n<p><strong>Tasa de morbilidad <\/strong>(1403 personas heridas en 2022): <strong>210<\/strong><\/p>\n\n\n\n<p><strong>Tasa de mortalidad <\/strong>(37 v\u00edctimas fatales en 2022): <strong>5,5<\/strong><\/p>\n\n\n\n<p><em><a href=\"https:\/\/gobiernoabierto.bahia.gob.ar\/mapas\/accidentesviales\/\">Bah\u00eda Blanca<\/a><\/em><\/p>\n\n\n\n<p>Poblaci\u00f3n: 336.574 habitantes (Censo 2022)<\/p>\n\n\n\n<p><strong>Tasa de siniestralidad vial<\/strong> (1991 siniestros en 2022): <strong>591<\/strong><\/p>\n\n\n\n<p><strong>Tasa de mortalidad<\/strong> (8 v\u00edctimas fatales en 2022): <strong>2,37<\/strong><\/p>\n\n\n\n<figure class=\"wp-block-image size-large\"><img data-recalc-dims=\"1\" loading=\"lazy\" decoding=\"async\" width=\"800\" height=\"480\" src=\"https:\/\/i0.wp.com\/cdnoticias.com\/wp-content\/uploads\/2023\/12\/IMAGEN-3.png?resize=800%2C480&#038;ssl=1\" alt=\"\" class=\"wp-image-103954\" srcset=\"https:\/\/i0.wp.com\/cdnoticias.com\/wp-content\/uploads\/2023\/12\/IMAGEN-3.png?resize=1024%2C615&amp;ssl=1 1024w, https:\/\/i0.wp.com\/cdnoticias.com\/wp-content\/uploads\/2023\/12\/IMAGEN-3.png?resize=300%2C180&amp;ssl=1 300w, https:\/\/i0.wp.com\/cdnoticias.com\/wp-content\/uploads\/2023\/12\/IMAGEN-3.png?resize=768%2C461&amp;ssl=1 768w, https:\/\/i0.wp.com\/cdnoticias.com\/wp-content\/uploads\/2023\/12\/IMAGEN-3.png?resize=1536%2C922&amp;ssl=1 1536w, https:\/\/i0.wp.com\/cdnoticias.com\/wp-content\/uploads\/2023\/12\/IMAGEN-3.png?w=1652&amp;ssl=1 1652w, https:\/\/i0.wp.com\/cdnoticias.com\/wp-content\/uploads\/2023\/12\/IMAGEN-3.png?w=1600&amp;ssl=1 1600w\" sizes=\"auto, (max-width: 800px) 100vw, 800px\" \/><\/figure>\n\n\n\n<p><em><a href=\"http:\/\/indicadores.tandil.gov.ar\/indicadoresmt\/web\/index.php\/index\/21\">Tandil<\/a><\/em><\/p>\n\n\n\n<p>Poblaci\u00f3n: 145.575 habitantes (Censo 2022)<\/p>\n\n\n\n<p><strong>Tasa de siniestralidad vial<\/strong> (638 siniestros en 2022): <strong>438<\/strong><\/p>\n\n\n\n<p><strong>Tasa de mortalidad<\/strong> (12 v\u00edctimas fatales en 2022): <strong>8,24<\/strong><\/p>\n\n\n\n<p><em><a href=\"https:\/\/www.junin.gob.ar\/programa\/observatorio-seguridad-vial\">Jun\u00edn<\/a><\/em><\/p>\n\n\n\n<p>Poblaci\u00f3n: 103.787 habitantes (Censo 2022)<\/p>\n\n\n\n<p><strong>Tasa de siniestralidad vial<\/strong> (1132 siniestros en 2022): <strong>1090<\/strong><\/p>\n\n\n\n<p><strong>Tasa de mortalidad<\/strong> (6 v\u00edctimas fatales en 2022): <strong>5,78<\/strong><\/p>\n\n\n\n<figure class=\"wp-block-image size-large\"><img data-recalc-dims=\"1\" loading=\"lazy\" decoding=\"async\" width=\"800\" height=\"480\" src=\"https:\/\/i0.wp.com\/cdnoticias.com\/wp-content\/uploads\/2023\/12\/IMAGEN-4.png?resize=800%2C480&#038;ssl=1\" alt=\"\" class=\"wp-image-103955\" srcset=\"https:\/\/i0.wp.com\/cdnoticias.com\/wp-content\/uploads\/2023\/12\/IMAGEN-4.png?resize=1024%2C615&amp;ssl=1 1024w, https:\/\/i0.wp.com\/cdnoticias.com\/wp-content\/uploads\/2023\/12\/IMAGEN-4.png?resize=300%2C180&amp;ssl=1 300w, https:\/\/i0.wp.com\/cdnoticias.com\/wp-content\/uploads\/2023\/12\/IMAGEN-4.png?resize=768%2C461&amp;ssl=1 768w, https:\/\/i0.wp.com\/cdnoticias.com\/wp-content\/uploads\/2023\/12\/IMAGEN-4.png?resize=1536%2C922&amp;ssl=1 1536w, https:\/\/i0.wp.com\/cdnoticias.com\/wp-content\/uploads\/2023\/12\/IMAGEN-4.png?w=1652&amp;ssl=1 1652w, https:\/\/i0.wp.com\/cdnoticias.com\/wp-content\/uploads\/2023\/12\/IMAGEN-4.png?w=1600&amp;ssl=1 1600w\" sizes=\"auto, (max-width: 800px) 100vw, 800px\" \/><\/figure>\n\n\n\n<h2 class=\"wp-block-heading\">Resumen<\/h2>\n\n\n\n<p>Para el resumen decid\u00ed tomar el resumen sobre el informe del a\u00f1o 2021 y contrastarlo con lo sucedido en 2022 para entender como cambi\u00f3 de un a\u00f1o a otro.<\/p>\n\n\n\n<ul class=\"wp-block-list\">\n<li>El dato a destacar es la <strong>reducci\u00f3n de las v\u00edctimas fatales en la planta urbana<\/strong>, aunque en las rutas que rodean al partido las v\u00edctimas fatales <strong>aumentaron<\/strong>.\n<ul class=\"wp-block-list\">\n<li>En 2022 la cantidad de v\u00edctimas fatales en la planta urbana <strong>aumentaron<\/strong>.<\/li>\n<\/ul>\n<\/li>\n\n\n\n<li>El 2021 lo podemos dividir en un <strong>primer semestre de baja siniestralidad<\/strong> como consecuencia de las restricciones a\u00fan presentes de la pandemia y un<strong> segundo semestre <\/strong>donde las restricciones comienzan a disminuir a la par que los <strong>siniestros viales aumentan, <\/strong>por eso dif\u00edcil confirmar si la reducci\u00f3n es real o responde a una cuesti\u00f3n estacional. Ser\u00e1 el <strong>informe del a\u00f1o 2022<\/strong> el que nos aclare el panorama.\n<ul class=\"wp-block-list\">\n<li>Visto el informe del a\u00f1o 2022, podemos decir que las restricciones a la circulaci\u00f3n del a\u00f1o 2021 influyeron en la cantidad de siniestros viales en el primer semestre de ese a\u00f1o. Si miramos la curva de 2022 (informe PDF) se puede observar como durante el primer semestre la cantidad de siniestros son mayores al mismo per\u00edodo de 2021. <strong>Para el segundo semestre de 2022 la pendiente se mantiene y se reduce en forma pronunciada hacia diciembre<\/strong>.<\/li>\n<\/ul>\n<\/li>\n\n\n\n<li>No se ve una reducci\u00f3n considerable en t\u00e9rminos absolutos de personas heridas con motocicletas involucradas, lo que se ve es un <strong>aumento considerable de las personas heridas que circulaban en autom\u00f3vil<\/strong> que de alguna manera aten\u00faa la participaci\u00f3n con personas heridas en motocicletas.\n<ul class=\"wp-block-list\">\n<li>En 2022 <strong>aumentaron los heridos en las personas que circularon en autom\u00f3vil<\/strong>, mientras que se <strong>redujeron en el caso de las personas usuarias de la motocicleta<\/strong>.<\/li>\n<\/ul>\n<\/li>\n\n\n\n<li>Hay datos como los que ya mencionamos que poco aportan y que de alguna manera \u201cllenan\u201d un informe o intentan suplir las faltantes de otros datos como las <strong>causas de los siniestros<\/strong>, el <strong>tipo de impacto<\/strong> y los <strong>veh\u00edculos involucrados<\/strong>.\n<ul class=\"wp-block-list\">\n<li>Para este a\u00f1o ya se puede ver en los mapas, <strong>el tipo de impacto y los veh\u00edculos involucrados<\/strong>.<\/li>\n<\/ul>\n<\/li>\n\n\n\n<li>Finalmente, como podemos ver en la comparaci\u00f3n con otros municipios con <strong>mayor poblaci\u00f3n <\/strong>en nuestra ciudad se produce una <strong>alta cantidad de siniestros viales <\/strong>en Olavarr\u00eda. En cuanto a la <strong>tasa de mortalidad<\/strong>, tambi\u00e9n la ciudad cuenta con una tasa alta respecto a otros municipios.<\/li>\n<\/ul>\n\n\n\n<p><\/p>\n\n\n\n<h2 class=\"wp-block-heading\">Conclusiones<\/h2>\n\n\n\n<p>Olavarr\u00eda cuenta con una alta tasa tanto de mortalidad vial como de siniestralidad, algo que queda evidenciado cuando hacemos las comparaciones con otros municipios que cuentan con mayor poblaci\u00f3n, como lo vimos en el caso de <strong>General Pueyrred\u00f3n <\/strong>o <strong>La Plata<\/strong>. En su siniestralidad tiene mucha incidencia la presencia de autom\u00f3viles, incluso mucho m\u00e1s que las motocicletas.<\/p>\n\n\n\n<p>Es dif\u00edcil saber los motivos de los siniestros ya que no contamos con la informaci\u00f3n de las causas, pero no podemos dejar de mencionar al <strong>exceso de velocidad<\/strong> como uno de los principales problemas que tiene nuestra ciudad y que es necesario comenzar a trabajar con medidas efectivas.<\/p>\n\n\n\n<p>En otros casos podemos hablar <strong>del uso del tel\u00e9fono celular, la falta de visibilidad y la presencia de alcohol en sangre<\/strong>, aunque no es posible precisar en qu\u00e9 cantidad influye cada uno de ellos.<\/p>\n\n\n\n<p>La gesti\u00f3n entrante tendr\u00e1 un gran desaf\u00edo por delante en materia de seguridad vial, para pensar en la planificaci\u00f3n del transporte en una ciudad con mucho potencial y con perspectivas de crecimiento.<\/p>\n\n\n\n<p>Nos vemos el lunes en la presentaci\u00f3n del libro.<\/p>\n\n\n\n<p>Buen fin de semana.<\/p>\n","protected":false},"excerpt":{"rendered":"<p>Por Marcos Pascua | Especial para Central de Noticias Antes de arrancar, tenemos un aviso para vos. Estas columnas se<\/p>\n","protected":false},"author":2,"featured_media":103951,"comment_status":"closed","ping_status":"closed","sticky":false,"template":"","format":"standard","meta":{"_jetpack_memberships_contains_paid_content":false,"footnotes":""},"categories":[5,1],"tags":[],"class_list":["post-103950","post","type-post","status-publish","format-standard","has-post-thumbnail","hentry","category-informacion-general","category-portada"],"jetpack_featured_media_url":"https:\/\/i0.wp.com\/cdnoticias.com\/wp-content\/uploads\/2023\/12\/PORTADA.png?fit=1907%2C842&ssl=1","jetpack_sharing_enabled":true,"_links":{"self":[{"href":"https:\/\/cdnoticias.com\/index.php\/wp-json\/wp\/v2\/posts\/103950","targetHints":{"allow":["GET"]}}],"collection":[{"href":"https:\/\/cdnoticias.com\/index.php\/wp-json\/wp\/v2\/posts"}],"about":[{"href":"https:\/\/cdnoticias.com\/index.php\/wp-json\/wp\/v2\/types\/post"}],"author":[{"embeddable":true,"href":"https:\/\/cdnoticias.com\/index.php\/wp-json\/wp\/v2\/users\/2"}],"replies":[{"embeddable":true,"href":"https:\/\/cdnoticias.com\/index.php\/wp-json\/wp\/v2\/comments?post=103950"}],"version-history":[{"count":0,"href":"https:\/\/cdnoticias.com\/index.php\/wp-json\/wp\/v2\/posts\/103950\/revisions"}],"wp:featuredmedia":[{"embeddable":true,"href":"https:\/\/cdnoticias.com\/index.php\/wp-json\/wp\/v2\/media\/103951"}],"wp:attachment":[{"href":"https:\/\/cdnoticias.com\/index.php\/wp-json\/wp\/v2\/media?parent=103950"}],"wp:term":[{"taxonomy":"category","embeddable":true,"href":"https:\/\/cdnoticias.com\/index.php\/wp-json\/wp\/v2\/categories?post=103950"},{"taxonomy":"post_tag","embeddable":true,"href":"https:\/\/cdnoticias.com\/index.php\/wp-json\/wp\/v2\/tags?post=103950"}],"curies":[{"name":"wp","href":"https:\/\/api.w.org\/{rel}","templated":true}]}}