{"id":103939,"date":"2023-12-10T19:08:41","date_gmt":"2023-12-10T22:08:41","guid":{"rendered":"https:\/\/cdnoticias.com\/?p=103939"},"modified":"2023-12-10T19:08:43","modified_gmt":"2023-12-10T22:08:43","slug":"la-hora-del-cambio","status":"publish","type":"post","link":"https:\/\/cdnoticias.com\/index.php\/2023\/12\/10\/la-hora-del-cambio\/","title":{"rendered":"La hora del cambio"},"content":{"rendered":"\n<p>Milei este domingo, Kicillof y el HCD el lunes, Wesner el martes. Las despedidas y las bienvenidas. El rol de Mercedes Land\u00edvar como jefa de Gabinete. Los nuevos funcionarios y el perfil del nuevo equipo municipal. <\/p>\n\n\n\n<hr class=\"wp-block-separator aligncenter has-alpha-channel-opacity\"\/>\n\n\n\n<p><em>Volver a las Fuentes, por Josefina Bargas y Alexis Grierson<\/em><\/p>\n\n\n\n<p class=\"has-medium-font-size\"><strong>La agenda de asunciones<\/strong><\/p>\n\n\n\n<figure class=\"wp-block-image size-large\"><img data-recalc-dims=\"1\" loading=\"lazy\" decoding=\"async\" width=\"800\" height=\"440\" src=\"https:\/\/i0.wp.com\/cdnoticias.com\/wp-content\/uploads\/2023\/12\/axel-asuncion.jpg?resize=800%2C440&#038;ssl=1\" alt=\"\" class=\"wp-image-103940\" srcset=\"https:\/\/i0.wp.com\/cdnoticias.com\/wp-content\/uploads\/2023\/12\/axel-asuncion.jpg?resize=1024%2C563&amp;ssl=1 1024w, https:\/\/i0.wp.com\/cdnoticias.com\/wp-content\/uploads\/2023\/12\/axel-asuncion.jpg?resize=300%2C165&amp;ssl=1 300w, https:\/\/i0.wp.com\/cdnoticias.com\/wp-content\/uploads\/2023\/12\/axel-asuncion.jpg?resize=768%2C422&amp;ssl=1 768w, https:\/\/i0.wp.com\/cdnoticias.com\/wp-content\/uploads\/2023\/12\/axel-asuncion.jpg?w=1494&amp;ssl=1 1494w\" sizes=\"auto, (max-width: 800px) 100vw, 800px\" \/><\/figure>\n\n\n\n<p>Tras la asunci\u00f3n de Javier Milei como Presidente de la Naci\u00f3n, pasamos a lo que suceder\u00e1 el lunes:<strong> a las 18 est\u00e1 convocada la Legislatura para la re-asunci\u00f3n de Axel Kicillof &#8211; Ver\u00f3nica Magario. Repite el esquema: habr\u00e1 un discurso ante los legisladores y otro ante la militancia fuera del recinto.<\/strong><\/p>\n\n\n\n<p>Seguimos en lunes, en Olavarr\u00eda. <strong>A las 19 horas asumir\u00e1n los concejales en la Sociedad Espa\u00f1ola. Acto muy esperado para ver el reparto de cargos y, especialmente, la distribuci\u00f3n de presidencias de comisiones.<\/strong><\/p>\n\n\n\n<figure class=\"wp-block-image size-full\"><img data-recalc-dims=\"1\" loading=\"lazy\" decoding=\"async\" width=\"800\" height=\"445\" src=\"https:\/\/i0.wp.com\/cdnoticias.com\/wp-content\/uploads\/2023\/10\/HCD-votacion-00.jpg?resize=800%2C445&#038;ssl=1\" alt=\"\" class=\"wp-image-98932\" srcset=\"https:\/\/i0.wp.com\/cdnoticias.com\/wp-content\/uploads\/2023\/10\/HCD-votacion-00.jpg?w=1000&amp;ssl=1 1000w, https:\/\/i0.wp.com\/cdnoticias.com\/wp-content\/uploads\/2023\/10\/HCD-votacion-00.jpg?resize=300%2C167&amp;ssl=1 300w, https:\/\/i0.wp.com\/cdnoticias.com\/wp-content\/uploads\/2023\/10\/HCD-votacion-00.jpg?resize=768%2C427&amp;ssl=1 768w, https:\/\/i0.wp.com\/cdnoticias.com\/wp-content\/uploads\/2023\/10\/HCD-votacion-00.jpg?resize=800%2C445&amp;ssl=1 800w\" sizes=\"auto, (max-width: 800px) 100vw, 800px\" \/><\/figure>\n\n\n\n<p>Vamos al martes. <strong>A las 18, en la Casa del Bicentenario se va a constituir el Concejo Deliberante para la asunci\u00f3n de Maximiliano Wesner como intendente y la jura de los secretarios.<\/strong><\/p>\n\n\n\n<p>Tambi\u00e9n el martes, pero sin horario ni lugar por el momento, van a asumir los consejeros escolares. En este caso, ya se confirm\u00f3 que Ariel Rodr\u00edguez (Uni\u00f3n por la Patria) ser\u00e1 el pr\u00f3ximo presidente.<\/p>\n\n\n\n<p class=\"has-medium-font-size\"><strong>Lo que de verdad queremos saber<\/strong><\/p>\n\n\n\n<figure class=\"wp-block-image size-full\"><img data-recalc-dims=\"1\" loading=\"lazy\" decoding=\"async\" width=\"800\" height=\"533\" src=\"https:\/\/i0.wp.com\/cdnoticias.com\/wp-content\/uploads\/2023\/12\/delpiani.jpg?resize=800%2C533&#038;ssl=1\" alt=\"\" class=\"wp-image-103835\" srcset=\"https:\/\/i0.wp.com\/cdnoticias.com\/wp-content\/uploads\/2023\/12\/delpiani.jpg?w=1024&amp;ssl=1 1024w, https:\/\/i0.wp.com\/cdnoticias.com\/wp-content\/uploads\/2023\/12\/delpiani.jpg?resize=300%2C200&amp;ssl=1 300w, https:\/\/i0.wp.com\/cdnoticias.com\/wp-content\/uploads\/2023\/12\/delpiani.jpg?resize=768%2C512&amp;ssl=1 768w, https:\/\/i0.wp.com\/cdnoticias.com\/wp-content\/uploads\/2023\/12\/delpiani.jpg?resize=272%2C182&amp;ssl=1 272w\" sizes=\"auto, (max-width: 800px) 100vw, 800px\" \/><\/figure>\n\n\n\n<p>Hace dos d\u00edas se inform\u00f3 oficialmente que <strong>Mercedes Land\u00edvar va a ser la titular de la Jefatura de Gabinete.<\/strong><\/p>\n\n\n\n<p>Lo cont\u00f3 Maximiliano Wesner. \u201cMercedes ha dado vastas muestras de capacidad y conocimiento, tanto por su trayectoria en el Concejo Deliberante, representando a los vecinos y vecinas, escuchando y articulando con todos los sectores, como por su trayectoria pol\u00edtica y militante\u201d la present\u00f3.<\/p>\n\n\n\n<p>Para ese momento, ya hab\u00eda jurado como diputada provincial pero se esperaba el anuncio: su lugar en el Municipio era el rumor m\u00e1s repetido. Land\u00edvar va a solicitar licencia en su banca y asumir\u00e1 en su lugar la azule\u00f1a Laura Aloisi, que sigue en la lista de suplentes de Uni\u00f3n por la Patria.<\/p>\n\n\n\n<figure class=\"wp-block-image size-large\"><img data-recalc-dims=\"1\" loading=\"lazy\" decoding=\"async\" width=\"800\" height=\"533\" src=\"https:\/\/i0.wp.com\/cdnoticias.com\/wp-content\/uploads\/2023\/12\/landivar-diputada.jpeg?resize=800%2C533&#038;ssl=1\" alt=\"\" class=\"wp-image-103587\" srcset=\"https:\/\/i0.wp.com\/cdnoticias.com\/wp-content\/uploads\/2023\/12\/landivar-diputada.jpeg?resize=1024%2C682&amp;ssl=1 1024w, https:\/\/i0.wp.com\/cdnoticias.com\/wp-content\/uploads\/2023\/12\/landivar-diputada.jpeg?resize=300%2C200&amp;ssl=1 300w, https:\/\/i0.wp.com\/cdnoticias.com\/wp-content\/uploads\/2023\/12\/landivar-diputada.jpeg?resize=768%2C512&amp;ssl=1 768w, https:\/\/i0.wp.com\/cdnoticias.com\/wp-content\/uploads\/2023\/12\/landivar-diputada.jpeg?resize=272%2C182&amp;ssl=1 272w, https:\/\/i0.wp.com\/cdnoticias.com\/wp-content\/uploads\/2023\/12\/landivar-diputada.jpeg?w=1280&amp;ssl=1 1280w\" sizes=\"auto, (max-width: 800px) 100vw, 800px\" \/><\/figure>\n\n\n\n<p>La movida es importante y llamativa: implica para Olavarr\u00eda ceder una banca en \u00e1mbitos de discusi\u00f3n directa con la Gobernaci\u00f3n. De todos modos, merece un an\u00e1lisis m\u00e1s profundo.<\/p>\n\n\n\n<p><strong>M\u00e1s all\u00e1 de la decisi\u00f3n fuerte, la designaci\u00f3n de Land\u00edvar es la m\u00e1s razonable para un gabinete como el que dise\u00f1\u00f3 Wesner<\/strong>: una de las jefas de campa\u00f1a del ahora intendente electo, alguien que estuvo al frente de grupos de trabajo no s\u00f3lo en el \u00faltimo tiempo sino desde hace muchos a\u00f1os, una concejal que encabez\u00f3 el interbloque del espacio e incluso se puso al frente de varias gestiones y posturas fuertes de Uni\u00f3n por la Patria (otrora Frente de Todos) y una dirigente firme y con capacidad de liderazgo.<\/p>\n\n\n\n<p>Incluso, <strong>el regreso de la nomenclatura \u201cJefatura de Gabinete\u201d implica otro peso, al menos desde lo simb\u00f3lico. Pero tambi\u00e9n desde los hechos: la modificaci\u00f3n del organigrama hizo que dicha cartera absorbiera varias \u00e1reas claves de la comuna<\/strong>, algo que le suma peso de gesti\u00f3n a quien encabece el \u00e1rea. Y en ese punto llega Land\u00edvar.<\/p>\n\n\n\n<p>Volviendo al tema. <strong>Faltan dos d\u00edas para la asunci\u00f3n y todav\u00eda no se confirmaron m\u00e1s funcionarios del gabinete de Wesner. \u00bfQui\u00e9nes van a ser?<\/strong><\/p>\n\n\n\n<p>Los que hasta ahora ya conocemos, sin confirmar oficialmente como ya dijimos, son los restantes secretarios:<strong> en Desarrollo de la Comunidad, Cristian Delpiani, acompa\u00f1ado por Mar\u00eda Jos\u00e9 Maidana en una subsecretar\u00eda; sigue la actual en la Secretar\u00eda de Econom\u00eda y Hacienda, Eugenia Bezzoni acompa\u00f1ada por Ubaldo Garc\u00eda; y en la Secretar\u00eda de Obras P\u00fablicas, Infraestructura y Servicios P\u00fablicos estar\u00e1 Orfel Fari\u00f1a, con Carlos B\u00e9ttiga como subsecretario.<\/strong><\/p>\n\n\n\n<p>A ellos se suma el medianamente confirmado en <strong>Desarrollo Econ\u00f3mico y Productivo, Gast\u00f3n Sarachu, quien pidi\u00f3 licencia en la banca del Concejo.<\/strong><\/p>\n\n\n\n<figure class=\"wp-block-image size-full\"><img data-recalc-dims=\"1\" loading=\"lazy\" decoding=\"async\" width=\"800\" height=\"445\" src=\"https:\/\/i0.wp.com\/cdnoticias.com\/wp-content\/uploads\/2023\/05\/HCD-comision-de-hacienda-bezzoni-gallastegui.jpg?resize=800%2C445&#038;ssl=1\" alt=\"\" class=\"wp-image-85005\" srcset=\"https:\/\/i0.wp.com\/cdnoticias.com\/wp-content\/uploads\/2023\/05\/HCD-comision-de-hacienda-bezzoni-gallastegui.jpg?w=891&amp;ssl=1 891w, https:\/\/i0.wp.com\/cdnoticias.com\/wp-content\/uploads\/2023\/05\/HCD-comision-de-hacienda-bezzoni-gallastegui.jpg?resize=300%2C167&amp;ssl=1 300w, https:\/\/i0.wp.com\/cdnoticias.com\/wp-content\/uploads\/2023\/05\/HCD-comision-de-hacienda-bezzoni-gallastegui.jpg?resize=768%2C428&amp;ssl=1 768w, https:\/\/i0.wp.com\/cdnoticias.com\/wp-content\/uploads\/2023\/05\/HCD-comision-de-hacienda-bezzoni-gallastegui.jpg?resize=800%2C445&amp;ssl=1 800w\" sizes=\"auto, (max-width: 800px) 100vw, 800px\" \/><\/figure>\n\n\n\n<p>El \u00e1rea de salud, con el Consejo Administrativo, es una gran inc\u00f3gnita hasta ahora. Recordemos que ser\u00e1n cuatro subsecretar\u00edas: de Direcci\u00f3n M\u00e9dica, de Atenci\u00f3n Primaria de la Salud, de Administraci\u00f3n y de Recursos Humanos y Planificaci\u00f3n. Algunos nombres -de m\u00e9dicos- circularon hasta hace pocos d\u00edas y despu\u00e9s se \u201cdesdijeron\u201d.<strong> Por el momento, est\u00e1 tambi\u00e9n medianamente confirmada Natalia \u00c1lvarez, quien &#8211; al igual que Sarachu- pidi\u00f3 licencia en el Concejo. Y el segundo nombre que aparece es Ram\u00f3n Tiseira, actual segundo del sindicato CECO. Otro de los mencionados en esta cartera es el doctor Gustavo Rago, quien tendr\u00eda todo listo para asumir el martes.<\/strong><\/p>\n\n\n\n<p>En el \u00e1rea de Legales -y tras despedirse de la jefatura de PAMI Olavarr\u00eda en la semana- <strong>asumir\u00e1 Jorge Garaiz.<\/strong> Para la <strong>Subsecretar\u00eda de Protecci\u00f3n Ciudadana se confirm\u00f3 a El\u00edas Quintas<\/strong>, el Jefe de Cuerpo en la Escuela de Polic\u00eda Juan Vucetich de nuestra ciudad. <strong>En la Subsecretar\u00eda de Comunicaci\u00f3n: Luc\u00eda Palacios.<\/strong><\/p>\n\n\n\n<p>Para resumir: entre los funcionarios que van a acompa\u00f1ar a Wesner en la gesti\u00f3n veremos <strong>una combinaci\u00f3n de personas que son parte del c\u00edrculo de confianza del pr\u00f3ximo intendente y que han sido militantes de Uni\u00f3n por la Patria, profesionales destacados en sus rubros y personas que ya han sido funcionarias (algunas son empleadas municipales) de la gesti\u00f3n de Jos\u00e9 Eseverri.<\/strong><\/p>\n\n\n\n<p>El caso m\u00e1s llamativo (en caso de confirmarse) <strong>es el de Eugenia Bezzoni, quien fue secretaria de la gesti\u00f3n de Ezequiel Galli y seguir\u00eda al frente del \u00e1rea. <\/strong>Lo que resalta de la situaci\u00f3n es que, justamente, la gesti\u00f3n econ\u00f3mica y financiera del ya ex intendente fue muy cuestionada por Wesner durante la campa\u00f1a, <strong>pero esas cr\u00edticas parece se personalizaron exclusivamente en Galli. Por lo bajo, vale destacar que propios y ajenos valoraron a Bezzoni como una \u201cgran funcionaria t\u00e9cnica para el \u00e1rea\u201d. <\/strong>Incluso, \u201cdeber\u00eda sobrepasar cualquier ideolog\u00eda de quien gestione el Municipio y que sea Secretaria de Hacienda vitalicia\u201d indicaron a este newsletter en su momento.<\/p>\n\n\n\n<p><em>\u201cHabla bien de ellos como funcionarios. Vienen haciendo las cosas bien como para continuar en un Ejecutivo\u201d <\/em>defini\u00f3 Ezequiel Galli la potencial continuidad de algunos de los funcionarios de su gesti\u00f3n con Wesner.<\/p>\n\n\n\n<p>Volviendo al tema. \u00bfHay m\u00e1s nombres para los cargos? Claro que hay m\u00e1s, pero esa parte no nos toc\u00f3 a nosotros: si buscan en los medios locales, van a encontrar m\u00e1s confirmaciones. Lo que s\u00ed podemos contarte, mientras tanto, es\u2026<\/p>\n\n\n\n<p class=\"has-medium-font-size\"><strong>El nuevo Concejo y las negociaciones<\/strong><\/p>\n\n\n\n<figure class=\"wp-block-image size-full\"><img data-recalc-dims=\"1\" loading=\"lazy\" decoding=\"async\" width=\"800\" height=\"450\" src=\"https:\/\/i0.wp.com\/cdnoticias.com\/wp-content\/uploads\/2023\/12\/cazola-romero-quiroga-hcd-01.jpg?resize=800%2C450&#038;ssl=1\" alt=\"\" class=\"wp-image-103636\" srcset=\"https:\/\/i0.wp.com\/cdnoticias.com\/wp-content\/uploads\/2023\/12\/cazola-romero-quiroga-hcd-01.jpg?w=800&amp;ssl=1 800w, https:\/\/i0.wp.com\/cdnoticias.com\/wp-content\/uploads\/2023\/12\/cazola-romero-quiroga-hcd-01.jpg?resize=300%2C169&amp;ssl=1 300w, https:\/\/i0.wp.com\/cdnoticias.com\/wp-content\/uploads\/2023\/12\/cazola-romero-quiroga-hcd-01.jpg?resize=768%2C432&amp;ssl=1 768w\" sizes=\"auto, (max-width: 800px) 100vw, 800px\" \/><\/figure>\n\n\n\n<p>Durante la semana asumieron los tres concejales suplentes que reemplazar\u00e1n a Wesner (que renunci\u00f3 para asumir como Intendente), a Natalia \u00c1lvarez y Gast\u00f3n Sarachu.<strong> Se trata de Agust\u00edn Romero, Hosanna Cazola y Hern\u00e1n Quiroga.<\/strong><\/p>\n\n\n\n<p>Los tres se mantendr\u00e1n en el bloque de Uni\u00f3n por la Patria, que por la salida de Sarachu ser\u00e1 un bloque unificado de ocho integrantes. Es decir, por el momento debemos decirle adi\u00f3s a Foro Olavarr\u00eda en el \u00e1mbito deliberativo.<\/p>\n\n\n\n<p>\u00bfC\u00f3mo quedar\u00e1 conformado? <strong>Es curioso pero pr\u00e1cticamente el 100% del bloque ser\u00e1 nuevo: Federico Aguilera, Liliana Schwindt, Guillermo Santell\u00e1n y Bel\u00e9n Abraham jurar\u00e1n este lunes a las 19:00 horas<\/strong>. Solo Telma Cazot seguir\u00e1 como \u201ctitular\u201d de la banca que obtuvo en las legislativas de 2021.<\/p>\n\n\n\n<figure class=\"wp-block-image size-full\"><img data-recalc-dims=\"1\" loading=\"lazy\" decoding=\"async\" width=\"800\" height=\"445\" src=\"https:\/\/i0.wp.com\/cdnoticias.com\/wp-content\/uploads\/2023\/01\/federico-aguilera.jpg?resize=800%2C445&#038;ssl=1\" alt=\"\" class=\"wp-image-74776\" srcset=\"https:\/\/i0.wp.com\/cdnoticias.com\/wp-content\/uploads\/2023\/01\/federico-aguilera.jpg?w=800&amp;ssl=1 800w, https:\/\/i0.wp.com\/cdnoticias.com\/wp-content\/uploads\/2023\/01\/federico-aguilera.jpg?resize=300%2C167&amp;ssl=1 300w, https:\/\/i0.wp.com\/cdnoticias.com\/wp-content\/uploads\/2023\/01\/federico-aguilera.jpg?resize=768%2C427&amp;ssl=1 768w\" sizes=\"auto, (max-width: 800px) 100vw, 800px\" \/><\/figure>\n\n\n\n<p>Otro peque\u00f1o asterisco: <strong>Liliana Schwindt presidir\u00e1 la sesi\u00f3n preparatoria que tomar\u00e1 jura de los nuevos concejales y en la elecci\u00f3n de nuevas autoridades. Y por ahora, ser\u00e1 su \u00faltima sesi\u00f3n<\/strong>: tendr\u00e1 que reemplazar a Eduardo \u201cBali\u201d Bucca en el senado de la Provincia (con una movida muy extra\u00f1a que incluye una licencia del dirigente en la legislatura para asumir como concejal y ser, eventualmente, el reemplazo del intendente de Bol\u00edvar Marcos Pisano en caso de que se tome una licencia tambi\u00e9n) al menos por dos meses. El reemplazo de Schwindt ser\u00e1 Patricia Pereyra.<\/p>\n\n\n\n<figure class=\"wp-block-image size-full\"><img data-recalc-dims=\"1\" loading=\"lazy\" decoding=\"async\" width=\"800\" height=\"445\" src=\"https:\/\/i0.wp.com\/cdnoticias.com\/wp-content\/uploads\/2022\/04\/Kicillof-control-de-precios-Liliana-Schwindt.jpg?resize=800%2C445&#038;ssl=1\" alt=\"\" class=\"wp-image-51665\" srcset=\"https:\/\/i0.wp.com\/cdnoticias.com\/wp-content\/uploads\/2022\/04\/Kicillof-control-de-precios-Liliana-Schwindt.jpg?w=800&amp;ssl=1 800w, https:\/\/i0.wp.com\/cdnoticias.com\/wp-content\/uploads\/2022\/04\/Kicillof-control-de-precios-Liliana-Schwindt.jpg?resize=300%2C167&amp;ssl=1 300w, https:\/\/i0.wp.com\/cdnoticias.com\/wp-content\/uploads\/2022\/04\/Kicillof-control-de-precios-Liliana-Schwindt.jpg?resize=768%2C427&amp;ssl=1 768w\" sizes=\"auto, (max-width: 800px) 100vw, 800px\" \/><\/figure>\n\n\n\n<p>Recordemos que habr\u00e1 profundos cambios en el resto de los bloques tambi\u00e9n: <strong>el ala Pro de Juntos por el Cambio tendr\u00e1 a Hilario Galli, Guillermina Amespil que fueron electos este a\u00f1o, y se sumar\u00e1n a Mar\u00eda Jos\u00e9 Gonzalez y Bruno Cenizo<\/strong> que vuelven a sus cargos legislativos luego de un paso por el Ejecutivo. Contamos adem\u00e1s a <strong>Carlos Coscia<\/strong>, que viene como \u201ctitular\u201d de las legislativas 2021.<\/p>\n\n\n\n<p>Ac\u00e1 debemos hacer un par\u00e9ntesis: \u00bfJuntos por el Cambio tendr\u00e1 otros dos bloques aparte? Por un lado, Miriam Mosescu, representante de Encuentro Republicano Federal (con referencia en Miguel \u00c1ngel Pichetto en lo nacional y Mario Cura en lo local) no logr\u00f3 acercarse al armado Pro y podr\u00eda tener repercusi\u00f3n en Olavarr\u00eda.<\/p>\n\n\n\n<figure class=\"wp-block-image size-large\"><img data-recalc-dims=\"1\" loading=\"lazy\" decoding=\"async\" width=\"800\" height=\"445\" src=\"https:\/\/i0.wp.com\/cdnoticias.com\/wp-content\/uploads\/2023\/07\/hilario-galli1.jpg?resize=800%2C445&#038;ssl=1\" alt=\"\" class=\"wp-image-89491\" srcset=\"https:\/\/i0.wp.com\/cdnoticias.com\/wp-content\/uploads\/2023\/07\/hilario-galli1.jpg?resize=1024%2C570&amp;ssl=1 1024w, https:\/\/i0.wp.com\/cdnoticias.com\/wp-content\/uploads\/2023\/07\/hilario-galli1.jpg?resize=300%2C167&amp;ssl=1 300w, https:\/\/i0.wp.com\/cdnoticias.com\/wp-content\/uploads\/2023\/07\/hilario-galli1.jpg?resize=768%2C428&amp;ssl=1 768w, https:\/\/i0.wp.com\/cdnoticias.com\/wp-content\/uploads\/2023\/07\/hilario-galli1.jpg?resize=800%2C445&amp;ssl=1 800w, https:\/\/i0.wp.com\/cdnoticias.com\/wp-content\/uploads\/2023\/07\/hilario-galli1.jpg?w=1029&amp;ssl=1 1029w\" sizes=\"auto, (max-width: 800px) 100vw, 800px\" \/><\/figure>\n\n\n\n<p>Por el otro, el radicalismo, que perdi\u00f3 a Bel\u00e9n Vergel (incluso antes del 10 de diciembre, con el regreso anticipado de Mar\u00eda Jos\u00e9 Gonz\u00e1lez), mantuvo a Sebasti\u00e1n Matrella y sum\u00f3 en esta elecci\u00f3n a Francisco Gonz\u00e1lez tambi\u00e9n podr\u00eda sostener un bloque aparte como ya lo tuvo en los \u00faltimos dos a\u00f1os.<\/p>\n\n\n\n<p>Finalmente, La Libertad Avanza pasar\u00e1 de unibloque a bloque de cuatro concejales: a Celeste Arouxet se le sumar\u00e1n Guillermo Lascano, Adela Casamayor y Marcelo Petehs, por ahora sin fisuras y en una situaci\u00f3n completamente distinta a lo que sucedi\u00f3 en la legislatura bonaerense y tambi\u00e9n en el Congreso de la Naci\u00f3n.<\/p>\n\n\n\n<figure class=\"wp-block-image size-full\"><img data-recalc-dims=\"1\" loading=\"lazy\" decoding=\"async\" width=\"800\" height=\"445\" src=\"https:\/\/i0.wp.com\/cdnoticias.com\/wp-content\/uploads\/2023\/10\/celeste-arouxet-05.jpg?resize=800%2C445&#038;ssl=1\" alt=\"\" class=\"wp-image-99412\" srcset=\"https:\/\/i0.wp.com\/cdnoticias.com\/wp-content\/uploads\/2023\/10\/celeste-arouxet-05.jpg?w=800&amp;ssl=1 800w, https:\/\/i0.wp.com\/cdnoticias.com\/wp-content\/uploads\/2023\/10\/celeste-arouxet-05.jpg?resize=300%2C167&amp;ssl=1 300w, https:\/\/i0.wp.com\/cdnoticias.com\/wp-content\/uploads\/2023\/10\/celeste-arouxet-05.jpg?resize=768%2C427&amp;ssl=1 768w\" sizes=\"auto, (max-width: 800px) 100vw, 800px\" \/><\/figure>\n\n\n\n<p class=\"has-medium-font-size\"><strong>Las negociaciones y el nuevo presidente<\/strong><\/p>\n\n\n\n<figure class=\"wp-block-image size-large\"><img data-recalc-dims=\"1\" loading=\"lazy\" decoding=\"async\" width=\"800\" height=\"463\" src=\"https:\/\/i0.wp.com\/cdnoticias.com\/wp-content\/uploads\/2021\/06\/Guillermo-Santellan-Cierre-Domingo.jpeg?resize=800%2C463&#038;ssl=1\" alt=\"\" class=\"wp-image-23374\" srcset=\"https:\/\/i0.wp.com\/cdnoticias.com\/wp-content\/uploads\/2021\/06\/Guillermo-Santellan-Cierre-Domingo.jpeg?resize=1024%2C593&amp;ssl=1 1024w, https:\/\/i0.wp.com\/cdnoticias.com\/wp-content\/uploads\/2021\/06\/Guillermo-Santellan-Cierre-Domingo.jpeg?resize=300%2C174&amp;ssl=1 300w, https:\/\/i0.wp.com\/cdnoticias.com\/wp-content\/uploads\/2021\/06\/Guillermo-Santellan-Cierre-Domingo.jpeg?resize=768%2C445&amp;ssl=1 768w, https:\/\/i0.wp.com\/cdnoticias.com\/wp-content\/uploads\/2021\/06\/Guillermo-Santellan-Cierre-Domingo.jpeg?w=1033&amp;ssl=1 1033w\" sizes=\"auto, (max-width: 800px) 100vw, 800px\" \/><\/figure>\n\n\n\n<p>En este punto, y salvo algo que realmente est\u00e9 cerrado bajo siete llaves, est\u00e1 pr\u00e1cticamente definido: el intendente Galli anticip\u00f3 que la presidencia corresponde al frente ganador de las elecciones y desde Uni\u00f3n por la Patria solo quedaba decidir el nombre.<\/p>\n\n\n\n<p><strong>Ese nombre es el de Guillermo Santell\u00e1n. <\/strong>Fue concejal, integr\u00f3 el PJ, tambi\u00e9n el CECO y fue precandidato a Intendente en 2015, siempre desde el peronismo. Desde 2017 que, poco a poco, comenz\u00f3 a construir una relaci\u00f3n muy cercana con los dirigentes del Frente de Todos que deriv\u00f3, incluso, en la designaci\u00f3n como Director de Poblaci\u00f3n de la Provincia, cargo que ejerci\u00f3 hasta estas horas que asumir\u00e1 como concejal.<\/p>\n\n\n\n<p>Con un peso fuerte de la dirigencia y con la experiencia que gener\u00f3 en el \u00e1mbito deliberativo, apostar\u00e1n a encabezar un cuerpo renovado con mucho por dar y en a\u00f1os venideros complejos. Veremos el resultado.<\/p>\n\n\n\n<p>Como secretario, seg\u00fan logr\u00f3 saber este newsletter teniendo en cuenta los movimientos de transici\u00f3n y reacomodamientos <strong>se propondr\u00e1 a Mariano Ferro, otro ex concejal que viene del peronismo, y que incluso ya ocup\u00f3 el cargo de secretario durante la Presidencia del HCD de Franco Cominotto, en un acuerdo tras la victoria del radical en las legislativas de 2009.<\/strong><\/p>\n\n\n\n<p>Las vicepresidencias, al momento, no fueron detalladas.<\/p>\n\n\n\n<p>Las comisiones, por ahora, son un misterio<strong>. Se descuenta que si se sostiene el acuerdo entre Uni\u00f3n por la Patria y Juntos por el Cambio, se buscar\u00e1 un equilibrio entre Hacienda y Legislaci\u00f3n (que suelen ser para el oficialismo) y el resto de comisiones.<\/strong><\/p>\n\n\n\n<p>Ahora, \u00bfen qu\u00e9 lugar queda La Libertad Avanza en esta historia?<strong> Pareciera, que por ahora, en ninguno<\/strong>: Celeste Arouxet pas\u00f3 de pedir la Presidencia, a intentar negociar las comisiones\u2026a quedarse, quiz\u00e1s, con las menos relevantes o de peso.<\/p>\n\n\n\n<p><strong>Igual esta es la foto del domingo. Si hay algo que nos ha dado sorpresas es el Concejo Deliberante y su asunci\u00f3n de autoridades. Todo puede cambiar en una negociaci\u00f3n, en un movimiento en falso y todo lo que contamos puede ser borrado con el codo en apenas un segundo.<\/strong><\/p>\n\n\n\n<p>Una pregunta m\u00e1s, \u00bfqui\u00e9nes ser\u00e1n los presidentes de bloque? En principio, <strong>Federico Aguilera en Uni\u00f3n por la Patria<\/strong> (es, adem\u00e1s, el eventual reemplazo del Intendente Wesner en caso de licencia), <strong>Guillermina Amespil en Juntos por el Cambio, Sebasti\u00e1n Matrella en el bloque de la UCR<\/strong>, y por ahora restar\u00e1 saber qu\u00e9 pasa con<strong> Mosescu (en un eventual unibloque del curismo) y qui\u00e9n liderar\u00e1 La Libertad Avanza. Este \u00faltimo, por experiencia y referencia, deber\u00eda ser para Celeste Arouxet,<\/strong> quien continuar\u00eda en ese lugar (por ser unibloque, lo encabez\u00f3 en el periodo 2021-2023).<\/p>\n\n\n\n<p class=\"has-medium-font-size\"><strong>La despedida de Ezequiel Galli<\/strong><\/p>\n\n\n\n<figure class=\"wp-block-image size-large\"><img data-recalc-dims=\"1\" loading=\"lazy\" decoding=\"async\" width=\"800\" height=\"445\" src=\"https:\/\/i0.wp.com\/cdnoticias.com\/wp-content\/uploads\/2023\/12\/ezequiel-galli-despedida-09.jpg?resize=800%2C445&#038;ssl=1\" alt=\"\" class=\"wp-image-103659\" srcset=\"https:\/\/i0.wp.com\/cdnoticias.com\/wp-content\/uploads\/2023\/12\/ezequiel-galli-despedida-09.jpg?resize=1024%2C570&amp;ssl=1 1024w, https:\/\/i0.wp.com\/cdnoticias.com\/wp-content\/uploads\/2023\/12\/ezequiel-galli-despedida-09.jpg?resize=300%2C167&amp;ssl=1 300w, https:\/\/i0.wp.com\/cdnoticias.com\/wp-content\/uploads\/2023\/12\/ezequiel-galli-despedida-09.jpg?resize=768%2C428&amp;ssl=1 768w, https:\/\/i0.wp.com\/cdnoticias.com\/wp-content\/uploads\/2023\/12\/ezequiel-galli-despedida-09.jpg?resize=800%2C445&amp;ssl=1 800w, https:\/\/i0.wp.com\/cdnoticias.com\/wp-content\/uploads\/2023\/12\/ezequiel-galli-despedida-09.jpg?w=1200&amp;ssl=1 1200w\" sizes=\"auto, (max-width: 800px) 100vw, 800px\" \/><\/figure>\n\n\n\n<p>El jueves a la ma\u00f1ana el, hasta ese momento intendente municipal, llam\u00f3 a una conferencia para \u201cdar un \u00faltimo mensaje\u201d antes de finalizar su segundo mandato. <em>\u201cVoy a seguir estando en la calle, escuchando a cada vecino, poniendo la oreja, recorriendo instituciones, trabajando en siempre pensar lo mejor para Olavarr\u00eda y siempre pensando que Olavarr\u00eda tiene todav\u00eda mucho para crecer\u201d <\/em>dijo. Estuvo acompa\u00f1ado por tres de los secretarios de su gabinete: Guillermina Amespil de Desarrollo Humano, Germ\u00e1n Caputo de Salud y Julio Ferraro de Obras P\u00fablicas.<\/p>\n\n\n\n<p>Tras la derrota y su licencia post 22 de octubre, <strong>el camino del intendente saliente ha sido el de mostrar todo lo realizado en los \u00faltimos ocho a\u00f1os lejos de las razones que lo llevaron a la derrota. <\/strong>Por momentos, incluso, en una situaci\u00f3n lejana a la que algunos dirigentes -y futuros funcionarios- de Uni\u00f3n por la Patia plantearon con respecto a c\u00f3mo quedar\u00e1 la comuna en infraestructura y tambi\u00e9n en lo econ\u00f3mico.<\/p>\n\n\n\n<p>\u201cTransformaciones\u201d fue la palabra clave en el discurso de Galli y con eso present\u00f3 distintos aspectos de su gesti\u00f3n y las medidas que impuls\u00f3. Lo primero que expuso a modo de balance de su gesti\u00f3n fue \u201cla situaci\u00f3n financiera\u201d del Municipio: al 30 de noviembre el d\u00e9ficit es de 1.454 millones de pesos. Destac\u00f3 los gastos de capital por 3.401 millones de pesos \u201cque son bienes que quedan para Olavarr\u00eda, para los vecinos\u201d. Despu\u00e9s mencion\u00f3 las obras en escuelas, ampliaciones de servicio, caminos rurales, viviendas TUVI, renovaci\u00f3n del parque automotor, cambios en el transporte p\u00fablico, el programa GIRO, la ampliaci\u00f3n del Hospital y CAPS, construcci\u00f3n de NIDOS, medidas de seguridad y transparencia.<\/p>\n\n\n\n<p><strong>Una salvedad: si bien el d\u00e9ficit planteado es de 1.500 millones de pesos, no se contempl\u00f3 el pago de salarios de diciembre y el medio aguinaldo. Sumando eso, el d\u00e9ficit se acerca a los 3 mil millones (2.800 para ser m\u00e1s precisos).<\/strong> Es uno de los grandes desaf\u00edos que tendr\u00e1 Wesner al apenas asumir.<\/p>\n\n\n\n<figure class=\"wp-block-image size-large\"><img data-recalc-dims=\"1\" loading=\"lazy\" decoding=\"async\" width=\"800\" height=\"445\" src=\"https:\/\/i0.wp.com\/cdnoticias.com\/wp-content\/uploads\/2023\/12\/ezequiel-galli-despedida-06.jpg?resize=800%2C445&#038;ssl=1\" alt=\"\" class=\"wp-image-103658\" srcset=\"https:\/\/i0.wp.com\/cdnoticias.com\/wp-content\/uploads\/2023\/12\/ezequiel-galli-despedida-06.jpg?resize=1024%2C570&amp;ssl=1 1024w, https:\/\/i0.wp.com\/cdnoticias.com\/wp-content\/uploads\/2023\/12\/ezequiel-galli-despedida-06.jpg?resize=300%2C167&amp;ssl=1 300w, https:\/\/i0.wp.com\/cdnoticias.com\/wp-content\/uploads\/2023\/12\/ezequiel-galli-despedida-06.jpg?resize=768%2C428&amp;ssl=1 768w, https:\/\/i0.wp.com\/cdnoticias.com\/wp-content\/uploads\/2023\/12\/ezequiel-galli-despedida-06.jpg?resize=800%2C445&amp;ssl=1 800w, https:\/\/i0.wp.com\/cdnoticias.com\/wp-content\/uploads\/2023\/12\/ezequiel-galli-despedida-06.jpg?w=1200&amp;ssl=1 1200w\" sizes=\"auto, (max-width: 800px) 100vw, 800px\" \/><\/figure>\n\n\n\n<p><em><strong>&#8220;La autocr\u00edtica me la reservo para m\u00ed y mi equipo&#8221; <\/strong><\/em>respondi\u00f3 Galli. No quiso profundizar, aunque r\u00e1pido reconoci\u00f3 que &#8220;obviamente si los vecinos no nos eligieron fue porque cometimos errores, eso lo tenemos claro. As\u00ed que hay muchas autocr\u00edticas para hacer. Hemos cometido errores, pero siempre digo cada vez que cometimos un error lo asumimos y corregimos. Creo que eso es importante&#8221;.<\/p>\n\n\n\n<p>Como contamos hace dos semanas, <strong>Ezequiel Galli reconoci\u00f3 su intenci\u00f3n de seguir ligado a Diego Santilli en el PRO y mantener su rol de armador seccional para 2025.<\/strong><\/p>\n\n\n\n<p>Sobre la actualidad partidaria local, valor\u00f3 que en el Concejo &#8220;va a haber un bloque de cinco m\u00e1s uno del peronismo federal&#8221; -no mencion\u00f3 a la UCR- y destac\u00f3 la asunci\u00f3n de Mart\u00edn Endere como diputado provincial.<\/p>\n\n\n\n<p><strong>Para Galli prima la incertidumbre &#8220;hasta el lunes&#8221;. En ese marco, se pronunci\u00f3 -otra vez- a favor de la continuidad de Juntos por el Cambio<\/strong>, &#8220;desde mi lugar voy a trabajar para ello y para que sea una alternativa viable, para que los vecinos puedan puedan elegir una alternativa provincial. Y a nivel nacional hay que ver c\u00f3mo queda todo configurado&#8221;.<\/p>\n\n\n\n<p>Es que recordemos que ni bien termin\u00f3 la elecci\u00f3n general, dijo que consideraba que Mauricio Macri ya no era l\u00edder del PRO. <strong>Galli repiti\u00f3 que su intenci\u00f3n es &#8220;discutir liderazgos&#8221; y dijo que eso mismo le plante\u00f3 a Santilli.<\/strong> A la hora de analizar a Juntos por el Cambio desde ma\u00f1ana indic\u00f3: &#8220;hay que ver si hay un liderazgo claro o si hay varios liderazgos. Depende de lo que pase&#8221;.<\/p>\n\n\n\n<p>Una se\u00f1al de la actualidad de Juntos por el Cambio se evidenci\u00f3 en la Legislatura con la asunci\u00f3n de los diputados. El bloque se dividi\u00f3 en tres con un interbloque: UCR+Di\u00e1logo (9 miembros, entre ellos Alejandra Lorden, que responden a Maxi Abad), PRO (21 miembros) y Coalici\u00f3n C\u00edvica (3 miembros). Se form\u00f3 adem\u00e1s un espacio nuevo, por fuera de esas estructuras, compuesto por radicales y c\u00edvicos (5 miembros que responde a Facundo Manes).<\/p>\n\n\n\n<figure class=\"wp-block-image size-large\"><img data-recalc-dims=\"1\" loading=\"lazy\" decoding=\"async\" width=\"800\" height=\"533\" src=\"https:\/\/i0.wp.com\/cdnoticias.com\/wp-content\/uploads\/2023\/12\/endere-diputado.jpeg?resize=800%2C533&#038;ssl=1\" alt=\"\" class=\"wp-image-103585\" srcset=\"https:\/\/i0.wp.com\/cdnoticias.com\/wp-content\/uploads\/2023\/12\/endere-diputado.jpeg?resize=1024%2C682&amp;ssl=1 1024w, https:\/\/i0.wp.com\/cdnoticias.com\/wp-content\/uploads\/2023\/12\/endere-diputado.jpeg?resize=300%2C200&amp;ssl=1 300w, https:\/\/i0.wp.com\/cdnoticias.com\/wp-content\/uploads\/2023\/12\/endere-diputado.jpeg?resize=768%2C512&amp;ssl=1 768w, https:\/\/i0.wp.com\/cdnoticias.com\/wp-content\/uploads\/2023\/12\/endere-diputado.jpeg?resize=272%2C182&amp;ssl=1 272w, https:\/\/i0.wp.com\/cdnoticias.com\/wp-content\/uploads\/2023\/12\/endere-diputado.jpeg?w=1280&amp;ssl=1 1280w\" sizes=\"auto, (max-width: 800px) 100vw, 800px\" \/><\/figure>\n\n\n\n<p><strong>Mart\u00edn Endere se ubic\u00f3 en la bancada del PRO. A horas de haber recibido el diploma por parte de la Junta Electoral interpret\u00f3 sobre ese escenario: \u201ctenemos el desaf\u00edo de formar una oposici\u00f3n en la provincia de Buenos Aires, en una constituci\u00f3n de la Legislatura que, como est\u00e1 pasando en el Congreso Nacional, es m\u00e1s heterog\u00e9nea que lo que ven\u00eda siendo\u201d<\/strong>. Para el legislador, la situaci\u00f3n marca un requisito de \u201cmayor gimnasia del di\u00e1logo no solamente con la oposici\u00f3n sino tambi\u00e9n dentro del espacio Juntos\u201d.<\/p>\n\n\n\n<p class=\"has-medium-font-size\"><strong>Siempre, pero siempre, hay m\u00e1s<\/strong><\/p>\n\n\n\n<p>Casi casi, avenida Avellaneda. En la semana, el Intendente Galli anunci\u00f3 la liberaci\u00f3n al tr\u00e1nsito por avenida Avellaneda desde Eva Per\u00f3n (ex Circunvalaci\u00f3n) hasta ruta 51. Con algunos asteriscos: si bien se anunci\u00f3 la finalizaci\u00f3n de la obra, faltaron 800 metros para que la totalidad de la avenida est\u00e9 cubierta, adem\u00e1s de que se pudo observar en su tr\u00e1nsito algunas faltas en la bicisenda e incluso la demarcaci\u00f3n. \u201cEsperemos que la pr\u00f3xima gesti\u00f3n la pueda finalizar\u201d dijo el saliente jefe comunal Ezequiel Galli. En la conferencia del jueves inform\u00f3 que el Municipio no recibi\u00f3 los fondos del programa Municipios a la Obra correspondientes, \u201clo \u00fanico que recibimos fue el adelanto financiero\u201d.<\/p>\n\n\n\n<p>Sigue la medida de fuerza de los municipales. El Sindicato inici\u00f3 retenci\u00f3n de tareas por tiempo indeterminado en el predio de las pruebas de manejo para obtener la Licencia de Conducir. Explic\u00f3 la decisi\u00f3n en irregularidades como \u201cestado de abandono\u201d del predio con \u201cconos rotos, falta de vallado perimetral, falta de ropa y de identificaci\u00f3n para los trabajadores y trabajadoras que se desempe\u00f1an en el lugar\u201d. Respecto del planteo central del conflicto laboral, Galli fue consultado sobre la capacidad del Municipio de afrontar el pago de aguinaldos y sueldos: \u201cestamos trabajando en eso\u201d dijo para se\u00f1alar que es conocido el d\u00e9ficit. \u201cSeguramente haya una ayuda para los 135 municipios por parte de Provincia. En ese caso creo que van a estar garantizados\u201d expres\u00f3 para plantear \u201chay que ver c\u00f3mo arranca el gobierno de Milei\u201d.<\/p>\n\n\n\n<p>Vuelve la Federaci\u00f3n de Sociedades de Fomento. Con el acompa\u00f1amiento de 14 de las 19 instituciones habilitadas, Sandro Sal\u00edas (Barrio Trabajadores) y \u00c9lida \u201cPety\u201d Saizar (12 de Octubre) encabezar\u00e1n la renovada Federaci\u00f3n de Sociedades de Fomento. Con denuncias de \u201cacefal\u00eda\u201d y \u201cabandono\u201d, Sal\u00edas explic\u00f3 lo realizado hasta el momento y la expectativa por la asunci\u00f3n y gesti\u00f3n de Wesner. <a href=\"https:\/\/cdnoticias.com\/index.php\/2023\/12\/09\/nueva-gestion-en-la-federacion-de-sociedades-de-fomento-encontramos-mucho-abandono\/\">\u201cSi el Municipio no est\u00e1 del lado tuyo, y nosotros del lado del Municipio como Federaci\u00f3n, no pod\u00e9s trabajar. Terminamos encontrando todo como encontr\u00e9 yo ahora, tirado\u201d dijo. <\/a><\/p>\n\n\n\n<p>El nuevo gabinete de Axel. Tras rumores, versiones y hasta desmentidas, finalmente fue presentado oficialmente este s\u00e1bado. Algunas salidas rutilantes (como la de Sergio Berni en Seguridad), algunas llegadas de alto impacto (como la de Katopodis en Infraestructura y Obras P\u00fablicas) y el empoderamiento de Carlos Bianco -la estrella de este newsletter- que asumir\u00e1 como Ministro de Gobierno, en un enroque de cargos con Cristina \u00c1lvarez Rodr\u00edguez. <a href=\"https:\/\/infocielo.com\/politica-y-economia\/axel-kicillof-definio-su-gabinete-el-segundo-mandato-continuidad-y-sorpresa-areas-clave-n776940\">Todo, lo ves ac\u00e1. <\/a><\/p>\n\n\n\n<p><strong>Un extracto<\/strong><\/p>\n\n\n\n<p>Esta publicaci\u00f3n es parte de la edici\u00f3n de este domingo del newsletter Volver a las Fuentes que escriben Alexis Grierson y Josefina Bargas. <a href=\"https:\/\/mailchi.mp\/3cef10682e59\/la-hora-del-cambio\">La edici\u00f3n completa est\u00e1 disponible aqu\u00ed<\/a> y tiene un <a href=\"https:\/\/linktr.ee\/nhdp_valf\">sistema de suscripci\u00f3n econ\u00f3mica y aportes \u00fanicos al que se puede acceder aqu\u00ed.<\/a><\/p>\n","protected":false},"excerpt":{"rendered":"<p>Milei este domingo, Kicillof y el HCD el lunes, Wesner el martes. Las despedidas y las bienvenidas. El rol de<\/p>\n","protected":false},"author":2,"featured_media":101318,"comment_status":"closed","ping_status":"closed","sticky":false,"template":"","format":"standard","meta":{"_jetpack_memberships_contains_paid_content":false,"footnotes":""},"categories":[4,1],"tags":[],"class_list":["post-103939","post","type-post","status-publish","format-standard","has-post-thumbnail","hentry","category-politica","category-portada"],"jetpack_featured_media_url":"https:\/\/i0.wp.com\/cdnoticias.com\/wp-content\/uploads\/2023\/11\/kicillof-en-olavarria-00-wesner.jpg?fit=1000%2C556&ssl=1","jetpack_sharing_enabled":true,"_links":{"self":[{"href":"https:\/\/cdnoticias.com\/index.php\/wp-json\/wp\/v2\/posts\/103939","targetHints":{"allow":["GET"]}}],"collection":[{"href":"https:\/\/cdnoticias.com\/index.php\/wp-json\/wp\/v2\/posts"}],"about":[{"href":"https:\/\/cdnoticias.com\/index.php\/wp-json\/wp\/v2\/types\/post"}],"author":[{"embeddable":true,"href":"https:\/\/cdnoticias.com\/index.php\/wp-json\/wp\/v2\/users\/2"}],"replies":[{"embeddable":true,"href":"https:\/\/cdnoticias.com\/index.php\/wp-json\/wp\/v2\/comments?post=103939"}],"version-history":[{"count":0,"href":"https:\/\/cdnoticias.com\/index.php\/wp-json\/wp\/v2\/posts\/103939\/revisions"}],"wp:featuredmedia":[{"embeddable":true,"href":"https:\/\/cdnoticias.com\/index.php\/wp-json\/wp\/v2\/media\/101318"}],"wp:attachment":[{"href":"https:\/\/cdnoticias.com\/index.php\/wp-json\/wp\/v2\/media?parent=103939"}],"wp:term":[{"taxonomy":"category","embeddable":true,"href":"https:\/\/cdnoticias.com\/index.php\/wp-json\/wp\/v2\/categories?post=103939"},{"taxonomy":"post_tag","embeddable":true,"href":"https:\/\/cdnoticias.com\/index.php\/wp-json\/wp\/v2\/tags?post=103939"}],"curies":[{"name":"wp","href":"https:\/\/api.w.org\/{rel}","templated":true}]}}