{"id":1038,"date":"2020-09-08T10:14:04","date_gmt":"2020-09-08T13:14:04","guid":{"rendered":"http:\/\/www.centraldenoticias.com.ar\/?p=1038"},"modified":"2020-09-08T10:14:04","modified_gmt":"2020-09-08T13:14:04","slug":"asi-se-viste-una-medica-para-atender-pacientes-con-covid-19","status":"publish","type":"post","link":"https:\/\/cdnoticias.com\/index.php\/2020\/09\/08\/asi-se-viste-una-medica-para-atender-pacientes-con-covid-19\/","title":{"rendered":"As\u00ed se viste una m\u00e9dica para atender pacientes con COVID-19"},"content":{"rendered":"<p>Una kinesi\u00f3loga de nuestra ciudad mostr\u00f3 el proceso que m\u00e9dicos y profesionales de la salud deben realizar constantemente para atender a personas contagiadas por coronavirus. Se tarda entre 8 y 10 minutos cada vez. \u00a0<!--more--><\/p>\n<hr \/>\n<p>En d\u00edas dif\u00edciles para los profesionales de la salud, con picos de casos, internados y personas fallecidas por coronavirus no s\u00f3lo en Olavarr\u00eda, sino en todo el pa\u00eds, <strong>una m\u00e9dica local mostr\u00f3, en un video, el tiempo que lleva una m\u00e9dica en cambiarse para atender pacientes con COVID-19.<\/strong><\/p>\n<p>&nbsp;<\/p>\n<p>El programa \u201cFactor Humano\u201d que tiene <a href=\"https:\/\/www.youtube.com\/channel\/UCUblO1exJqOAfYJrVP64-Yw\">su canal de Youtube subi\u00f3<\/a> este video de 2 minutos que (en velocidad acelerada) <strong>muestra todo el proceso de cambio de vestimenta del personal de Salud para entrar a la sala de Terapia Intensiva a atender a pacientes internados.<\/strong><\/p>\n<p>&nbsp;<\/p>\n<p><iframe loading=\"lazy\" style=\"border: none; overflow: hidden;\" src=\"https:\/\/www.facebook.com\/plugins\/video.php?href=https%3A%2F%2Fwww.facebook.com%2FfactorhumanoTV%2Fvideos%2F734874377360920%2F&amp;show_text=0&amp;width=560\" width=\"560\" height=\"315\" frameborder=\"0\" scrolling=\"no\" allowfullscreen=\"allowfullscreen\"><\/iframe><\/p>\n<p>&nbsp;<\/p>\n<p>Con un dato: <strong>este cambio de vestimenta se debe hacer cada vez que se ingresa por cuestiones sanitarias, lo que muestra el enorme esfuerzo del personal para atender y cuidar a quienes se enferman.<\/strong><\/p>\n<p>&nbsp;<\/p>\n<p>La kinesi\u00f3loga que realiz\u00f3 el video para Factor Humano es Carolina Alaniz.<\/p>\n","protected":false},"excerpt":{"rendered":"<p>Una kinesi\u00f3loga de nuestra ciudad mostr\u00f3 el proceso que m\u00e9dicos y profesionales de la salud deben realizar constantemente para atender<\/p>\n","protected":false},"author":2,"featured_media":1039,"comment_status":"closed","ping_status":"closed","sticky":false,"template":"","format":"standard","meta":{"_jetpack_memberships_contains_paid_content":false,"footnotes":""},"categories":[5,1],"tags":[],"class_list":["post-1038","post","type-post","status-publish","format-standard","has-post-thumbnail","hentry","category-informacion-general","category-portada"],"jetpack_featured_media_url":"https:\/\/i0.wp.com\/cdnoticias.com\/wp-content\/uploads\/2020\/09\/CambioVestimentaCOVID.jpg?fit=778%2C422&ssl=1","jetpack_sharing_enabled":true,"_links":{"self":[{"href":"https:\/\/cdnoticias.com\/index.php\/wp-json\/wp\/v2\/posts\/1038","targetHints":{"allow":["GET"]}}],"collection":[{"href":"https:\/\/cdnoticias.com\/index.php\/wp-json\/wp\/v2\/posts"}],"about":[{"href":"https:\/\/cdnoticias.com\/index.php\/wp-json\/wp\/v2\/types\/post"}],"author":[{"embeddable":true,"href":"https:\/\/cdnoticias.com\/index.php\/wp-json\/wp\/v2\/users\/2"}],"replies":[{"embeddable":true,"href":"https:\/\/cdnoticias.com\/index.php\/wp-json\/wp\/v2\/comments?post=1038"}],"version-history":[{"count":0,"href":"https:\/\/cdnoticias.com\/index.php\/wp-json\/wp\/v2\/posts\/1038\/revisions"}],"wp:featuredmedia":[{"embeddable":true,"href":"https:\/\/cdnoticias.com\/index.php\/wp-json\/wp\/v2\/media\/1039"}],"wp:attachment":[{"href":"https:\/\/cdnoticias.com\/index.php\/wp-json\/wp\/v2\/media?parent=1038"}],"wp:term":[{"taxonomy":"category","embeddable":true,"href":"https:\/\/cdnoticias.com\/index.php\/wp-json\/wp\/v2\/categories?post=1038"},{"taxonomy":"post_tag","embeddable":true,"href":"https:\/\/cdnoticias.com\/index.php\/wp-json\/wp\/v2\/tags?post=1038"}],"curies":[{"name":"wp","href":"https:\/\/api.w.org\/{rel}","templated":true}]}}