{"id":103787,"date":"2023-12-09T16:55:14","date_gmt":"2023-12-09T19:55:14","guid":{"rendered":"https:\/\/cdnoticias.com\/?p=103787"},"modified":"2023-12-09T16:55:16","modified_gmt":"2023-12-09T19:55:16","slug":"sabado-de-largas-colas-y-mucha-demanda-en-supermercados","status":"publish","type":"post","link":"https:\/\/cdnoticias.com\/index.php\/2023\/12\/09\/sabado-de-largas-colas-y-mucha-demanda-en-supermercados\/","title":{"rendered":"S\u00e1bado de largas colas y mucha demanda en supermercados"},"content":{"rendered":"\n<p>Es por el temor a una devaluaci\u00f3n del d\u00f3lar el pr\u00f3ximo lunes, sumado al fin de programas de control de precios.<\/p>\n\n\n\n<hr class=\"wp-block-separator aligncenter has-alpha-channel-opacity\"\/>\n\n\n\n<p>La expectativa de una<strong> fuerte devaluaci\u00f3n del d\u00f3lar combinada con un ciclo en el que los precios ser\u00e1n libres y no habr\u00e1 programa con topes m\u00e1ximos produjo hoy una fuerte afluencia de p\u00fablico a hipermercados y grandes centros mayoristas<\/strong>, donde los argentinos tratan de abastecerse ante una \u201cposible estampida inflacionaria a partir del lunes\u201d.<\/p>\n\n\n\n<p>Una de las medidas con las que termin\u00f3 la semana,<strong> el aumento del 40% en los combustibles fue el preludio de las largas colas que se observaron desde la ma\u00f1ana en los centros de compra<\/strong>, donde la gente trat\u00f3 de proteger sus ingresos.<\/p>\n\n\n\n<p>Como en otras coyunturas econ\u00f3micas,<strong> la certeza de una devaluaci\u00f3n empuj\u00f3 a los consumidores que pudieron a deshacerse de sus pesos. <\/strong>Hace unos d\u00edas, el designado ministro del Interior, Guillermo Francos, habl\u00f3 de un d\u00f3lar oficial \u201crazonable\u201d de entre $600 y $650, aunque otras versiones lo ubican incluso un poco m\u00e1s arriba.<\/p>\n\n\n\n<p>Ese es un escenario de por s\u00ed inflacionario: <strong>todas las devaluaciones impactan en los precios, sobre todo en un pa\u00eds bimonetario como la Argentina. <\/strong>Adem\u00e1s, en las \u00faltimas horas <strong>las grandes cadenas de supermercados recibieron de las empresas formadoras de precios, sobre todo de alimentos, litas con hasta el 40% de aumentos para el lunes.<\/strong><\/p>\n\n\n\n<p><strong>Esa devaluaci\u00f3n y la liberaci\u00f3n de los precios forman parte del paquete de medidas que no necesitan pasar por el Congreso de la Naci\u00f3n <\/strong>y que ser\u00edan implementadas desde el inicio de la gesti\u00f3n de Luis Caputo en Econom\u00eda.<strong> A eso se suma una actualizaci\u00f3n de tarifas que estar\u00eda lista en marzo y podr\u00eda hasta triplicar su precio.<\/strong><\/p>\n\n\n\n<p>El combo anticipa una<strong> ca\u00edda relativa importante en el poder de compra de los salarios, que es percibida por una poblaci\u00f3n que busca al menos preservar algo de su poder de compra actual \u2013ya muy mermado por un inflaci\u00f3n alt\u00edsima-<\/strong> y por eso corre a los supermercados a hacer la \u00faltima gran compra antes de que todo el paquete entre en vigencia.<\/p>\n\n\n\n<p><em>Fuente: DIB<\/em><\/p>\n","protected":false},"excerpt":{"rendered":"<p>Es por el temor a una devaluaci\u00f3n del d\u00f3lar el pr\u00f3ximo lunes, sumado al fin de programas de control de<\/p>\n","protected":false},"author":2,"featured_media":103788,"comment_status":"closed","ping_status":"closed","sticky":false,"template":"","format":"standard","meta":{"_jetpack_memberships_contains_paid_content":false,"footnotes":""},"categories":[6,1],"tags":[],"class_list":["post-103787","post","type-post","status-publish","format-standard","has-post-thumbnail","hentry","category-nacionales","category-portada"],"jetpack_featured_media_url":"https:\/\/i0.wp.com\/cdnoticias.com\/wp-content\/uploads\/2023\/12\/cola-supermercados.jpg?fit=791%2C445&ssl=1","jetpack_sharing_enabled":true,"_links":{"self":[{"href":"https:\/\/cdnoticias.com\/index.php\/wp-json\/wp\/v2\/posts\/103787","targetHints":{"allow":["GET"]}}],"collection":[{"href":"https:\/\/cdnoticias.com\/index.php\/wp-json\/wp\/v2\/posts"}],"about":[{"href":"https:\/\/cdnoticias.com\/index.php\/wp-json\/wp\/v2\/types\/post"}],"author":[{"embeddable":true,"href":"https:\/\/cdnoticias.com\/index.php\/wp-json\/wp\/v2\/users\/2"}],"replies":[{"embeddable":true,"href":"https:\/\/cdnoticias.com\/index.php\/wp-json\/wp\/v2\/comments?post=103787"}],"version-history":[{"count":0,"href":"https:\/\/cdnoticias.com\/index.php\/wp-json\/wp\/v2\/posts\/103787\/revisions"}],"wp:featuredmedia":[{"embeddable":true,"href":"https:\/\/cdnoticias.com\/index.php\/wp-json\/wp\/v2\/media\/103788"}],"wp:attachment":[{"href":"https:\/\/cdnoticias.com\/index.php\/wp-json\/wp\/v2\/media?parent=103787"}],"wp:term":[{"taxonomy":"category","embeddable":true,"href":"https:\/\/cdnoticias.com\/index.php\/wp-json\/wp\/v2\/categories?post=103787"},{"taxonomy":"post_tag","embeddable":true,"href":"https:\/\/cdnoticias.com\/index.php\/wp-json\/wp\/v2\/tags?post=103787"}],"curies":[{"name":"wp","href":"https:\/\/api.w.org\/{rel}","templated":true}]}}